{"id":2110279,"date":"2026-08-24T18:56:16","date_gmt":"2026-08-24T15:56:16","guid":{"rendered":"https:\/\/analyse.optim.biz\/?p=2110279"},"modified":"2026-08-24T18:56:16","modified_gmt":"2026-08-24T15:56:16","slug":"duminica-23-august-zi-mare-la-scundu-mihai-bejan-cat-o-sa-fiu-aici-aceste-traditii-vor-continua-constantin-radulescu-raman-aproape-de-localitatea-dumneavoastra","status":"publish","type":"post","link":"https:\/\/analyse.optim.biz\/?p=2110279","title":{"rendered":"Duminic\u0103, 23 august, zi mare la Scundu. Mihai Bejan: \u201eC\u00e2t o s\u0103 fiu aici, aceste tradi\u021bii vor continua\u201d. Constantin R\u0103dulescu: \u201eR\u0103m\u00e2n aproape de localitatea dumneavoastr\u0103\u201d"},"content":{"rendered":"<p>[analyse_image type=&#8221;featured&#8221; src=&#8221;https:\/\/www.impactreal.ro\/wp-content\/uploads\/2026\/08\/scundu-01.jpg&#8221;]<\/p>\n<div class=\"single-news-content\">\n<div class=\"news-image\"><img loading=\"lazy\" decoding=\"async\" width=\"2040\" height=\"1148\" src=\"https:\/\/www.impactreal.ro\/wp-content\/uploads\/2026\/08\/scundu-01.jpg\" class=\"img-responsive wp-post-image\" alt=\"Duminic\u0103, 23 august, zi mare la Scundu. Mihai Bejan: \u201eC\u00e2t o s\u0103 fiu aici, aceste tradi\u021bii vor continua\u201d. Constantin R\u0103dulescu: \u201eR\u0103m\u00e2n aproape de localitatea dumneavoastr\u0103\u201d\"><\/div>\n<div class=\"news-detail clearfix\">\n<div class=\"entry-meta\"><span class=\"posted-date\"><a href=\"https:\/\/www.impactreal.ro\/2026\/08\/24\/duminica-23-august-zi-mare-la-scundu-mihai-bejan-cat-o-sa-fiu-aici-aceste-traditii-vor-continua-constantin-radulescu-raman-aproape-de-localitatea-dumneavoastra\/\" rel=\"bookmark\"><time class=\"entry-date published updated\" datetime=\"2026-08-24T21:56:16+03:00\">24 august 2026<\/time><\/a><\/span><span class=\"author vcard\"><a href=\"https:\/\/www.impactreal.ro\/author\/claudia-schiopu\/\">Claudia Schiopu<\/a><\/span><span class=\"cat-links\"><a href=\"https:\/\/www.impactreal.ro\/category\/actualitate\/\" rel=\"category tag\">Actual<\/a><a href=\"https:\/\/www.impactreal.ro\/category\/administratie\/\" rel=\"category tag\">Administra\u0163ie<\/a><a href=\"https:\/\/www.impactreal.ro\/category\/scundu\/\" rel=\"category tag\">Scundu<\/a><\/span><\/div>\n<div class=\"news-content editor-content-entry\">\n<p>Comuna Scundu a fost duminic\u0103, 23 august, loc de s\u0103rb\u0103toare pentru localnici \u0219i pentru cei veni\u021bi din localit\u0103\u021bile apropiate. Cea de-a patra edi\u021bie a evenimentului \u201eTradi\u021bii \u0219i obiceiuri str\u0103mo\u0219e\u0219ti\u201d s-a desf\u0103\u0219urat pe Stadionul Comunal, cu muzic\u0103, momente preg\u0103tite de copiii din localitate \u0219i distrac\u021bie pentru toate v\u00e2rstele. La eveniment a participat \u0219i pre\u0219edintele Consiliului Jude\u021bean V\u00e2lcea, Constantin R\u0103dulescu.<\/p>\n<p>Oamenii au \u00eenceput s\u0103 se adune pe stadion \u00eenainte de deschiderea programului, unde au fost amenajate terase \u0219i tarabe cu \u00eenghe\u021bat\u0103, halvi\u021b\u0103, turt\u0103 dulce, vat\u0103 pe b\u0103\u021b, mici \u0219i bere. Pentru copii au fost aduse tiribombe, iar cei mici din Scundu au urcat pe scen\u0103 cu momente preg\u0103tite pentru aceast\u0103 zi.<\/p>\n<p><strong><u>Mihai Bejan: \u201eAceste tradi\u021bii vor continua\u201d<\/u><\/strong><\/p>\n<p>Primarul comunei Scundu, Mihai Bejan, a vorbit despre cei patru ani \u00een care s\u0103rb\u0103toarea a fost organizat\u0103 \u0219i despre promisiunea f\u0103cut\u0103 copiilor \u0219i locuitorilor comunei. Emo\u021bionat, acesta le-a mul\u021bumit celor care au venit la eveniment \u0219i celor care sprijin\u0103 localitatea:<\/p>\n<p>\u201e<strong><em>\u021ain s\u0103 mul\u021bumesc bunului Dumnezeu c\u0103 suntem s\u0103n\u0103to\u0219i, am ajuns la a patra edi\u021bie. Am o promisiune f\u0103cut\u0103 fa\u021b\u0103 de ace\u0219ti copii minuna\u021bi ai localit\u0103\u021bii Scundu, fa\u021b\u0103 de cet\u0103\u021benii comunei Scundu \u0219i, c\u00e2t o s\u0103 fiu aici, aceste tradi\u021bii vor continua. Mul\u021bumesc omului f\u0103r\u0103 de care nu cred c\u0103 a\u0219 fi putut s\u0103 realizez acest eveniment. Dup\u0103 cum \u0219ti\u021bi, este o localitate mic\u0103, dar locuit\u0103 de cet\u0103\u021beni cu suflet mare. \u00cei mul\u021bumesc domnului pre\u0219edinte Constantin R\u0103dulescu pentru prezen\u021b\u0103 \u0219i pentru c\u0103 \u0219i-a f\u0103cut timp s\u0103 treac\u0103 pe la noi. Asta dovede\u0219te c\u00e2t \u00eei iube\u0219te pe locuitorii comunei Scundu \u0219i nu numai. \u00cencerc s\u0103-mi g\u0103sesc cuvintele, emo\u021biile sunt la locul lor. Dup\u0103 cum vede\u021bi, avem printre noi \u0219i invita\u021bi, care de fiecare dat\u0103 au fost prezen\u021bi. Dumneavoastr\u0103 \u00eei vede\u021bi la acest eveniment. Eu colaborez s\u0103pt\u0103m\u00e2nal cu d\u00e2n\u0219ii. Sunt prietenii no\u0219tri, sunt oamenii care ne sprijin\u0103 \u0219i le mul\u021bumesc pe aceast\u0103 cale<\/em><\/strong>\u201d, a transmis primarul Mihai Bejan.<\/p>\n<p><strong><u>Constantin R\u0103dulescu: \u201eAl\u0103turi de domnul primar am f\u0103cut \u0219i fac treab\u0103\u201d<\/u><\/strong><\/p>\n<p>Pre\u0219edintele Consiliului Jude\u021bean V\u00e2lcea, Constantin R\u0103dulescu, a venit la Scundu al\u0103turi de consilieri jude\u021beni, parlamentari \u0219i vicepre\u0219edintele Consiliului Jude\u021bean. Acesta a vorbit despre colaborarea cu administra\u021bia local\u0103 \u0219i despre proiectele pentru \u0219coal\u0103, drumuri \u0219i s\u0103n\u0103tate:<\/p>\n<p>\u201e<strong><em>Am venit al\u0103turi de colegii mei, consilieri jude\u021beni, de doamna senator, de colegul meu, vicepre\u0219edintele Consiliului Jude\u021bean, de oameni al\u0103turi de care pot s\u0103 spun c\u0103 m\u0103 \u021bin de cuv\u00e2nt \u0219i r\u0103m\u00e2n cu bun\u0103-credin\u021b\u0103. Acum, la o astfel de ocazie, putem s\u0103 vorbim despre ce facem pentru \u0219coal\u0103, pentru drumuri, pentru s\u0103n\u0103tate, despre multele lucruri bune pe care le face domnul primar, l\u00e2ng\u0103 care o s\u0103 revin \u0219i c\u0103ruia \u00eei mul\u021bumesc, pentru c\u0103, dac\u0103 n-ai primar cu care s\u0103 te \u00een\u021belegi, e greu s\u0103 faci treab\u0103. Eu, al\u0103turi de domnul primar, am f\u0103cut \u0219i fac treab\u0103. V\u0103 rog s\u0103-l sprijini\u021bi \u00een continuare, pentru c\u0103, p\u00e2n\u0103 la urm\u0103, cu to\u021bii trebuie s\u0103 facem ce am jurat c\u00e2nd ne-a\u021bi ales. O dat\u0103, s\u0103 v\u0103 mul\u021bumim \u0219i, doi, cu bun\u0103-credin\u021b\u0103, s\u0103 lucr\u0103m pentru binele locuitorilor jude\u021bului V\u00e2lcea. Pe colegii mei poate \u00eei cunoa\u0219te\u021bi mai pu\u021bin, sunt consilieri jude\u021beni. De asemenea, s\u0103 \u0219ti\u021bi c\u0103 \u00een munca mea m\u0103 ajut\u0103 \u0219i parlamentarii. Doi dintre ei nu sunt aici, este doamna senator. Tuturor, \u00een ziua de ast\u0103zi, nu pot s\u0103 v\u0103 spun dec\u00e2t \u00abLa mul\u021bi ani!\u00bb. V\u0103 doresc s\u0103n\u0103tate \u0219i spor \u00een toate, \u021binem aproape \u0219i r\u0103m\u00e2n aproape de localitatea dumneavoastr\u0103<\/em><\/strong>\u201d, a transmis Constantin R\u0103dulescu.<\/p>\n<p><strong><u>Muzic\u0103 \u0219i distrac\u021bie pe stadion<\/u><\/strong><\/p>\n<p>Programul artistic a continuat cu Ilie Dur\u0103, al\u0103turi de Forma\u021bia Gala\u021bi, iar scena le-a apar\u021binut \u0219i copiilor din Scundu. Muzica, jocul \u0219i preparatele preg\u0103tite pentru aceast\u0103 zi au \u021binut oamenii pe Stadionul Comunal p\u00e2n\u0103 seara t\u00e2rziu.<\/p>\n<div class=\"wp-video\"><video class=\"wp-video-shortcode\" id=\"video-58408-1\" width=\"640\" height=\"361\" preload=\"metadata\" controls=\"controls\"><source type=\"video\/mp4\" src=\"https:\/\/www.impactreal.ro\/wp-content\/uploads\/2026\/08\/inreg-scundu-00-WhatsApp-Video-2026-08-24-at-21.21.15.mp4?_=1\" \/><\/video><\/div>\n<p><img loading=\"lazy\" decoding=\"async\" class=\"alignnone size-medium wp-image-58411\" src=\"https:\/\/www.impactreal.ro\/wp-content\/uploads\/2026\/08\/scundu-04-300x225.jpg\" alt width=\"300\" height=\"225\"><img loading=\"lazy\" decoding=\"async\" class=\"alignnone size-medium wp-image-58412\" src=\"https:\/\/www.impactreal.ro\/wp-content\/uploads\/2026\/08\/scundu-09-9d272f68-caf4-4905-8828-031cc88eac1e-300x225.jpg\" alt width=\"300\" height=\"225\"><img decoding=\"async\" loading=\"lazy\" class=\"alignnone size-medium wp-image-58413\" src=\"https:\/\/www.impactreal.ro\/wp-content\/uploads\/2026\/08\/scundu-022-300x225.jpg\" alt width=\"300\" height=\"225\"><img decoding=\"async\" loading=\"lazy\" class=\"alignnone size-medium wp-image-58414\" src=\"https:\/\/www.impactreal.ro\/wp-content\/uploads\/2026\/08\/scundu-888-ok-300x225.jpg\" alt width=\"300\" height=\"225\"><img decoding=\"async\" loading=\"lazy\" class=\"alignnone size-medium wp-image-58415\" src=\"https:\/\/www.impactreal.ro\/wp-content\/uploads\/2026\/08\/3a2a4a3e-6fb3-4881-ba8f-86ca26c672a5-300x169.jpg\" alt width=\"300\" height=\"169\"><img decoding=\"async\" loading=\"lazy\" class=\"alignnone size-medium wp-image-58416\" src=\"https:\/\/www.impactreal.ro\/wp-content\/uploads\/2026\/08\/db33ecbb-d0de-4f50-85d4-7cc77c1db7fd-225x300.jpg\" alt width=\"225\" height=\"300\"><\/p>\n<\/div>\n<\/div>\n<\/div>\n<div class=\"news-content editor-content-entry\">\n<p>Comuna Scundu a fost duminic\u0103, 23 august, loc de s\u0103rb\u0103toare pentru localnici \u0219i pentru cei veni\u021bi din localit\u0103\u021bile apropiate. Cea de-a patra edi\u021bie a evenimentului \u201eTradi\u021bii \u0219i obiceiuri str\u0103mo\u0219e\u0219ti\u201d s-a desf\u0103\u0219urat pe Stadionul Comunal, cu muzic\u0103, momente preg\u0103tite de copiii din localitate \u0219i distrac\u021bie pentru toate v\u00e2rstele. La eveniment a participat \u0219i pre\u0219edintele Consiliului Jude\u021bean V\u00e2lcea, Constantin R\u0103dulescu.<\/p>\n<p>Oamenii au \u00eenceput s\u0103 se adune pe stadion \u00eenainte de deschiderea programului, unde au fost amenajate terase \u0219i tarabe cu \u00eenghe\u021bat\u0103, halvi\u021b\u0103, turt\u0103 dulce, vat\u0103 pe b\u0103\u021b, mici \u0219i bere. Pentru copii au fost aduse tiribombe, iar cei mici din Scundu au urcat pe scen\u0103 cu momente preg\u0103tite pentru aceast\u0103 zi.<\/p>\n<p><strong><u>Mihai Bejan: \u201eAceste tradi\u021bii vor continua\u201d<\/u><\/strong><\/p>\n<p>Primarul comunei Scundu, Mihai Bejan, a vorbit despre cei patru ani \u00een care s\u0103rb\u0103toarea a fost organizat\u0103 \u0219i despre promisiunea f\u0103cut\u0103 copiilor \u0219i locuitorilor comunei. Emo\u021bionat, acesta le-a mul\u021bumit celor care au venit la eveniment \u0219i celor care sprijin\u0103 localitatea:<\/p>\n<p>\u201e<strong><em>\u021ain s\u0103 mul\u021bumesc bunului Dumnezeu c\u0103 suntem s\u0103n\u0103to\u0219i, am ajuns la a patra edi\u021bie. Am o promisiune f\u0103cut\u0103 fa\u021b\u0103 de ace\u0219ti copii minuna\u021bi ai localit\u0103\u021bii Scundu, fa\u021b\u0103 de cet\u0103\u021benii comunei Scundu \u0219i, c\u00e2t o s\u0103 fiu aici, aceste tradi\u021bii vor continua. Mul\u021bumesc omului f\u0103r\u0103 de care nu cred c\u0103 a\u0219 fi putut s\u0103 realizez acest eveniment. Dup\u0103 cum \u0219ti\u021bi, este o localitate mic\u0103, dar locuit\u0103 de cet\u0103\u021beni cu suflet mare. \u00cei mul\u021bumesc domnului pre\u0219edinte Constantin R\u0103dulescu pentru prezen\u021b\u0103 \u0219i pentru c\u0103 \u0219i-a f\u0103cut timp s\u0103 treac\u0103 pe la noi. Asta dovede\u0219te c\u00e2t \u00eei iube\u0219te pe locuitorii comunei Scundu \u0219i nu numai. \u00cencerc s\u0103-mi g\u0103sesc cuvintele, emo\u021biile sunt la locul lor. Dup\u0103 cum vede\u021bi, avem printre noi \u0219i invita\u021bi, care de fiecare dat\u0103 au fost prezen\u021bi. Dumneavoastr\u0103 \u00eei vede\u021bi la acest eveniment. Eu colaborez s\u0103pt\u0103m\u00e2nal cu d\u00e2n\u0219ii. Sunt prietenii no\u0219tri, sunt oamenii care ne sprijin\u0103 \u0219i le mul\u021bumesc pe aceast\u0103 cale<\/em><\/strong>\u201d, a transmis primarul Mihai Bejan.<\/p>\n<p><strong><u>Constantin R\u0103dulescu: \u201eAl\u0103turi de domnul primar am f\u0103cut \u0219i fac treab\u0103\u201d<\/u><\/strong><\/p>\n<p>Pre\u0219edintele Consiliului Jude\u021bean V\u00e2lcea, Constantin R\u0103dulescu, a venit la Scundu al\u0103turi de consilieri jude\u021beni, parlamentari \u0219i vicepre\u0219edintele Consiliului Jude\u021bean. Acesta a vorbit despre colaborarea cu administra\u021bia local\u0103 \u0219i despre proiectele pentru \u0219coal\u0103, drumuri \u0219i s\u0103n\u0103tate:<\/p>\n<p>\u201e<strong><em>Am venit al\u0103turi de colegii mei, consilieri jude\u021beni, de doamna senator, de colegul meu, vicepre\u0219edintele Consiliului Jude\u021bean, de oameni al\u0103turi de care pot s\u0103 spun c\u0103 m\u0103 \u021bin de cuv\u00e2nt \u0219i r\u0103m\u00e2n cu bun\u0103-credin\u021b\u0103. Acum, la o astfel de ocazie, putem s\u0103 vorbim despre ce facem pentru \u0219coal\u0103, pentru drumuri, pentru s\u0103n\u0103tate, despre multele lucruri bune pe care le face domnul primar, l\u00e2ng\u0103 care o s\u0103 revin \u0219i c\u0103ruia \u00eei mul\u021bumesc, pentru c\u0103, dac\u0103 n-ai primar cu care s\u0103 te \u00een\u021belegi, e greu s\u0103 faci treab\u0103. Eu, al\u0103turi de domnul primar, am f\u0103cut \u0219i fac treab\u0103. V\u0103 rog s\u0103-l sprijini\u021bi \u00een continuare, pentru c\u0103, p\u00e2n\u0103 la urm\u0103, cu to\u021bii trebuie s\u0103 facem ce am jurat c\u00e2nd ne-a\u021bi ales. O dat\u0103, s\u0103 v\u0103 mul\u021bumim \u0219i, doi, cu bun\u0103-credin\u021b\u0103, s\u0103 lucr\u0103m pentru binele locuitorilor jude\u021bului V\u00e2lcea. Pe colegii mei poate \u00eei cunoa\u0219te\u021bi mai pu\u021bin, sunt consilieri jude\u021beni. De asemenea, s\u0103 \u0219ti\u021bi c\u0103 \u00een munca mea m\u0103 ajut\u0103 \u0219i parlamentarii. Doi dintre ei nu sunt aici, este doamna senator. Tuturor, \u00een ziua de ast\u0103zi, nu pot s\u0103 v\u0103 spun dec\u00e2t \u00abLa mul\u021bi ani!\u00bb. V\u0103 doresc s\u0103n\u0103tate \u0219i spor \u00een toate, \u021binem aproape \u0219i r\u0103m\u00e2n aproape de localitatea dumneavoastr\u0103<\/em><\/strong>\u201d, a transmis Constantin R\u0103dulescu.<\/p>\n<p><strong><u>Muzic\u0103 \u0219i distrac\u021bie pe stadion<\/u><\/strong><\/p>\n<p>Programul artistic a continuat cu Ilie Dur\u0103, al\u0103turi de Forma\u021bia Gala\u021bi, iar scena le-a apar\u021binut \u0219i copiilor din Scundu. Muzica, jocul \u0219i preparatele preg\u0103tite pentru aceast\u0103 zi au \u021binut oamenii pe Stadionul Comunal p\u00e2n\u0103 seara t\u00e2rziu.<\/p>\n<div class=\"wp-video\"><video class=\"wp-video-shortcode\" id=\"video-58408-1\" width=\"640\" height=\"361\" preload=\"metadata\" controls=\"controls\"><source type=\"video\/mp4\" src=\"https:\/\/www.impactreal.ro\/wp-content\/uploads\/2026\/08\/inreg-scundu-00-WhatsApp-Video-2026-08-24-at-21.21.15.mp4?_=1\" \/><\/video><\/div>\n<p><img loading=\"lazy\" decoding=\"async\" class=\"alignnone size-medium wp-image-58411\" src=\"https:\/\/www.impactreal.ro\/wp-content\/uploads\/2026\/08\/scundu-04-300x225.jpg\" alt width=\"300\" height=\"225\"><img loading=\"lazy\" decoding=\"async\" class=\"alignnone size-medium wp-image-58412\" src=\"https:\/\/www.impactreal.ro\/wp-content\/uploads\/2026\/08\/scundu-09-9d272f68-caf4-4905-8828-031cc88eac1e-300x225.jpg\" alt width=\"300\" height=\"225\"><img decoding=\"async\" loading=\"lazy\" class=\"alignnone size-medium wp-image-58413\" src=\"https:\/\/www.impactreal.ro\/wp-content\/uploads\/2026\/08\/scundu-022-300x225.jpg\" alt width=\"300\" height=\"225\"><img decoding=\"async\" loading=\"lazy\" class=\"alignnone size-medium wp-image-58414\" src=\"https:\/\/www.impactreal.ro\/wp-content\/uploads\/2026\/08\/scundu-888-ok-300x225.jpg\" alt width=\"300\" height=\"225\"><img decoding=\"async\" loading=\"lazy\" class=\"alignnone size-medium wp-image-58415\" src=\"https:\/\/www.impactreal.ro\/wp-content\/uploads\/2026\/08\/3a2a4a3e-6fb3-4881-ba8f-86ca26c672a5-300x169.jpg\" alt width=\"300\" height=\"169\"><img decoding=\"async\" loading=\"lazy\" class=\"alignnone size-medium wp-image-58416\" src=\"https:\/\/www.impactreal.ro\/wp-content\/uploads\/2026\/08\/db33ecbb-d0de-4f50-85d4-7cc77c1db7fd-225x300.jpg\" alt width=\"225\" height=\"300\"><\/p>\n<\/div>\n<div class=\"news-content editor-content-entry\">\n<p>Comuna Scundu a fost duminic\u0103, 23 august, loc de s\u0103rb\u0103toare pentru localnici \u0219i pentru cei veni\u021bi din localit\u0103\u021bile apropiate. Cea de-a patra edi\u021bie a evenimentului \u201eTradi\u021bii \u0219i obiceiuri str\u0103mo\u0219e\u0219ti\u201d s-a desf\u0103\u0219urat pe Stadionul Comunal, cu muzic\u0103, momente preg\u0103tite de copiii din localitate \u0219i distrac\u021bie pentru toate v\u00e2rstele. La eveniment a participat \u0219i pre\u0219edintele Consiliului Jude\u021bean V\u00e2lcea, Constantin R\u0103dulescu.<\/p>\n<p>Oamenii au \u00eenceput s\u0103 se adune pe stadion \u00eenainte de deschiderea programului, unde au fost amenajate terase \u0219i tarabe cu \u00eenghe\u021bat\u0103, halvi\u021b\u0103, turt\u0103 dulce, vat\u0103 pe b\u0103\u021b, mici \u0219i bere. Pentru copii au fost aduse tiribombe, iar cei mici din Scundu au urcat pe scen\u0103 cu momente preg\u0103tite pentru aceast\u0103 zi.<\/p>\n<p><strong><u>Mihai Bejan: \u201eAceste tradi\u021bii vor continua\u201d<\/u><\/strong><\/p>\n<p>Primarul comunei Scundu, Mihai Bejan, a vorbit despre cei patru ani \u00een care s\u0103rb\u0103toarea a fost organizat\u0103 \u0219i despre promisiunea f\u0103cut\u0103 copiilor \u0219i locuitorilor comunei. Emo\u021bionat, acesta le-a mul\u021bumit celor care au venit la eveniment \u0219i celor care sprijin\u0103 localitatea:<\/p>\n<p>\u201e<strong><em>\u021ain s\u0103 mul\u021bumesc bunului Dumnezeu c\u0103 suntem s\u0103n\u0103to\u0219i, am ajuns la a patra edi\u021bie. Am o promisiune f\u0103cut\u0103 fa\u021b\u0103 de ace\u0219ti copii minuna\u021bi ai localit\u0103\u021bii Scundu, fa\u021b\u0103 de cet\u0103\u021benii comunei Scundu \u0219i, c\u00e2t o s\u0103 fiu aici, aceste tradi\u021bii vor continua. Mul\u021bumesc omului f\u0103r\u0103 de care nu cred c\u0103 a\u0219 fi putut s\u0103 realizez acest eveniment. Dup\u0103 cum \u0219ti\u021bi, este o localitate mic\u0103, dar locuit\u0103 de cet\u0103\u021beni cu suflet mare. \u00cei mul\u021bumesc domnului pre\u0219edinte Constantin R\u0103dulescu pentru prezen\u021b\u0103 \u0219i pentru c\u0103 \u0219i-a f\u0103cut timp s\u0103 treac\u0103 pe la noi. Asta dovede\u0219te c\u00e2t \u00eei iube\u0219te pe locuitorii comunei Scundu \u0219i nu numai. \u00cencerc s\u0103-mi g\u0103sesc cuvintele, emo\u021biile sunt la locul lor. Dup\u0103 cum vede\u021bi, avem printre noi \u0219i invita\u021bi, care de fiecare dat\u0103 au fost prezen\u021bi. Dumneavoastr\u0103 \u00eei vede\u021bi la acest eveniment. Eu colaborez s\u0103pt\u0103m\u00e2nal cu d\u00e2n\u0219ii. Sunt prietenii no\u0219tri, sunt oamenii care ne sprijin\u0103 \u0219i le mul\u021bumesc pe aceast\u0103 cale<\/em><\/strong>\u201d, a transmis primarul Mihai Bejan.<\/p>\n<p><strong><u>Constantin R\u0103dulescu: \u201eAl\u0103turi de domnul primar am f\u0103cut \u0219i fac treab\u0103\u201d<\/u><\/strong><\/p>\n<p>Pre\u0219edintele Consiliului Jude\u021bean V\u00e2lcea, Constantin R\u0103dulescu, a venit la Scundu al\u0103turi de consilieri jude\u021beni, parlamentari \u0219i vicepre\u0219edintele Consiliului Jude\u021bean. Acesta a vorbit despre colaborarea cu administra\u021bia local\u0103 \u0219i despre proiectele pentru \u0219coal\u0103, drumuri \u0219i s\u0103n\u0103tate:<\/p>\n<p>\u201e<strong><em>Am venit al\u0103turi de colegii mei, consilieri jude\u021beni, de doamna senator, de colegul meu, vicepre\u0219edintele Consiliului Jude\u021bean, de oameni al\u0103turi de care pot s\u0103 spun c\u0103 m\u0103 \u021bin de cuv\u00e2nt \u0219i r\u0103m\u00e2n cu bun\u0103-credin\u021b\u0103. Acum, la o astfel de ocazie, putem s\u0103 vorbim despre ce facem pentru \u0219coal\u0103, pentru drumuri, pentru s\u0103n\u0103tate, despre multele lucruri bune pe care le face domnul primar, l\u00e2ng\u0103 care o s\u0103 revin \u0219i c\u0103ruia \u00eei mul\u021bumesc, pentru c\u0103, dac\u0103 n-ai primar cu care s\u0103 te \u00een\u021belegi, e greu s\u0103 faci treab\u0103. Eu, al\u0103turi de domnul primar, am f\u0103cut \u0219i fac treab\u0103. V\u0103 rog s\u0103-l sprijini\u021bi \u00een continuare, pentru c\u0103, p\u00e2n\u0103 la urm\u0103, cu to\u021bii trebuie s\u0103 facem ce am jurat c\u00e2nd ne-a\u021bi ales. O dat\u0103, s\u0103 v\u0103 mul\u021bumim \u0219i, doi, cu bun\u0103-credin\u021b\u0103, s\u0103 lucr\u0103m pentru binele locuitorilor jude\u021bului V\u00e2lcea. Pe colegii mei poate \u00eei cunoa\u0219te\u021bi mai pu\u021bin, sunt consilieri jude\u021beni. De asemenea, s\u0103 \u0219ti\u021bi c\u0103 \u00een munca mea m\u0103 ajut\u0103 \u0219i parlamentarii. Doi dintre ei nu sunt aici, este doamna senator. Tuturor, \u00een ziua de ast\u0103zi, nu pot s\u0103 v\u0103 spun dec\u00e2t \u00abLa mul\u021bi ani!\u00bb. V\u0103 doresc s\u0103n\u0103tate \u0219i spor \u00een toate, \u021binem aproape \u0219i r\u0103m\u00e2n aproape de localitatea dumneavoastr\u0103<\/em><\/strong>\u201d, a transmis Constantin R\u0103dulescu.<\/p>\n<p><strong><u>Muzic\u0103 \u0219i distrac\u021bie pe stadion<\/u><\/strong><\/p>\n<p>Programul artistic a continuat cu Ilie Dur\u0103, al\u0103turi de Forma\u021bia Gala\u021bi, iar scena le-a apar\u021binut \u0219i copiilor din Scundu. Muzica, jocul \u0219i preparatele preg\u0103tite pentru aceast\u0103 zi au \u021binut oamenii pe Stadionul Comunal p\u00e2n\u0103 seara t\u00e2rziu.<\/p>\n<div class=\"wp-video\"><video class=\"wp-video-shortcode\" id=\"video-58408-1\" width=\"640\" height=\"361\" preload=\"metadata\" controls=\"controls\"><source type=\"video\/mp4\" src=\"https:\/\/www.impactreal.ro\/wp-content\/uploads\/2026\/08\/inreg-scundu-00-WhatsApp-Video-2026-08-24-at-21.21.15.mp4?_=1\" \/><\/video><\/div>\n<p><img loading=\"lazy\" decoding=\"async\" class=\"alignnone size-medium wp-image-58411\" src=\"https:\/\/www.impactreal.ro\/wp-content\/uploads\/2026\/08\/scundu-04-300x225.jpg\" alt width=\"300\" height=\"225\"><img loading=\"lazy\" decoding=\"async\" class=\"alignnone size-medium wp-image-58412\" src=\"https:\/\/www.impactreal.ro\/wp-content\/uploads\/2026\/08\/scundu-09-9d272f68-caf4-4905-8828-031cc88eac1e-300x225.jpg\" alt width=\"300\" height=\"225\"><img decoding=\"async\" loading=\"lazy\" class=\"alignnone size-medium wp-image-58413\" src=\"https:\/\/www.impactreal.ro\/wp-content\/uploads\/2026\/08\/scundu-022-300x225.jpg\" alt width=\"300\" height=\"225\"><img decoding=\"async\" loading=\"lazy\" class=\"alignnone size-medium wp-image-58414\" src=\"https:\/\/www.impactreal.ro\/wp-content\/uploads\/2026\/08\/scundu-888-ok-300x225.jpg\" alt width=\"300\" height=\"225\"><img decoding=\"async\" loading=\"lazy\" class=\"alignnone size-medium wp-image-58415\" src=\"https:\/\/www.impactreal.ro\/wp-content\/uploads\/2026\/08\/3a2a4a3e-6fb3-4881-ba8f-86ca26c672a5-300x169.jpg\" alt width=\"300\" height=\"169\"><img decoding=\"async\" loading=\"lazy\" class=\"alignnone size-medium wp-image-58416\" src=\"https:\/\/www.impactreal.ro\/wp-content\/uploads\/2026\/08\/db33ecbb-d0de-4f50-85d4-7cc77c1db7fd-225x300.jpg\" alt width=\"225\" height=\"300\"><\/p>\n<\/div>\n<p>[analyse_source url=&#8221;https:\/\/www.impactreal.ro\/2026\/08\/24\/duminica-23-august-zi-mare-la-scundu-mihai-bejan-cat-o-sa-fiu-aici-aceste-traditii-vor-continua-constantin-radulescu-raman-aproape-de-localitatea-dumneavoastra\/&#8221;]<\/p>\n","protected":false},"excerpt":{"rendered":"<p>[analyse_image type=&#8221;featured&#8221; src=&#8221;https:\/\/www.impactreal.ro\/wp-content\/uploads\/2026\/08\/scundu-01.jpg&#8221;] 24 august 2026Claudia SchiopuActualAdministra\u0163ieScundu Comuna Scundu a fost duminic\u0103, 23 august, loc de s\u0103rb\u0103toare pentru localnici \u0219i pentru cei veni\u021bi din localit\u0103\u021bile apropiate. Cea de-a patra edi\u021bie a evenimentului \u201eTradi\u021bii \u0219i obiceiuri str\u0103mo\u0219e\u0219ti\u201d s-a desf\u0103\u0219urat pe Stadionul Comunal, cu muzic\u0103, momente preg\u0103tite de copiii din localitate \u0219i distrac\u021bie pentru toate v\u00e2rstele. La [&hellip;]<\/p>\n","protected":false},"author":1,"featured_media":0,"comment_status":"open","ping_status":"","sticky":false,"template":"","format":"standard","meta":{"footnotes":""},"categories":[89],"tags":[226,212],"class_list":["post-2110279","post","type-post","status-publish","format-standard","hentry","category-romania","tag-crawlmanager","tag-impactreal-ro"],"_links":{"self":[{"href":"https:\/\/analyse.optim.biz\/index.php?rest_route=\/wp\/v2\/posts\/2110279","targetHints":{"allow":["GET"]}}],"collection":[{"href":"https:\/\/analyse.optim.biz\/index.php?rest_route=\/wp\/v2\/posts"}],"about":[{"href":"https:\/\/analyse.optim.biz\/index.php?rest_route=\/wp\/v2\/types\/post"}],"author":[{"embeddable":true,"href":"https:\/\/analyse.optim.biz\/index.php?rest_route=\/wp\/v2\/users\/1"}],"replies":[{"embeddable":true,"href":"https:\/\/analyse.optim.biz\/index.php?rest_route=%2Fwp%2Fv2%2Fcomments&post=2110279"}],"version-history":[{"count":0,"href":"https:\/\/analyse.optim.biz\/index.php?rest_route=\/wp\/v2\/posts\/2110279\/revisions"}],"wp:attachment":[{"href":"https:\/\/analyse.optim.biz\/index.php?rest_route=%2Fwp%2Fv2%2Fmedia&parent=2110279"}],"wp:term":[{"taxonomy":"category","embeddable":true,"href":"https:\/\/analyse.optim.biz\/index.php?rest_route=%2Fwp%2Fv2%2Fcategories&post=2110279"},{"taxonomy":"post_tag","embeddable":true,"href":"https:\/\/analyse.optim.biz\/index.php?rest_route=%2Fwp%2Fv2%2Ftags&post=2110279"}],"curies":[{"name":"wp","href":"https:\/\/api.w.org\/{rel}","templated":true}]}}