{"id":2110278,"date":"2026-08-23T06:06:21","date_gmt":"2026-08-23T03:06:21","guid":{"rendered":"https:\/\/analyse.optim.biz\/?p=2110278"},"modified":"2026-08-23T06:06:21","modified_gmt":"2026-08-23T03:06:21","slug":"tot-oltul-canta-la-calimanesti-sapte-judete-si-au-adus-portul-jocul-si-cantecul-la-festivalul-ajuns-la-editia-a-58-a","status":"publish","type":"post","link":"https:\/\/analyse.optim.biz\/?p=2110278","title":{"rendered":"Tot Oltul c\u00e2nt\u0103 la C\u0103lim\u0103ne\u0219ti. \u0218apte jude\u021be \u0219i-au adus portul, jocul \u0219i c\u00e2ntecul la festivalul ajuns la edi\u021bia a 58-a"},"content":{"rendered":"<p>[analyse_image type=&#8221;featured&#8221; src=&#8221;https:\/\/www.impactreal.ro\/wp-content\/uploads\/2026\/08\/calimanesti-000101.jpg&#8221;]<\/p>\n<div class=\"single-news-content\">\n<div class=\"news-image\"><img loading=\"lazy\" decoding=\"async\" width=\"2040\" height=\"1148\" src=\"https:\/\/www.impactreal.ro\/wp-content\/uploads\/2026\/08\/calimanesti-000101.jpg\" class=\"img-responsive wp-post-image\" alt=\"Tot Oltul c\u00e2nt\u0103 la C\u0103lim\u0103ne\u0219ti. \u0218apte jude\u021be \u0219i-au adus portul, jocul \u0219i c\u00e2ntecul la festivalul ajuns la edi\u021bia a 58-a\"><\/div>\n<div class=\"news-detail clearfix\">\n<div class=\"entry-meta\"><span class=\"posted-date\"><a href=\"https:\/\/www.impactreal.ro\/2026\/08\/23\/tot-oltul-canta-la-calimanesti-sapte-judete-si-au-adus-portul-jocul-si-cantecul-la-festivalul-ajuns-la-editia-a-58-a\/\" rel=\"bookmark\"><time class=\"entry-date published\" datetime=\"2026-08-23T09:06:21+03:00\">23 august 2026<\/time><time class=\"updated\" datetime=\"2026-08-23T09:07:36+03:00\">23 august 2026<\/time><\/a><\/span><span class=\"author vcard\"><a href=\"https:\/\/www.impactreal.ro\/author\/claudia-schiopu\/\">Claudia Schiopu<\/a><\/span><span class=\"cat-links\"><a href=\"https:\/\/www.impactreal.ro\/category\/administratie\/\" rel=\"category tag\">Administra\u0163ie<\/a><a href=\"https:\/\/www.impactreal.ro\/category\/calimanesti\/\" rel=\"category tag\">Calimanesti<\/a><\/span><\/div>\n<div class=\"news-content editor-content-entry\">\n<p><em>C\u0103lim\u0103ne\u0219tiul este, p\u00e2n\u0103 \u00een aceast\u0103 sear\u0103, locul de \u00eent\u00e2lnire al c\u00e2ntecelor \u0219i jocurilor aduse din \u0219apte jude\u021be. Festivalul Na\u021bional de Folclor \u201eC\u00e2ntecele Oltului\u201d continu\u0103 ast\u0103zi, duminic\u0103, 23 august, cu stabilirea c\u00e2\u0219tig\u0103torilor, premierea, spectacolul de gal\u0103 \u0219i concertul sus\u021binut de Aurora \u0219i S\u0103ndel Mihai<\/em>.<\/p>\n<p><em>Timp de trei zile, forma\u021bii din Harghita, Covasna, Bra\u0219ov, Sibiu, Olt, Teleorman \u0219i V\u00e2lcea au adus la C\u0103lim\u0103ne\u0219ti costumele, c\u00e2ntecele \u0219i jocurile p\u0103strate \u00een zonele lor. Festivalul a \u00eenceput vineri, a continuat s\u00e2mb\u0103t\u0103 cu parada portului popular, deschiderea oficial\u0103 \u0219i concursul ansamblurilor, iar ast\u0103zi ajunge la gala laurea\u021bilor.<\/em><\/p>\n<p><em>Edi\u021bia din acest an le ofer\u0103 celor veni\u021bi la C\u0103lim\u0103ne\u0219ti o poveste spus\u0103 prin muzic\u0103, dans \u0219i costume populare. Fiecare jude\u021b prezint\u0103 ceea ce are specific, de la cus\u0103turile \u0219i culorile portului p\u00e2n\u0103 la felul \u00een care sunt c\u00e2ntate doinele \u0219i jucate dansurile locale.<\/em><\/p>\n<p><strong><u>Parada portului popular<\/u><\/strong><\/p>\n<p>S\u00e2mb\u0103t\u0103, 22 august, membrii ansamblurilor au pornit din fa\u021ba Prim\u0103riei spre Parcul Central C\u0103lim\u0103ne\u0219ti, \u00een acordurile Fanfarei Jude\u021bene \u201eConstantin Br\u00e2ncoveanu\u201d. Localnicii \u0219i turi\u0219tii i-au urm\u0103rit de pe marginea traseului, av\u00e2nd ocazia s\u0103 vad\u0103 \u00eendeaproape costumele aduse din cele \u0219apte jude\u021be.<\/p>\n<p>Portul din Harghita are alte culori \u0219i cus\u0103turi dec\u00e2t cel din Olt, costumul din M\u0103rginimea Sibiului p\u0103streaz\u0103 elemente diferite de cel din Teleorman, iar V\u00e2lcea \u0219i-a adus modelele p\u0103strate \u00een satele sale. Ansamblurile au c\u00e2ntat \u0219i au dansat pe traseu, transform\u00e2nd centrul ora\u0219ului \u00eentr-o scen\u0103 deschis\u0103.<\/p>\n<p>Parada a devenit, de-a lungul celor 58 de edi\u021bii, unul dintre momentele cele mai a\u0219teptate ale festivalului. Costumele nu sunt purtate numai pentru frumuse\u021bea lor. Fiecare c\u0103ma\u0219\u0103 cusut\u0103, fiecare podoab\u0103 \u0219i fiecare model vorbesc despre locul din care vin participan\u021bii.<\/p>\n<p><strong><u>Deschiderea oficial\u0103<\/u><\/strong><\/p>\n<p>Dup\u0103 sosirea paradei \u00een Parcul Central, a avut loc deschiderea oficial\u0103 a festivalului. Al\u0103turi de primarul ora\u0219ului C\u0103lim\u0103ne\u0219ti, Florinel Constantinescu, s-au aflat Elena Stoica, pre\u0219edinta juriului, reprezentan\u021bi ai Consiliului Jude\u021bean V\u00e2lcea, deputatul Cristian Buican, prefectul interimar al jude\u021bului, consilieri locali, consilieri jude\u021beni \u0219i directori ai institu\u021biilor publice.<\/p>\n<p>P\u0103rintele Grigorie, din ob\u0219tea M\u0103n\u0103stirii Cozia, a oferit binecuv\u00e2ntarea pentru aceast\u0103 edi\u021bie. Ansamblurile au prezentat apoi c\u00e2te un program scurt, prin care publicul a descoperit o parte din repertoriile preg\u0103tite pentru concurs.<\/p>\n<p>Deschiderea s-a \u00eencheiat cu o hor\u0103 mare \u00een fa\u021ba Parcului Central. Dansatori, invita\u021bi \u0219i spectatori s-au prins de m\u00e2ini, duc\u00e2nd pentru c\u00e2teva minute jocul popular dincolo de scen\u0103.<\/p>\n<p><strong><u>Mesajul primarului<\/u><\/strong><\/p>\n<div class=\"wp-video\"><video class=\"wp-video-shortcode\" id=\"video-58376-1\" width=\"640\" height=\"361\" preload=\"metadata\" controls=\"controls\"><source type=\"video\/mp4\" src=\"https:\/\/www.impactreal.ro\/wp-content\/uploads\/2026\/08\/inreg-primar-WhatsApp-Video-2026-08-23-at-07.19.02.mp4?_=1\" \/><\/video><\/div>\n<p>Primarul ora\u0219ului C\u0103lim\u0103ne\u0219ti, Florinel Constantinescu, le-a mul\u021bumit participan\u021bilor pentru drumul f\u0103cut \u0219i pentru felul \u00een care p\u0103streaz\u0103 tradi\u021biile zonelor din care provin:<\/p>\n<p>\u201e<strong><em>Doamnelor \u0219i domnilor, dragi oaspe\u021bi, dragi prieteni ai Festivalului \u00abC\u00e2ntecele Oltului\u00bb, am asistat \u00eempreun\u0103, iat\u0103, la una dintre cele mai frumoase scene ale \u00abC\u00e2ntecelor Oltului\u00bb. Este vorba despre parada portului popular. Portul popular, \u00eempreun\u0103 cu jocul popular \u0219i c\u00e2ntecul popular, reprezint\u0103 tot ce avem mai important ca tradi\u021bie \u0219i cultur\u0103 tradi\u021bional\u0103.<\/em><\/strong><\/p>\n<p><strong><em>A\u021bi adus cu dumneavoastr\u0103, din Covasna, Harghita, Bra\u0219ov, Sibiu, V\u00e2lcea, Olt \u0219i Teleorman, c\u00e2ntecul, jocul \u0219i portul locului de unde veni\u021bi. Tocmai aceast\u0103 diversitate a tradi\u021biilor populare face mai interesant \u0219i mai frumos, \u00een fiecare an, acest festival na\u021bional.<\/em><\/strong><\/p>\n<p><strong><em>V\u0103 mul\u021bumim \u00eenc\u0103 o dat\u0103 pentru drumul pe care l-a\u021bi parcurs, pentru c\u0103 ne ar\u0103ta\u021bi c\u0103 portul popular nu este numai un costum purtat atunci c\u00e2nd venim s\u0103 prezent\u0103m un spectacol. El poart\u0103 priceperea \u0219i tot ce s-a transmis din genera\u021bie \u00een genera\u021bie. Poate c\u0103 acest lucru ne demonstreaz\u0103 tuturor c\u0103 aceste tradi\u021bii nu au r\u0103mas numai \u00een trecut, ci \u00ee\u0219i p\u0103streaz\u0103 locul firesc \u0219i \u00een lumea de ast\u0103zi.<\/em><\/strong><\/p>\n<p><strong><em>Suntem bucuro\u0219i c\u0103 v\u0103 avem \u0219i \u00een acest an \u00een mijlocul nostru. De mul\u021bi ani veni\u021bi la C\u0103lim\u0103ne\u0219ti, unde noi suntem gazdele dumneavoastr\u0103. V\u0103 rug\u0103m s\u0103 v\u0103 sim\u021bi\u021bi bine \u00een aceste zile, s\u0103 participa\u021bi cu drag, a\u0219a cum a\u021bi f\u0103cut de fiecare dat\u0103 la acest festival-concurs. S\u0103 c\u00e2\u0219tige cei mai buni, dar to\u021bi sunte\u021bi c\u00e2\u0219tig\u0103tori prin participare \u0219i prin pasiunea pe care o ave\u021bi pentru tradi\u021biile populare.<\/em><\/strong><\/p>\n<p><strong><em>V\u0103 mul\u021bumesc \u00eenc\u0103 o dat\u0103. Succes Festivalului \u00abC\u00e2ntecele Oltului\u00bb! Mul\u021bumesc \u0219i invita\u021bilor care sunt al\u0103turi de noi \u00een fiecare an \u0219i care au r\u0103spuns \u0219i de aceast\u0103 dat\u0103 invita\u021biei noastre. Mul\u021bumesc \u0219i succes!<\/em><\/strong>\u201d, a declarat Florinel Constantinescu.<\/p>\n<p><strong><u>Ansamblurile au intrat \u00een concurs<\/u><\/strong><\/p>\n<p>S\u00e2mb\u0103t\u0103 seara, la Teatrul de Var\u0103 \u201eFlorin Zamfirescu\u201d, a \u00eenceput spectacolul-concurs. Pe l\u00e2ng\u0103 programele preg\u0103tite de ansambluri, participan\u021bii au sus\u021binut probele individuale \u201eDoina Oltului\u201d, concursul purt\u0103torilor de costume populare \u0219i \u201eFrumoasa Oltului\u201d.<\/p>\n<p>Harghita este reprezentat\u0103 de ansamblurile reunite \u201eRapsozii V\u0103ii Mure\u0219ului Superior\u201d \u0219i C\u0103minul Cultural Vo\u0219l\u0103beni, precum \u0219i de Ansamblul Folcloric de P\u0103strare a Tradi\u021biilor din M\u0103d\u0103ra\u0219-Ciuc.<\/p>\n<p>Din Covasna a venit Ansamblul \u201eCununa Carpa\u021bilor\u201d din Sita Buz\u0103ului. Bra\u0219ovul este reprezentat de \u201eJunii \u021a\u0103rii B\u00e2rsei\u201d din Dumbr\u0103vi\u021ba, satul Vl\u0103deni. Ansamblul \u201eDorule\u021b\u201d din Racovi\u021ba a adus obiceiurile Sibiului, iar jude\u021bul Olt particip\u0103 prin Ansamblul \u201ePlai de dor\u201d din \u0218erb\u0103ne\u0219ti.<\/p>\n<p>Teleormanul a intrat \u00een concurs cu Ansamblul \u201eDatina\u201d, format din tineri din Bragadiru \u0219i Putineiu. V\u00e2lcea este reprezentat\u0103 de Ansamblul \u201eMiori\u021ba\u201d al Prim\u0103riei Vaideeni, coordonat muzical de profesorul \u0218tefan S\u0103voiu. Scenariul \u0219i coregrafia sunt semnate de Cristina Tu\u021b\u0103 Irimescu.<\/p>\n<p><strong><u>Ast\u0103zi se aleg c\u00e2\u0219tig\u0103torii<\/u><\/strong><\/p>\n<p>Festivalul continu\u0103 ast\u0103zi, duminic\u0103, 23 august. Juriul stabile\u0219te c\u00e2\u0219tig\u0103torii edi\u021biei, dup\u0103 care are loc un colocviu dedicat atragerii tinerilor c\u0103tre ansamblurile populare.<\/p>\n<p>Dup\u0103-amiaz\u0103 sunt programate premierea \u0219i spectacolul de gal\u0103. Edi\u021bia a 58-a se \u00eencheie \u00een aceast\u0103 sear\u0103 cu un concert sus\u021binut de Aurora \u0219i S\u0103ndel Mihai.<\/p>\n<p><strong><u>Festivalul a \u00eenceput cu o carte<\/u><\/strong><\/p>\n<p>Prima zi, vineri, 21 august, a fost dedicat\u0103 c\u0103r\u021bii \u0219i interpre\u021bilor v\u00e2lceni. La Centrul Multifunc\u021bional C\u0103lim\u0103ne\u0219ti a fost lansat al doilea volum al c\u0103r\u021bii \u201eCorabia salvatoare\u201d, semnat\u0103 de Elena Stoica.<\/p>\n<p>Programul s-a mutat apoi la Teatrul de Var\u0103 \u201eFlorin Zamfirescu\u201d, unde spectacolul \u201ePe plaiuri v\u00e2lcene\u201d a adus \u00een fa\u021ba publicului tineri interpre\u021bi \u0219i Orchestra de Muzic\u0103 Popular\u0103 \u201eRapsodia V\u00e2lcean\u0103\u201d, dirijat\u0103 de Nicolae Caliu.<\/p>\n<p>Festivalul este organizat de Consiliul Jude\u021bean V\u00e2lcea, Centrul Jude\u021bean pentru Conservarea \u0219i Promovarea Culturii Tradi\u021bionale V\u00e2lcea, Prim\u0103ria Ora\u0219ului C\u0103lim\u0103ne\u0219ti, Casa de Cultur\u0103 \u201eFlorin Zamfirescu\u201d, Biblioteca Or\u0103\u0219eneasc\u0103 \u201eA.E. Baconsky\u201d \u0219i Centrul Na\u021bional de Informare \u0219i Promovare Turistic\u0103 din C\u0103lim\u0103ne\u0219ti, cu binecuv\u00e2ntarea M\u0103n\u0103stirii Cozia.<\/p>\n<div class=\"wp-video\"><video class=\"wp-video-shortcode\" id=\"video-58376-2\" width=\"640\" height=\"361\" preload=\"metadata\" controls=\"controls\"><source type=\"video\/mp4\" src=\"https:\/\/www.impactreal.ro\/wp-content\/uploads\/2026\/08\/inreg-hora-WhatsApp-Video-2026-08-23-at-07.10.00.mp4?_=2\" \/><\/video><\/div>\n<div class=\"wp-video\"><video class=\"wp-video-shortcode\" id=\"video-58376-3\" width=\"640\" height=\"361\" preload=\"metadata\" controls=\"controls\"><source type=\"video\/mp4\" src=\"https:\/\/www.impactreal.ro\/wp-content\/uploads\/2026\/08\/inreg-parada-WhatsApp-Video-2026-08-23-at-07.30.53.mp4?_=3\" \/><\/video><\/div>\n<p>\u00a0<\/p>\n<p><img loading=\"lazy\" decoding=\"async\" class=\"alignnone size-medium wp-image-58382\" src=\"https:\/\/www.impactreal.ro\/wp-content\/uploads\/2026\/08\/calimanssti-044-1-300x169.jpg\" alt width=\"300\" height=\"169\"><img loading=\"lazy\" decoding=\"async\" class=\"alignnone size-medium wp-image-58384\" src=\"https:\/\/www.impactreal.ro\/wp-content\/uploads\/2026\/08\/calimanesti-77-300x169.jpg\" alt width=\"300\" height=\"169\"><img decoding=\"async\" loading=\"lazy\" class=\"alignnone size-medium wp-image-58385\" src=\"https:\/\/www.impactreal.ro\/wp-content\/uploads\/2026\/08\/calimanesti-99-300x225.jpg\" alt width=\"300\" height=\"225\"><\/p>\n<\/div>\n<\/div>\n<\/div>\n<div class=\"news-content editor-content-entry\">\n<p><em>C\u0103lim\u0103ne\u0219tiul este, p\u00e2n\u0103 \u00een aceast\u0103 sear\u0103, locul de \u00eent\u00e2lnire al c\u00e2ntecelor \u0219i jocurilor aduse din \u0219apte jude\u021be. Festivalul Na\u021bional de Folclor \u201eC\u00e2ntecele Oltului\u201d continu\u0103 ast\u0103zi, duminic\u0103, 23 august, cu stabilirea c\u00e2\u0219tig\u0103torilor, premierea, spectacolul de gal\u0103 \u0219i concertul sus\u021binut de Aurora \u0219i S\u0103ndel Mihai<\/em>.<\/p>\n<p><em>Timp de trei zile, forma\u021bii din Harghita, Covasna, Bra\u0219ov, Sibiu, Olt, Teleorman \u0219i V\u00e2lcea au adus la C\u0103lim\u0103ne\u0219ti costumele, c\u00e2ntecele \u0219i jocurile p\u0103strate \u00een zonele lor. Festivalul a \u00eenceput vineri, a continuat s\u00e2mb\u0103t\u0103 cu parada portului popular, deschiderea oficial\u0103 \u0219i concursul ansamblurilor, iar ast\u0103zi ajunge la gala laurea\u021bilor.<\/em><\/p>\n<p><em>Edi\u021bia din acest an le ofer\u0103 celor veni\u021bi la C\u0103lim\u0103ne\u0219ti o poveste spus\u0103 prin muzic\u0103, dans \u0219i costume populare. Fiecare jude\u021b prezint\u0103 ceea ce are specific, de la cus\u0103turile \u0219i culorile portului p\u00e2n\u0103 la felul \u00een care sunt c\u00e2ntate doinele \u0219i jucate dansurile locale.<\/em><\/p>\n<p><strong><u>Parada portului popular<\/u><\/strong><\/p>\n<p>S\u00e2mb\u0103t\u0103, 22 august, membrii ansamblurilor au pornit din fa\u021ba Prim\u0103riei spre Parcul Central C\u0103lim\u0103ne\u0219ti, \u00een acordurile Fanfarei Jude\u021bene \u201eConstantin Br\u00e2ncoveanu\u201d. Localnicii \u0219i turi\u0219tii i-au urm\u0103rit de pe marginea traseului, av\u00e2nd ocazia s\u0103 vad\u0103 \u00eendeaproape costumele aduse din cele \u0219apte jude\u021be.<\/p>\n<p>Portul din Harghita are alte culori \u0219i cus\u0103turi dec\u00e2t cel din Olt, costumul din M\u0103rginimea Sibiului p\u0103streaz\u0103 elemente diferite de cel din Teleorman, iar V\u00e2lcea \u0219i-a adus modelele p\u0103strate \u00een satele sale. Ansamblurile au c\u00e2ntat \u0219i au dansat pe traseu, transform\u00e2nd centrul ora\u0219ului \u00eentr-o scen\u0103 deschis\u0103.<\/p>\n<p>Parada a devenit, de-a lungul celor 58 de edi\u021bii, unul dintre momentele cele mai a\u0219teptate ale festivalului. Costumele nu sunt purtate numai pentru frumuse\u021bea lor. Fiecare c\u0103ma\u0219\u0103 cusut\u0103, fiecare podoab\u0103 \u0219i fiecare model vorbesc despre locul din care vin participan\u021bii.<\/p>\n<p><strong><u>Deschiderea oficial\u0103<\/u><\/strong><\/p>\n<p>Dup\u0103 sosirea paradei \u00een Parcul Central, a avut loc deschiderea oficial\u0103 a festivalului. Al\u0103turi de primarul ora\u0219ului C\u0103lim\u0103ne\u0219ti, Florinel Constantinescu, s-au aflat Elena Stoica, pre\u0219edinta juriului, reprezentan\u021bi ai Consiliului Jude\u021bean V\u00e2lcea, deputatul Cristian Buican, prefectul interimar al jude\u021bului, consilieri locali, consilieri jude\u021beni \u0219i directori ai institu\u021biilor publice.<\/p>\n<p>P\u0103rintele Grigorie, din ob\u0219tea M\u0103n\u0103stirii Cozia, a oferit binecuv\u00e2ntarea pentru aceast\u0103 edi\u021bie. Ansamblurile au prezentat apoi c\u00e2te un program scurt, prin care publicul a descoperit o parte din repertoriile preg\u0103tite pentru concurs.<\/p>\n<p>Deschiderea s-a \u00eencheiat cu o hor\u0103 mare \u00een fa\u021ba Parcului Central. Dansatori, invita\u021bi \u0219i spectatori s-au prins de m\u00e2ini, duc\u00e2nd pentru c\u00e2teva minute jocul popular dincolo de scen\u0103.<\/p>\n<p><strong><u>Mesajul primarului<\/u><\/strong><\/p>\n<div class=\"wp-video\"><video class=\"wp-video-shortcode\" id=\"video-58376-1\" width=\"640\" height=\"361\" preload=\"metadata\" controls=\"controls\"><source type=\"video\/mp4\" src=\"https:\/\/www.impactreal.ro\/wp-content\/uploads\/2026\/08\/inreg-primar-WhatsApp-Video-2026-08-23-at-07.19.02.mp4?_=1\" \/><\/video><\/div>\n<p>Primarul ora\u0219ului C\u0103lim\u0103ne\u0219ti, Florinel Constantinescu, le-a mul\u021bumit participan\u021bilor pentru drumul f\u0103cut \u0219i pentru felul \u00een care p\u0103streaz\u0103 tradi\u021biile zonelor din care provin:<\/p>\n<p>\u201e<strong><em>Doamnelor \u0219i domnilor, dragi oaspe\u021bi, dragi prieteni ai Festivalului \u00abC\u00e2ntecele Oltului\u00bb, am asistat \u00eempreun\u0103, iat\u0103, la una dintre cele mai frumoase scene ale \u00abC\u00e2ntecelor Oltului\u00bb. Este vorba despre parada portului popular. Portul popular, \u00eempreun\u0103 cu jocul popular \u0219i c\u00e2ntecul popular, reprezint\u0103 tot ce avem mai important ca tradi\u021bie \u0219i cultur\u0103 tradi\u021bional\u0103.<\/em><\/strong><\/p>\n<p><strong><em>A\u021bi adus cu dumneavoastr\u0103, din Covasna, Harghita, Bra\u0219ov, Sibiu, V\u00e2lcea, Olt \u0219i Teleorman, c\u00e2ntecul, jocul \u0219i portul locului de unde veni\u021bi. Tocmai aceast\u0103 diversitate a tradi\u021biilor populare face mai interesant \u0219i mai frumos, \u00een fiecare an, acest festival na\u021bional.<\/em><\/strong><\/p>\n<p><strong><em>V\u0103 mul\u021bumim \u00eenc\u0103 o dat\u0103 pentru drumul pe care l-a\u021bi parcurs, pentru c\u0103 ne ar\u0103ta\u021bi c\u0103 portul popular nu este numai un costum purtat atunci c\u00e2nd venim s\u0103 prezent\u0103m un spectacol. El poart\u0103 priceperea \u0219i tot ce s-a transmis din genera\u021bie \u00een genera\u021bie. Poate c\u0103 acest lucru ne demonstreaz\u0103 tuturor c\u0103 aceste tradi\u021bii nu au r\u0103mas numai \u00een trecut, ci \u00ee\u0219i p\u0103streaz\u0103 locul firesc \u0219i \u00een lumea de ast\u0103zi.<\/em><\/strong><\/p>\n<p><strong><em>Suntem bucuro\u0219i c\u0103 v\u0103 avem \u0219i \u00een acest an \u00een mijlocul nostru. De mul\u021bi ani veni\u021bi la C\u0103lim\u0103ne\u0219ti, unde noi suntem gazdele dumneavoastr\u0103. V\u0103 rug\u0103m s\u0103 v\u0103 sim\u021bi\u021bi bine \u00een aceste zile, s\u0103 participa\u021bi cu drag, a\u0219a cum a\u021bi f\u0103cut de fiecare dat\u0103 la acest festival-concurs. S\u0103 c\u00e2\u0219tige cei mai buni, dar to\u021bi sunte\u021bi c\u00e2\u0219tig\u0103tori prin participare \u0219i prin pasiunea pe care o ave\u021bi pentru tradi\u021biile populare.<\/em><\/strong><\/p>\n<p><strong><em>V\u0103 mul\u021bumesc \u00eenc\u0103 o dat\u0103. Succes Festivalului \u00abC\u00e2ntecele Oltului\u00bb! Mul\u021bumesc \u0219i invita\u021bilor care sunt al\u0103turi de noi \u00een fiecare an \u0219i care au r\u0103spuns \u0219i de aceast\u0103 dat\u0103 invita\u021biei noastre. Mul\u021bumesc \u0219i succes!<\/em><\/strong>\u201d, a declarat Florinel Constantinescu.<\/p>\n<p><strong><u>Ansamblurile au intrat \u00een concurs<\/u><\/strong><\/p>\n<p>S\u00e2mb\u0103t\u0103 seara, la Teatrul de Var\u0103 \u201eFlorin Zamfirescu\u201d, a \u00eenceput spectacolul-concurs. Pe l\u00e2ng\u0103 programele preg\u0103tite de ansambluri, participan\u021bii au sus\u021binut probele individuale \u201eDoina Oltului\u201d, concursul purt\u0103torilor de costume populare \u0219i \u201eFrumoasa Oltului\u201d.<\/p>\n<p>Harghita este reprezentat\u0103 de ansamblurile reunite \u201eRapsozii V\u0103ii Mure\u0219ului Superior\u201d \u0219i C\u0103minul Cultural Vo\u0219l\u0103beni, precum \u0219i de Ansamblul Folcloric de P\u0103strare a Tradi\u021biilor din M\u0103d\u0103ra\u0219-Ciuc.<\/p>\n<p>Din Covasna a venit Ansamblul \u201eCununa Carpa\u021bilor\u201d din Sita Buz\u0103ului. Bra\u0219ovul este reprezentat de \u201eJunii \u021a\u0103rii B\u00e2rsei\u201d din Dumbr\u0103vi\u021ba, satul Vl\u0103deni. Ansamblul \u201eDorule\u021b\u201d din Racovi\u021ba a adus obiceiurile Sibiului, iar jude\u021bul Olt particip\u0103 prin Ansamblul \u201ePlai de dor\u201d din \u0218erb\u0103ne\u0219ti.<\/p>\n<p>Teleormanul a intrat \u00een concurs cu Ansamblul \u201eDatina\u201d, format din tineri din Bragadiru \u0219i Putineiu. V\u00e2lcea este reprezentat\u0103 de Ansamblul \u201eMiori\u021ba\u201d al Prim\u0103riei Vaideeni, coordonat muzical de profesorul \u0218tefan S\u0103voiu. Scenariul \u0219i coregrafia sunt semnate de Cristina Tu\u021b\u0103 Irimescu.<\/p>\n<p><strong><u>Ast\u0103zi se aleg c\u00e2\u0219tig\u0103torii<\/u><\/strong><\/p>\n<p>Festivalul continu\u0103 ast\u0103zi, duminic\u0103, 23 august. Juriul stabile\u0219te c\u00e2\u0219tig\u0103torii edi\u021biei, dup\u0103 care are loc un colocviu dedicat atragerii tinerilor c\u0103tre ansamblurile populare.<\/p>\n<p>Dup\u0103-amiaz\u0103 sunt programate premierea \u0219i spectacolul de gal\u0103. Edi\u021bia a 58-a se \u00eencheie \u00een aceast\u0103 sear\u0103 cu un concert sus\u021binut de Aurora \u0219i S\u0103ndel Mihai.<\/p>\n<p><strong><u>Festivalul a \u00eenceput cu o carte<\/u><\/strong><\/p>\n<p>Prima zi, vineri, 21 august, a fost dedicat\u0103 c\u0103r\u021bii \u0219i interpre\u021bilor v\u00e2lceni. La Centrul Multifunc\u021bional C\u0103lim\u0103ne\u0219ti a fost lansat al doilea volum al c\u0103r\u021bii \u201eCorabia salvatoare\u201d, semnat\u0103 de Elena Stoica.<\/p>\n<p>Programul s-a mutat apoi la Teatrul de Var\u0103 \u201eFlorin Zamfirescu\u201d, unde spectacolul \u201ePe plaiuri v\u00e2lcene\u201d a adus \u00een fa\u021ba publicului tineri interpre\u021bi \u0219i Orchestra de Muzic\u0103 Popular\u0103 \u201eRapsodia V\u00e2lcean\u0103\u201d, dirijat\u0103 de Nicolae Caliu.<\/p>\n<p>Festivalul este organizat de Consiliul Jude\u021bean V\u00e2lcea, Centrul Jude\u021bean pentru Conservarea \u0219i Promovarea Culturii Tradi\u021bionale V\u00e2lcea, Prim\u0103ria Ora\u0219ului C\u0103lim\u0103ne\u0219ti, Casa de Cultur\u0103 \u201eFlorin Zamfirescu\u201d, Biblioteca Or\u0103\u0219eneasc\u0103 \u201eA.E. Baconsky\u201d \u0219i Centrul Na\u021bional de Informare \u0219i Promovare Turistic\u0103 din C\u0103lim\u0103ne\u0219ti, cu binecuv\u00e2ntarea M\u0103n\u0103stirii Cozia.<\/p>\n<div class=\"wp-video\"><video class=\"wp-video-shortcode\" id=\"video-58376-2\" width=\"640\" height=\"361\" preload=\"metadata\" controls=\"controls\"><source type=\"video\/mp4\" src=\"https:\/\/www.impactreal.ro\/wp-content\/uploads\/2026\/08\/inreg-hora-WhatsApp-Video-2026-08-23-at-07.10.00.mp4?_=2\" \/><\/video><\/div>\n<div class=\"wp-video\"><video class=\"wp-video-shortcode\" id=\"video-58376-3\" width=\"640\" height=\"361\" preload=\"metadata\" controls=\"controls\"><source type=\"video\/mp4\" src=\"https:\/\/www.impactreal.ro\/wp-content\/uploads\/2026\/08\/inreg-parada-WhatsApp-Video-2026-08-23-at-07.30.53.mp4?_=3\" \/><\/video><\/div>\n<p>\u00a0<\/p>\n<p><img loading=\"lazy\" decoding=\"async\" class=\"alignnone size-medium wp-image-58382\" src=\"https:\/\/www.impactreal.ro\/wp-content\/uploads\/2026\/08\/calimanssti-044-1-300x169.jpg\" alt width=\"300\" height=\"169\"><img loading=\"lazy\" decoding=\"async\" class=\"alignnone size-medium wp-image-58384\" src=\"https:\/\/www.impactreal.ro\/wp-content\/uploads\/2026\/08\/calimanesti-77-300x169.jpg\" alt width=\"300\" height=\"169\"><img decoding=\"async\" loading=\"lazy\" class=\"alignnone size-medium wp-image-58385\" src=\"https:\/\/www.impactreal.ro\/wp-content\/uploads\/2026\/08\/calimanesti-99-300x225.jpg\" alt width=\"300\" height=\"225\"><\/p>\n<\/div>\n<div class=\"news-content editor-content-entry\">\n<p><em>C\u0103lim\u0103ne\u0219tiul este, p\u00e2n\u0103 \u00een aceast\u0103 sear\u0103, locul de \u00eent\u00e2lnire al c\u00e2ntecelor \u0219i jocurilor aduse din \u0219apte jude\u021be. Festivalul Na\u021bional de Folclor \u201eC\u00e2ntecele Oltului\u201d continu\u0103 ast\u0103zi, duminic\u0103, 23 august, cu stabilirea c\u00e2\u0219tig\u0103torilor, premierea, spectacolul de gal\u0103 \u0219i concertul sus\u021binut de Aurora \u0219i S\u0103ndel Mihai<\/em>.<\/p>\n<p><em>Timp de trei zile, forma\u021bii din Harghita, Covasna, Bra\u0219ov, Sibiu, Olt, Teleorman \u0219i V\u00e2lcea au adus la C\u0103lim\u0103ne\u0219ti costumele, c\u00e2ntecele \u0219i jocurile p\u0103strate \u00een zonele lor. Festivalul a \u00eenceput vineri, a continuat s\u00e2mb\u0103t\u0103 cu parada portului popular, deschiderea oficial\u0103 \u0219i concursul ansamblurilor, iar ast\u0103zi ajunge la gala laurea\u021bilor.<\/em><\/p>\n<p><em>Edi\u021bia din acest an le ofer\u0103 celor veni\u021bi la C\u0103lim\u0103ne\u0219ti o poveste spus\u0103 prin muzic\u0103, dans \u0219i costume populare. Fiecare jude\u021b prezint\u0103 ceea ce are specific, de la cus\u0103turile \u0219i culorile portului p\u00e2n\u0103 la felul \u00een care sunt c\u00e2ntate doinele \u0219i jucate dansurile locale.<\/em><\/p>\n<p><strong><u>Parada portului popular<\/u><\/strong><\/p>\n<p>S\u00e2mb\u0103t\u0103, 22 august, membrii ansamblurilor au pornit din fa\u021ba Prim\u0103riei spre Parcul Central C\u0103lim\u0103ne\u0219ti, \u00een acordurile Fanfarei Jude\u021bene \u201eConstantin Br\u00e2ncoveanu\u201d. Localnicii \u0219i turi\u0219tii i-au urm\u0103rit de pe marginea traseului, av\u00e2nd ocazia s\u0103 vad\u0103 \u00eendeaproape costumele aduse din cele \u0219apte jude\u021be.<\/p>\n<p>Portul din Harghita are alte culori \u0219i cus\u0103turi dec\u00e2t cel din Olt, costumul din M\u0103rginimea Sibiului p\u0103streaz\u0103 elemente diferite de cel din Teleorman, iar V\u00e2lcea \u0219i-a adus modelele p\u0103strate \u00een satele sale. Ansamblurile au c\u00e2ntat \u0219i au dansat pe traseu, transform\u00e2nd centrul ora\u0219ului \u00eentr-o scen\u0103 deschis\u0103.<\/p>\n<p>Parada a devenit, de-a lungul celor 58 de edi\u021bii, unul dintre momentele cele mai a\u0219teptate ale festivalului. Costumele nu sunt purtate numai pentru frumuse\u021bea lor. Fiecare c\u0103ma\u0219\u0103 cusut\u0103, fiecare podoab\u0103 \u0219i fiecare model vorbesc despre locul din care vin participan\u021bii.<\/p>\n<p><strong><u>Deschiderea oficial\u0103<\/u><\/strong><\/p>\n<p>Dup\u0103 sosirea paradei \u00een Parcul Central, a avut loc deschiderea oficial\u0103 a festivalului. Al\u0103turi de primarul ora\u0219ului C\u0103lim\u0103ne\u0219ti, Florinel Constantinescu, s-au aflat Elena Stoica, pre\u0219edinta juriului, reprezentan\u021bi ai Consiliului Jude\u021bean V\u00e2lcea, deputatul Cristian Buican, prefectul interimar al jude\u021bului, consilieri locali, consilieri jude\u021beni \u0219i directori ai institu\u021biilor publice.<\/p>\n<p>P\u0103rintele Grigorie, din ob\u0219tea M\u0103n\u0103stirii Cozia, a oferit binecuv\u00e2ntarea pentru aceast\u0103 edi\u021bie. Ansamblurile au prezentat apoi c\u00e2te un program scurt, prin care publicul a descoperit o parte din repertoriile preg\u0103tite pentru concurs.<\/p>\n<p>Deschiderea s-a \u00eencheiat cu o hor\u0103 mare \u00een fa\u021ba Parcului Central. Dansatori, invita\u021bi \u0219i spectatori s-au prins de m\u00e2ini, duc\u00e2nd pentru c\u00e2teva minute jocul popular dincolo de scen\u0103.<\/p>\n<p><strong><u>Mesajul primarului<\/u><\/strong><\/p>\n<div class=\"wp-video\"><video class=\"wp-video-shortcode\" id=\"video-58376-1\" width=\"640\" height=\"361\" preload=\"metadata\" controls=\"controls\"><source type=\"video\/mp4\" src=\"https:\/\/www.impactreal.ro\/wp-content\/uploads\/2026\/08\/inreg-primar-WhatsApp-Video-2026-08-23-at-07.19.02.mp4?_=1\" \/><\/video><\/div>\n<p>Primarul ora\u0219ului C\u0103lim\u0103ne\u0219ti, Florinel Constantinescu, le-a mul\u021bumit participan\u021bilor pentru drumul f\u0103cut \u0219i pentru felul \u00een care p\u0103streaz\u0103 tradi\u021biile zonelor din care provin:<\/p>\n<p>\u201e<strong><em>Doamnelor \u0219i domnilor, dragi oaspe\u021bi, dragi prieteni ai Festivalului \u00abC\u00e2ntecele Oltului\u00bb, am asistat \u00eempreun\u0103, iat\u0103, la una dintre cele mai frumoase scene ale \u00abC\u00e2ntecelor Oltului\u00bb. Este vorba despre parada portului popular. Portul popular, \u00eempreun\u0103 cu jocul popular \u0219i c\u00e2ntecul popular, reprezint\u0103 tot ce avem mai important ca tradi\u021bie \u0219i cultur\u0103 tradi\u021bional\u0103.<\/em><\/strong><\/p>\n<p><strong><em>A\u021bi adus cu dumneavoastr\u0103, din Covasna, Harghita, Bra\u0219ov, Sibiu, V\u00e2lcea, Olt \u0219i Teleorman, c\u00e2ntecul, jocul \u0219i portul locului de unde veni\u021bi. Tocmai aceast\u0103 diversitate a tradi\u021biilor populare face mai interesant \u0219i mai frumos, \u00een fiecare an, acest festival na\u021bional.<\/em><\/strong><\/p>\n<p><strong><em>V\u0103 mul\u021bumim \u00eenc\u0103 o dat\u0103 pentru drumul pe care l-a\u021bi parcurs, pentru c\u0103 ne ar\u0103ta\u021bi c\u0103 portul popular nu este numai un costum purtat atunci c\u00e2nd venim s\u0103 prezent\u0103m un spectacol. El poart\u0103 priceperea \u0219i tot ce s-a transmis din genera\u021bie \u00een genera\u021bie. Poate c\u0103 acest lucru ne demonstreaz\u0103 tuturor c\u0103 aceste tradi\u021bii nu au r\u0103mas numai \u00een trecut, ci \u00ee\u0219i p\u0103streaz\u0103 locul firesc \u0219i \u00een lumea de ast\u0103zi.<\/em><\/strong><\/p>\n<p><strong><em>Suntem bucuro\u0219i c\u0103 v\u0103 avem \u0219i \u00een acest an \u00een mijlocul nostru. De mul\u021bi ani veni\u021bi la C\u0103lim\u0103ne\u0219ti, unde noi suntem gazdele dumneavoastr\u0103. V\u0103 rug\u0103m s\u0103 v\u0103 sim\u021bi\u021bi bine \u00een aceste zile, s\u0103 participa\u021bi cu drag, a\u0219a cum a\u021bi f\u0103cut de fiecare dat\u0103 la acest festival-concurs. S\u0103 c\u00e2\u0219tige cei mai buni, dar to\u021bi sunte\u021bi c\u00e2\u0219tig\u0103tori prin participare \u0219i prin pasiunea pe care o ave\u021bi pentru tradi\u021biile populare.<\/em><\/strong><\/p>\n<p><strong><em>V\u0103 mul\u021bumesc \u00eenc\u0103 o dat\u0103. Succes Festivalului \u00abC\u00e2ntecele Oltului\u00bb! Mul\u021bumesc \u0219i invita\u021bilor care sunt al\u0103turi de noi \u00een fiecare an \u0219i care au r\u0103spuns \u0219i de aceast\u0103 dat\u0103 invita\u021biei noastre. Mul\u021bumesc \u0219i succes!<\/em><\/strong>\u201d, a declarat Florinel Constantinescu.<\/p>\n<p><strong><u>Ansamblurile au intrat \u00een concurs<\/u><\/strong><\/p>\n<p>S\u00e2mb\u0103t\u0103 seara, la Teatrul de Var\u0103 \u201eFlorin Zamfirescu\u201d, a \u00eenceput spectacolul-concurs. Pe l\u00e2ng\u0103 programele preg\u0103tite de ansambluri, participan\u021bii au sus\u021binut probele individuale \u201eDoina Oltului\u201d, concursul purt\u0103torilor de costume populare \u0219i \u201eFrumoasa Oltului\u201d.<\/p>\n<p>Harghita este reprezentat\u0103 de ansamblurile reunite \u201eRapsozii V\u0103ii Mure\u0219ului Superior\u201d \u0219i C\u0103minul Cultural Vo\u0219l\u0103beni, precum \u0219i de Ansamblul Folcloric de P\u0103strare a Tradi\u021biilor din M\u0103d\u0103ra\u0219-Ciuc.<\/p>\n<p>Din Covasna a venit Ansamblul \u201eCununa Carpa\u021bilor\u201d din Sita Buz\u0103ului. Bra\u0219ovul este reprezentat de \u201eJunii \u021a\u0103rii B\u00e2rsei\u201d din Dumbr\u0103vi\u021ba, satul Vl\u0103deni. Ansamblul \u201eDorule\u021b\u201d din Racovi\u021ba a adus obiceiurile Sibiului, iar jude\u021bul Olt particip\u0103 prin Ansamblul \u201ePlai de dor\u201d din \u0218erb\u0103ne\u0219ti.<\/p>\n<p>Teleormanul a intrat \u00een concurs cu Ansamblul \u201eDatina\u201d, format din tineri din Bragadiru \u0219i Putineiu. V\u00e2lcea este reprezentat\u0103 de Ansamblul \u201eMiori\u021ba\u201d al Prim\u0103riei Vaideeni, coordonat muzical de profesorul \u0218tefan S\u0103voiu. Scenariul \u0219i coregrafia sunt semnate de Cristina Tu\u021b\u0103 Irimescu.<\/p>\n<p><strong><u>Ast\u0103zi se aleg c\u00e2\u0219tig\u0103torii<\/u><\/strong><\/p>\n<p>Festivalul continu\u0103 ast\u0103zi, duminic\u0103, 23 august. Juriul stabile\u0219te c\u00e2\u0219tig\u0103torii edi\u021biei, dup\u0103 care are loc un colocviu dedicat atragerii tinerilor c\u0103tre ansamblurile populare.<\/p>\n<p>Dup\u0103-amiaz\u0103 sunt programate premierea \u0219i spectacolul de gal\u0103. Edi\u021bia a 58-a se \u00eencheie \u00een aceast\u0103 sear\u0103 cu un concert sus\u021binut de Aurora \u0219i S\u0103ndel Mihai.<\/p>\n<p><strong><u>Festivalul a \u00eenceput cu o carte<\/u><\/strong><\/p>\n<p>Prima zi, vineri, 21 august, a fost dedicat\u0103 c\u0103r\u021bii \u0219i interpre\u021bilor v\u00e2lceni. La Centrul Multifunc\u021bional C\u0103lim\u0103ne\u0219ti a fost lansat al doilea volum al c\u0103r\u021bii \u201eCorabia salvatoare\u201d, semnat\u0103 de Elena Stoica.<\/p>\n<p>Programul s-a mutat apoi la Teatrul de Var\u0103 \u201eFlorin Zamfirescu\u201d, unde spectacolul \u201ePe plaiuri v\u00e2lcene\u201d a adus \u00een fa\u021ba publicului tineri interpre\u021bi \u0219i Orchestra de Muzic\u0103 Popular\u0103 \u201eRapsodia V\u00e2lcean\u0103\u201d, dirijat\u0103 de Nicolae Caliu.<\/p>\n<p>Festivalul este organizat de Consiliul Jude\u021bean V\u00e2lcea, Centrul Jude\u021bean pentru Conservarea \u0219i Promovarea Culturii Tradi\u021bionale V\u00e2lcea, Prim\u0103ria Ora\u0219ului C\u0103lim\u0103ne\u0219ti, Casa de Cultur\u0103 \u201eFlorin Zamfirescu\u201d, Biblioteca Or\u0103\u0219eneasc\u0103 \u201eA.E. Baconsky\u201d \u0219i Centrul Na\u021bional de Informare \u0219i Promovare Turistic\u0103 din C\u0103lim\u0103ne\u0219ti, cu binecuv\u00e2ntarea M\u0103n\u0103stirii Cozia.<\/p>\n<div class=\"wp-video\"><video class=\"wp-video-shortcode\" id=\"video-58376-2\" width=\"640\" height=\"361\" preload=\"metadata\" controls=\"controls\"><source type=\"video\/mp4\" src=\"https:\/\/www.impactreal.ro\/wp-content\/uploads\/2026\/08\/inreg-hora-WhatsApp-Video-2026-08-23-at-07.10.00.mp4?_=2\" \/><\/video><\/div>\n<div class=\"wp-video\"><video class=\"wp-video-shortcode\" id=\"video-58376-3\" width=\"640\" height=\"361\" preload=\"metadata\" controls=\"controls\"><source type=\"video\/mp4\" src=\"https:\/\/www.impactreal.ro\/wp-content\/uploads\/2026\/08\/inreg-parada-WhatsApp-Video-2026-08-23-at-07.30.53.mp4?_=3\" \/><\/video><\/div>\n<p>\u00a0<\/p>\n<p><img loading=\"lazy\" decoding=\"async\" class=\"alignnone size-medium wp-image-58382\" src=\"https:\/\/www.impactreal.ro\/wp-content\/uploads\/2026\/08\/calimanssti-044-1-300x169.jpg\" alt width=\"300\" height=\"169\"><img loading=\"lazy\" decoding=\"async\" class=\"alignnone size-medium wp-image-58384\" src=\"https:\/\/www.impactreal.ro\/wp-content\/uploads\/2026\/08\/calimanesti-77-300x169.jpg\" alt width=\"300\" height=\"169\"><img decoding=\"async\" loading=\"lazy\" class=\"alignnone size-medium wp-image-58385\" src=\"https:\/\/www.impactreal.ro\/wp-content\/uploads\/2026\/08\/calimanesti-99-300x225.jpg\" alt width=\"300\" height=\"225\"><\/p>\n<\/div>\n<p>[analyse_source url=&#8221;https:\/\/www.impactreal.ro\/2026\/08\/23\/tot-oltul-canta-la-calimanesti-sapte-judete-si-au-adus-portul-jocul-si-cantecul-la-festivalul-ajuns-la-editia-a-58-a\/&#8221;]<\/p>\n","protected":false},"excerpt":{"rendered":"<p>[analyse_image type=&#8221;featured&#8221; src=&#8221;https:\/\/www.impactreal.ro\/wp-content\/uploads\/2026\/08\/calimanesti-000101.jpg&#8221;] 23 august 202623 august 2026Claudia SchiopuAdministra\u0163ieCalimanesti C\u0103lim\u0103ne\u0219tiul este, p\u00e2n\u0103 \u00een aceast\u0103 sear\u0103, locul de \u00eent\u00e2lnire al c\u00e2ntecelor \u0219i jocurilor aduse din \u0219apte jude\u021be. Festivalul Na\u021bional de Folclor \u201eC\u00e2ntecele Oltului\u201d continu\u0103 ast\u0103zi, duminic\u0103, 23 august, cu stabilirea c\u00e2\u0219tig\u0103torilor, premierea, spectacolul de gal\u0103 \u0219i concertul sus\u021binut de Aurora \u0219i S\u0103ndel Mihai. Timp de trei [&hellip;]<\/p>\n","protected":false},"author":1,"featured_media":0,"comment_status":"open","ping_status":"","sticky":false,"template":"","format":"standard","meta":{"footnotes":""},"categories":[89],"tags":[226,212],"class_list":["post-2110278","post","type-post","status-publish","format-standard","hentry","category-romania","tag-crawlmanager","tag-impactreal-ro"],"_links":{"self":[{"href":"https:\/\/analyse.optim.biz\/index.php?rest_route=\/wp\/v2\/posts\/2110278","targetHints":{"allow":["GET"]}}],"collection":[{"href":"https:\/\/analyse.optim.biz\/index.php?rest_route=\/wp\/v2\/posts"}],"about":[{"href":"https:\/\/analyse.optim.biz\/index.php?rest_route=\/wp\/v2\/types\/post"}],"author":[{"embeddable":true,"href":"https:\/\/analyse.optim.biz\/index.php?rest_route=\/wp\/v2\/users\/1"}],"replies":[{"embeddable":true,"href":"https:\/\/analyse.optim.biz\/index.php?rest_route=%2Fwp%2Fv2%2Fcomments&post=2110278"}],"version-history":[{"count":0,"href":"https:\/\/analyse.optim.biz\/index.php?rest_route=\/wp\/v2\/posts\/2110278\/revisions"}],"wp:attachment":[{"href":"https:\/\/analyse.optim.biz\/index.php?rest_route=%2Fwp%2Fv2%2Fmedia&parent=2110278"}],"wp:term":[{"taxonomy":"category","embeddable":true,"href":"https:\/\/analyse.optim.biz\/index.php?rest_route=%2Fwp%2Fv2%2Fcategories&post=2110278"},{"taxonomy":"post_tag","embeddable":true,"href":"https:\/\/analyse.optim.biz\/index.php?rest_route=%2Fwp%2Fv2%2Ftags&post=2110278"}],"curies":[{"name":"wp","href":"https:\/\/api.w.org\/{rel}","templated":true}]}}