{"id":2110249,"date":"2026-08-25T07:00:21","date_gmt":"2026-08-25T04:00:21","guid":{"rendered":"https:\/\/analyse.optim.biz\/?p=2110249"},"modified":"2026-08-25T07:00:21","modified_gmt":"2026-08-25T04:00:21","slug":"sorin-grindeanu-dupa-1-septembrie-se-va-intra-in-calendarul-pentru-desemnarea-unui-prim-ministru-2","status":"publish","type":"post","link":"https:\/\/analyse.optim.biz\/?p=2110249","title":{"rendered":"Sorin Grindeanu: Dup\u0103 1 septembrie se va intra \u00een calendarul pentru desemnarea unui prim-ministru"},"content":{"rendered":"<p>[analyse_image type=&#8221;featured&#8221; src=&#8221;https:\/\/ziardesuceava.ro\/wp-content\/uploads\/2026\/07\/grindeanu-3.jpg&#8221;]<\/p>\n<div class=\"post-content clearfix\">\n<div class=\"blog-post-thumb\"><img loading=\"lazy\" decoding=\"async\" width=\"887\" height=\"535\" src=\"https:\/\/ziardesuceava.ro\/wp-content\/uploads\/2026\/07\/grindeanu-3.jpg\" class=\"attachment-inhype-blog-thumb size-inhype-blog-thumb wp-post-image\" alt><\/div>\n<div class=\"entry-content\">\n<p class=\"first-paragraph\">Pre\u015fedintele PSD, Sorin Grindeanu, a declarat luni, c\u0103 dup\u0103 1 septembrie, odat\u0103 cu \u00eenceperea sesiunii ordinare a Parlamentului, \u00een mod sigur se va intra \u00een acel calendar pentru desemnarea unui prim-ministru, el preciz\u00e2nd c\u0103 Rom\u00e2nia are nevoie de un nou guvern, cu puteri depline. Grindeanu a mai spus c\u0103 \u00eei este foarte greu s\u0103 cread\u0103 c\u0103 poate s\u0103 mai existe vreo majoritate care s\u0103 con\u0163in\u0103 PSD \u015fi USR.<\/p>\n<p>\u201dPe parcursul acestei s\u0103pt\u0103m\u00e2ni, eu cred c\u0103 vom mai avea, nu cred, aproape sigur vom mai avea un plen, \u00een care se va discuta \u00eenc\u0103 o lege care vine de la Senat, cea legat\u0103 de hidrogen \u015fi care e jalon \u00een PNRR. \u015ei, de asemenea, trebuie s\u0103 discut\u0103m legea de \u00eenchidere a PNRR-ului, care nici ea, ast\u0103zi c\u00e2nd vorbim, nu ne-a fost transmis\u0103 de la guvern. A\u015fa c\u0103, \u00een aceast\u0103 s\u0103pt\u0103m\u00e2n\u0103, vom mai avea, aproape sigur, un plen al Camerei Deputa\u0163ilor\u201d, a spus pre\u015fedintele Camerei Deputa\u0163ilor.<\/p>\n<p>El a continuat: \u201dDup\u0103 toate aceste sesiuni extraordinare ale Camerei Deputa\u0163ilor \u015fi Senatului, \u00een mod evident, dup\u0103 1 septembrie, odat\u0103 cu \u00eenceperea sesiunii ordinare, sigur se va intra \u00een acel calendar de care tot vorbeam pentru desemnarea unui prim-ministru\u201d.<\/p>\n<p>Grindeanu a precizat c\u0103 \u201dRom\u00e2nia are nevoie de un nou guvern, cu puteri depline\u201d.<\/p>\n<p>\u201dCred c\u0103 s\u0103pt\u0103m\u00e2na viitoare, odat\u0103 cu \u00eenceperea, a\u015fa cum am spus, a Parlamentului, ar trebui s\u0103 intr\u0103m \u00een acest calendar\u201d, a mai afirmat Grindeanu.<\/p>\n<p>\u201dMi-e foarte greu s\u0103 cred c\u0103 poate s\u0103 mai existe vreo majoritate care s\u0103 con\u0163in\u0103 PSD \u015fi USR\u201d, a ar\u0103tat Grindeanu, despre o posibil\u0103 guvernare PSD al\u0103turi de USR.<\/p>\n<p>\u00centrebat dac\u0103 ia \u00een calcul o majoritate care s\u0103 con\u0163in\u0103 o parte dintre liberali, care ar dori s\u0103 fie la guvernare, Grindeanu a spus: \u201dNu vreau eu s\u0103 vorbesc \u00een numele lor, nu e treaba mea. Treaba mea, ca lider al celui mai mare partid din Parlament, e s\u0103 \u00eencerc s\u0103 fac o majoritate\u201d.<\/p>\n<\/div>\n<div class=\"inhype-social-share-fixed sidebar-position-right\">\n<div class=\"post-social-wrapper\">\n<div class=\"post-social-title\"><span class=\"post-social-title-text\">Share<\/span><\/div>\n<\/div>\n<\/div>\n<\/div>\n<p>[analyse_source url=&#8221;https:\/\/ziardesuceava.ro\/sorin-grindeanu-dupa-1-septembrie-se-va-intra-in-calendarul-pentru-desemnarea-unui-prim-ministru\/&#8221;]<\/p>\n","protected":false},"excerpt":{"rendered":"<p>[analyse_image type=&#8221;featured&#8221; src=&#8221;https:\/\/ziardesuceava.ro\/wp-content\/uploads\/2026\/07\/grindeanu-3.jpg&#8221;] Pre\u015fedintele PSD, Sorin Grindeanu, a declarat luni, c\u0103 dup\u0103 1 septembrie, odat\u0103 cu \u00eenceperea sesiunii ordinare a Parlamentului, \u00een mod sigur se va intra \u00een acel calendar pentru desemnarea unui prim-ministru, el preciz\u00e2nd c\u0103 Rom\u00e2nia are nevoie de un nou guvern, cu puteri depline. Grindeanu a mai spus c\u0103 \u00eei este foarte [&hellip;]<\/p>\n","protected":false},"author":1,"featured_media":0,"comment_status":"open","ping_status":"","sticky":false,"template":"","format":"standard","meta":{"footnotes":""},"categories":[89],"tags":[226,171],"class_list":["post-2110249","post","type-post","status-publish","format-standard","hentry","category-romania","tag-crawlmanager","tag-ziardesuceava-ro"],"_links":{"self":[{"href":"https:\/\/analyse.optim.biz\/index.php?rest_route=\/wp\/v2\/posts\/2110249","targetHints":{"allow":["GET"]}}],"collection":[{"href":"https:\/\/analyse.optim.biz\/index.php?rest_route=\/wp\/v2\/posts"}],"about":[{"href":"https:\/\/analyse.optim.biz\/index.php?rest_route=\/wp\/v2\/types\/post"}],"author":[{"embeddable":true,"href":"https:\/\/analyse.optim.biz\/index.php?rest_route=\/wp\/v2\/users\/1"}],"replies":[{"embeddable":true,"href":"https:\/\/analyse.optim.biz\/index.php?rest_route=%2Fwp%2Fv2%2Fcomments&post=2110249"}],"version-history":[{"count":0,"href":"https:\/\/analyse.optim.biz\/index.php?rest_route=\/wp\/v2\/posts\/2110249\/revisions"}],"wp:attachment":[{"href":"https:\/\/analyse.optim.biz\/index.php?rest_route=%2Fwp%2Fv2%2Fmedia&parent=2110249"}],"wp:term":[{"taxonomy":"category","embeddable":true,"href":"https:\/\/analyse.optim.biz\/index.php?rest_route=%2Fwp%2Fv2%2Fcategories&post=2110249"},{"taxonomy":"post_tag","embeddable":true,"href":"https:\/\/analyse.optim.biz\/index.php?rest_route=%2Fwp%2Fv2%2Ftags&post=2110249"}],"curies":[{"name":"wp","href":"https:\/\/api.w.org\/{rel}","templated":true}]}}