{"id":2110243,"date":"2026-08-25T06:49:24","date_gmt":"2026-08-25T03:49:24","guid":{"rendered":"https:\/\/analyse.optim.biz\/?p=2110243"},"modified":"2026-08-25T06:49:24","modified_gmt":"2026-08-25T03:49:24","slug":"proteste-pentru-salariul-minim-sub-ferestrele-ministerului-muncii","status":"publish","type":"post","link":"https:\/\/analyse.optim.biz\/?p=2110243","title":{"rendered":"Proteste pentru salariul minim, sub ferestrele Ministerului Muncii"},"content":{"rendered":"<p>[analyse_image type=&#8221;featured&#8221; src=&#8221;https:\/\/60m.ro\/wp-content\/uploads\/2025\/09\/protest-profesori-piata-victoriei_6pMVn.webp&#8221;]<\/p>\n<div class=\"articleBody\" data-key=\"articleBody\">\nMai multe federa\u021bii sindicale\u00a0protesteaz\u0103 mar\u021bi, \u00eentre orele 11:00 \u0219i 13:00, \u00een fa\u021ba Ministerului Muncii. Sindicali\u0219tii cer cre\u0219terea salariului minim \u00eencep\u00e2nd cu 1 ianuarie 2027 \u0219i deblocarea negocierilor colective la nivel sectorial \u0219i na\u021bional. Ac\u021biunea are loc \u00een contextul \u00een care salariul minim brut a fost majorat \u00een aceast\u0103 var\u0103 la 4.325 de lei.<\/p>\n<p>Protestul este organizat de mai multe organiza\u021bii sindicale, care sus\u021bin c\u0103 majorarea salariului minim \u0219i relansarea negocierilor colective sunt dou\u0103 revendic\u0103ri str\u00e2ns legate.<\/p>\n<p>Confedera\u021bia Na\u021bional\u0103 Sindical\u0103 Cartel Alfa arat\u0103 c\u0103 un salariu minim adecvat nu poate fi stabilit exclusiv prin decizii administrative, ci trebuie sus\u021binut de contracte colective de munc\u0103 prin care veniturile angaja\u021bilor s\u0103 poat\u0103 cre\u0219te peste pragul minim prev\u0103zut de lege.<\/p>\n<p>Sindicatele reclam\u0103 blocarea negocierilor colective<\/p>\n<p>Organiza\u021biile sindicale sus\u021bin c\u0103 exist\u0103 blocaje \u00een negocierea contractelor colective de munc\u0103 la nivel sectorial \u00een mediul privat, precum \u0219i \u00een ceea ce prive\u0219te contractul colectiv de munc\u0103 la nivel na\u021bional.<\/p>\n<p>\u00cen opinia acestora, \u00een lipsa negocierilor colective func\u021bionale, salariul minim ajunge s\u0103 reprezinte principalul reper salarial pentru sute de mii de angaja\u021bi.<\/p>\n<p>\u201eMiza dep\u0103\u015fe\u015fte cu mult interesele unui singur sector economic: blocarea negocierilor colective pune \u00een pericol capacitatea Rom\u00e2niei de a cre\u015fte gradul de acoperire prin contracte colective de munc\u0103, \u00een conformitate cu obiectivele europene \u015fi cu prevederile Directivei privind salariile minime adecvate\u201d, sus\u0163in reprezentan\u0163ii sindicali.<\/p>\n<p>La manifesta\u021bia din fa\u021ba Ministerului Muncii sunt anun\u021ba\u021bi reprezentan\u021bi ai Federa\u021biei Sindicatelor din Comer\u021b, Federa\u021biei Sindicatelor din IT &amp; Comunica\u021bii \u0219i Federa\u021biei Sindicatelor din Industria Financiar\u0103, organiza\u021bii afiliate Cartel Alfa \u0219i Uni Global Union.<\/p>\n<p>La protest particip\u0103 \u0219i reprezentan\u021bi ai Federa\u021biei Sindicale din Asigur\u0103ri \u0219i B\u0103nci, afiliat\u0103 Confedera\u021biei Sindicatelor Democratice din Rom\u00e2nia (CSDR) \u0219i Uni Global Union.<\/p>\n<p>Salariul minim brut a ajuns la 4.325 de lei<\/p>\n<p>Protestul are loc la c\u00e2teva luni dup\u0103 majorarea salariului minim brut cu 275 de lei, de la 4.050 la 4.325 de lei.<\/p>\n<p>Potrivit datelor prezentate, salariul net corespunz\u0103tor ajunge la aproximativ 2.699 de lei pe lun\u0103.<\/p>\n<p>Datele centralizate de Ministerul Muncii indic\u0103 831.382 de salaria\u021bi pl\u0103ti\u021bi cu salariul minim, reprezent\u00e2nd aproximativ 15%-16% din totalul contractelor de munc\u0103 active.<\/p>\n<p>Sindicali\u0219tii cer o nou\u0103 majorare de la 1 ianuarie 2027<\/p>\n<p>Datele invocate de\u00a0sindicali\u0219ti\u00a0arat\u0103 c\u0103 problema veniturilor reduse dep\u0103\u0219e\u0219te \u00eens\u0103 categoria angaja\u021bilor pl\u0103ti\u021bi strict cu salariul minim. Aproximativ 33% din for\u021ba de munc\u0103 din Rom\u00e2nia ar avea un salariu net sub 2.750 de lei.<\/p>\n<p>Al\u021bi 25% dintre angaja\u021bi c\u00e2\u0219tig\u0103 \u00eentre 2.750 \u0219i 4.150 de lei net, \u00een timp ce 18% au venituri cuprinse \u00eentre 4.150 \u0219i 5.900 de lei. Aproximativ 3% dintre salaria\u021bi dep\u0103\u0219esc pragul de 15.000 de lei net, potrivit datelor citate.<\/p>\n<p>\u00cen acest context, organiza\u021biile sindicale solicit\u0103 autorit\u0103\u021bilor o nou\u0103 cre\u0219tere a salariului minim \u00eencep\u00e2nd cu 1 ianuarie 2027, concomitent cu deblocarea negocierilor colective.\n<\/p><\/div>\n<p>[analyse_source url=&#8221;https:\/\/60m.ro\/proteste-pentru-salariul-minim-sub-ferestrele-ministerului-muncii\/&#8221;]<\/p>\n","protected":false},"excerpt":{"rendered":"<p>[analyse_image type=&#8221;featured&#8221; src=&#8221;https:\/\/60m.ro\/wp-content\/uploads\/2025\/09\/protest-profesori-piata-victoriei_6pMVn.webp&#8221;] Mai multe federa\u021bii sindicale\u00a0protesteaz\u0103 mar\u021bi, \u00eentre orele 11:00 \u0219i 13:00, \u00een fa\u021ba Ministerului Muncii. Sindicali\u0219tii cer cre\u0219terea salariului minim \u00eencep\u00e2nd cu 1 ianuarie 2027 \u0219i deblocarea negocierilor colective la nivel sectorial \u0219i na\u021bional. Ac\u021biunea are loc \u00een contextul \u00een care salariul minim brut a fost majorat \u00een aceast\u0103 var\u0103 la 4.325 de [&hellip;]<\/p>\n","protected":false},"author":1,"featured_media":0,"comment_status":"open","ping_status":"","sticky":false,"template":"","format":"standard","meta":{"footnotes":""},"categories":[89],"tags":[100,226],"class_list":["post-2110243","post","type-post","status-publish","format-standard","hentry","category-romania","tag-60m-ro","tag-crawlmanager"],"_links":{"self":[{"href":"https:\/\/analyse.optim.biz\/index.php?rest_route=\/wp\/v2\/posts\/2110243","targetHints":{"allow":["GET"]}}],"collection":[{"href":"https:\/\/analyse.optim.biz\/index.php?rest_route=\/wp\/v2\/posts"}],"about":[{"href":"https:\/\/analyse.optim.biz\/index.php?rest_route=\/wp\/v2\/types\/post"}],"author":[{"embeddable":true,"href":"https:\/\/analyse.optim.biz\/index.php?rest_route=\/wp\/v2\/users\/1"}],"replies":[{"embeddable":true,"href":"https:\/\/analyse.optim.biz\/index.php?rest_route=%2Fwp%2Fv2%2Fcomments&post=2110243"}],"version-history":[{"count":0,"href":"https:\/\/analyse.optim.biz\/index.php?rest_route=\/wp\/v2\/posts\/2110243\/revisions"}],"wp:attachment":[{"href":"https:\/\/analyse.optim.biz\/index.php?rest_route=%2Fwp%2Fv2%2Fmedia&parent=2110243"}],"wp:term":[{"taxonomy":"category","embeddable":true,"href":"https:\/\/analyse.optim.biz\/index.php?rest_route=%2Fwp%2Fv2%2Fcategories&post=2110243"},{"taxonomy":"post_tag","embeddable":true,"href":"https:\/\/analyse.optim.biz\/index.php?rest_route=%2Fwp%2Fv2%2Ftags&post=2110243"}],"curies":[{"name":"wp","href":"https:\/\/api.w.org\/{rel}","templated":true}]}}