{"id":2110240,"date":"2026-08-24T07:25:23","date_gmt":"2026-08-24T04:25:23","guid":{"rendered":"https:\/\/analyse.optim.biz\/?p=2110240"},"modified":"2026-08-24T07:25:23","modified_gmt":"2026-08-24T04:25:23","slug":"fantomele-de-la-opera-fostul-manager-condamnat-penal-tine-capul-de-afis-in-timp-ce-ministerul-culturii-inchide-ochii","status":"publish","type":"post","link":"https:\/\/analyse.optim.biz\/?p=2110240","title":{"rendered":"\u201eFantomele\u201d de la Oper\u0103: Fostul manager condamnat penal \u021bine capul de afi\u0219, \u00een timp ce Ministerul Culturii \u00eenchide ochii"},"content":{"rendered":"<p>[analyse_image type=&#8221;featured&#8221; src=&#8221;https:\/\/60m.ro\/wp-content\/uploads\/2026\/08\/rudic.png&#8221;]<\/p>\n<div class=\"articleBody\" data-key=\"articleBody\">\nSitua\u021bia de la Opera Na\u021bional\u0103 Rom\u00e2n\u0103 din Timi\u0219oara ridic\u0103 serioase semne de \u00eentrebare privind modul \u00een care este administrat\u0103 institu\u021bia \u0219i deciziile asumate de actuala conducere interimar\u0103.<\/p>\n<p>Un fapt deosebit de grav este promovarea, pe pagina oficial\u0103 a Operei, a fostului manager Cristian Rudic. \u00cen postarea dedicat\u0103 spectacolului \u201eLiliacul\u201d de Johann Strauss, din cadrul Festivalului de Oper\u0103 \u0219i Operet\u0103, edi\u021bia a XXXI-a, acesta apare cu fotografie \u0219i nume, \u00een rolul lui Eisenstein.<\/p>\n<p>Promovarea sa are loc \u00een condi\u021biile \u00een care, potrivit informa\u021biilor publice din Portalul instan\u021belor, Cristian Rudic a fost condamnat penal la 2 ani \u0219i 2 luni de \u00eenchisoare cu suspendarea execut\u0103rii sub supraveghere, iar hot\u0103r\u00e2rea \u00eei interzice, dup\u0103 r\u0103m\u00e2nerea definitiv\u0103, inclusiv ocuparea unei func\u021bii de conducere la Opera Na\u021bional\u0103 Rom\u00e2n\u0103 din Timi\u0219oara.<\/p>\n<p>Nu contest\u0103m dreptul s\u0103u de a munci \u00een condi\u021biile legii. Contest\u0103m \u00eens\u0103 oportunitatea ca o institu\u021bie public\u0103 de cultur\u0103 s\u0103 \u00eei promoveze imaginea prin propriile canale oficiale, \u00een acest context.<\/p>\n<p>\u00cen acela\u0219i timp, Ministerul Culturii a prelungit mandatul de manager interimar al doamnei Mihaela-S\u00eemziana Marcu-C\u0103lin, de\u0219i aceasta a fost declarat\u0103 respins\u0103 la concursul pentru func\u021bia de manager, concurs \u00een urma c\u0103ruia Mihnea Aurelian Ignat a fost declarat c\u00e2\u0219tig\u0103tor.<\/p>\n<p>Avem, a\u0219adar, dou\u0103 decizii care afecteaz\u0103 credibilitatea institu\u021biei: promovarea public\u0103 a unui fost manager condamnat penal \u0219i men\u021binerea conducerii interimare dup\u0103 rezultatul concursului de management.<\/p>\n<p>Solicit\u0103m Ministerului Culturii \u0219i conducerii Operei Na\u021bionale Rom\u00e2ne din Timi\u0219oara s\u0103 explice public de ce este promovat prin canalele oficiale ale institu\u021biei un fost manager condamnat penal \u0219i care sunt criteriile care au justificat men\u021binerea actualei conduceri interimare, \u00een condi\u021biile rezultatului oficial al concursului. Publicul timi\u0219orean \u0219i comunitatea artistic\u0103 au dreptul la transparen\u021b\u0103, responsabilitate \u0219i explica\u021bii clare.\u00a0<\/p>\n<\/div>\n<p>[analyse_source url=&#8221;https:\/\/60m.ro\/fantomele-de-la-opera-fostul-manager-condamnat-penal-tine-capul-de-afis-in-timp-ce-ministerul-culturii-inchide-ochii\/&#8221;]<\/p>\n","protected":false},"excerpt":{"rendered":"<p>[analyse_image type=&#8221;featured&#8221; src=&#8221;https:\/\/60m.ro\/wp-content\/uploads\/2026\/08\/rudic.png&#8221;] Situa\u021bia de la Opera Na\u021bional\u0103 Rom\u00e2n\u0103 din Timi\u0219oara ridic\u0103 serioase semne de \u00eentrebare privind modul \u00een care este administrat\u0103 institu\u021bia \u0219i deciziile asumate de actuala conducere interimar\u0103. Un fapt deosebit de grav este promovarea, pe pagina oficial\u0103 a Operei, a fostului manager Cristian Rudic. \u00cen postarea dedicat\u0103 spectacolului \u201eLiliacul\u201d de Johann Strauss, [&hellip;]<\/p>\n","protected":false},"author":1,"featured_media":0,"comment_status":"open","ping_status":"","sticky":false,"template":"","format":"standard","meta":{"footnotes":""},"categories":[89],"tags":[100,226],"class_list":["post-2110240","post","type-post","status-publish","format-standard","hentry","category-romania","tag-60m-ro","tag-crawlmanager"],"_links":{"self":[{"href":"https:\/\/analyse.optim.biz\/index.php?rest_route=\/wp\/v2\/posts\/2110240","targetHints":{"allow":["GET"]}}],"collection":[{"href":"https:\/\/analyse.optim.biz\/index.php?rest_route=\/wp\/v2\/posts"}],"about":[{"href":"https:\/\/analyse.optim.biz\/index.php?rest_route=\/wp\/v2\/types\/post"}],"author":[{"embeddable":true,"href":"https:\/\/analyse.optim.biz\/index.php?rest_route=\/wp\/v2\/users\/1"}],"replies":[{"embeddable":true,"href":"https:\/\/analyse.optim.biz\/index.php?rest_route=%2Fwp%2Fv2%2Fcomments&post=2110240"}],"version-history":[{"count":0,"href":"https:\/\/analyse.optim.biz\/index.php?rest_route=\/wp\/v2\/posts\/2110240\/revisions"}],"wp:attachment":[{"href":"https:\/\/analyse.optim.biz\/index.php?rest_route=%2Fwp%2Fv2%2Fmedia&parent=2110240"}],"wp:term":[{"taxonomy":"category","embeddable":true,"href":"https:\/\/analyse.optim.biz\/index.php?rest_route=%2Fwp%2Fv2%2Fcategories&post=2110240"},{"taxonomy":"post_tag","embeddable":true,"href":"https:\/\/analyse.optim.biz\/index.php?rest_route=%2Fwp%2Fv2%2Ftags&post=2110240"}],"curies":[{"name":"wp","href":"https:\/\/api.w.org\/{rel}","templated":true}]}}