{"id":2110218,"date":"2026-08-22T07:00:43","date_gmt":"2026-08-22T04:00:43","guid":{"rendered":"https:\/\/analyse.optim.biz\/?p=2110218"},"modified":"2026-08-22T07:00:43","modified_gmt":"2026-08-22T04:00:43","slug":"ce-vor-pedagogii-si-agricultorii-si-ce-poate-statul","status":"publish","type":"post","link":"https:\/\/analyse.optim.biz\/?p=2110218","title":{"rendered":"Ce vor pedagogii \u0219i agricultorii \u0219i ce poate statul?"},"content":{"rendered":"<p>[analyse_image type=&#8221;featured&#8221; src=&#8221;https:\/\/opiniabuzau.ro\/wp-content\/uploads\/2024\/09\/Cobasneanu-Tableta-scaled.jpg&#8221;]<\/p>\n<div class=\"entry-content entry clearfix\">\n<blockquote>\n<p><strong>Dintotdeauna toamna a fost anotimpul cel mai \u201erevolu\u021bionar\u201d \u00een Republica Moldova. Anume c\u00e2nd se num\u0103r\u0103 bobocii \u0219i c\u00e2nd ruginesc frunzele \u00een vii unele p\u0103turi sociale \u00ee\u0219i revendic\u0103 pa\u0219nic drepturile, \u00een cel mai bun caz sau merg pe baricade, str\u00e2ng\u00e2nd autorit\u0103\u021bile la col\u021b, \u00een cel mai r\u0103u (pentru autorit\u0103\u021bi) caz. De data aceasta au ie\u0219it \u00een eviden\u021b\u0103, \u0219i nu f\u0103r\u0103 motive, pedagogii \u0219i agricultorii. Unii \u2013 pentru c\u0103 nu li se m\u0103resc salariile, al\u021bii \u2013 pentru c\u0103 nu au condi\u021bii ca s\u0103-\u0219i fac\u0103 munca a\u0219a cum \u0219tiu ei mai bine. Iar la mijloc, \u00een rol de Ciuc\u0103 a b\u0103t\u0103ilor, cum \u0219i este normal, \u00een astfel de cazuri, este statul.<\/strong><\/p>\n<\/blockquote>\n<p>S\u0103 \u00eencepem cu ceea ce a fost primul, conform Bibliei, cuv\u00e2ntul. Or, unii din cei mai vrednici purt\u0103tori de cuv\u00e2nt, pedagogii, s-au sup\u0103rat r\u0103u pe autorit\u0103\u021bi \u0219i, la apelul Federa\u021biei Sindicale a Educa\u021biei \u0219i \u0218tiin\u021bei cu doar c\u00e2teva zile \u00eenainte de \u00eenceperea noului an \u0219colar s-au adunat \u00een fa\u021ba Guvernului pentru a cere ceia ce li se cuvine \u2013 m\u0103rirea salariilor, care nu \u00eenseamn\u0103 un act de cer\u0219ire, dar a promisiune a guvern\u0103rii care trebuie onorat\u0103. Este de ajuns s\u0103 arunci o privire asupra lozincilor purtate de protestatari \u0219i s\u0103 auzi chem\u0103rile din mul\u021bime ca s\u0103 \u00een\u021belegi c\u0103 chiar dac\u0103 cu\u021bitul \u00eenc\u0103 nu a ajuns la os, ar fi un fel de batjocur\u0103 s\u0103 crezi c\u0103 angaja\u021bii din sistemul educa\u021bional au venit la Chi\u0219in\u0103u, de la Cahul \u0219i Briceni, Soroca sau Ungheni doar pentru a demonstrate solidaritate cu colegii de breasl\u0103 \u0219i de a face un tur de orizont \u00eenainte de a intra \u00een clase \u2013 <em>\u201eCuv\u00e2ntul dat trebuie respectat\u201d<\/em>, <em>\u201eLa 1 septembrie major\u0103ri de salarii\u201d<\/em>, <em>\u201eVrem \u00eendeplinirea angajamentelor\u201d<\/em>, <em>\u201eMerit\u0103m un viitor fericit\u201d<\/em>, <em>\u201eInvesti\u021bi \u00een educa\u021bie\u201d<\/em>, <em>\u201eVrem un salariu decent\u201d<\/em>, <em>\u201eNu cerem explica\u021bii, cerem major\u0103ri\u201d<\/em>, <em>\u201eInvestim \u00een pedagog, investim \u00een viitor\u201d<\/em>, <em>\u201ePedagogul este viitorul \u021b\u0103rii\u201d<\/em>\u2026<\/p>\n<p>Strig\u0103tul de durere a fost auzit de autorit\u0103\u021bi \u0219i, chiar \u00een ziua protestului, autorit\u0103\u021bile, prin gura premierului Vasile Tofan, au prezentat primele solu\u021bii care ar ajuta la \u00eembun\u0103t\u0103\u021birea situa\u021biei angaja\u021bilor din \u00eenv\u0103\u021b\u0103m\u00e2nt, principala din acestea fiind intrarea \u00een vigoare a noii Legi a salariz\u0103rii din 1 ianuarie 2027, iar p\u00e2n\u0103 atunci bugetarii cu salarii brute mai mici de 20.000 de lei vor beneficia de pl\u0103\u021bi unice. Cu p\u0103rere de r\u0103u, din cauz\u0103 c\u0103 bugetul nu are bani, nu se poate face acest lucru din luna septembrie. De altfel,\u00a0 potrivit comunicatului prezentat de purt\u0103torul de cuv\u00e2nt al Guvernului, Dumitru Ciorici, cuantumul pl\u0103\u021bilor va fi diferen\u021biat \u00een func\u021bie de categoria profesional\u0103: 4.000 de lei pentru angaja\u021bii din \u00eenv\u0103\u021b\u0103m\u00e2nt \u2013 personal de conducere, didactic \u0219i didactic auxiliar; 3.000 de lei pentru angaja\u021bii din domeniul social, ap\u0103rare, ordine public\u0103, s\u0103n\u0103tate, cultur\u0103, tineret \u0219i sport, administra\u021bie public\u0103 \u0219i justi\u021bie; 2.000 de lei pentru muncitori \u0219i personalul din sectorul tehnic. Pentru aceast\u0103 m\u0103sur\u0103, Guvernul va aloca aproximativ 500 de milioane de lei\u2026 S\u0103 men\u021bion\u0103m c\u0103\u00a0 Ministrul Educa\u021biei \u0219i Cercet\u0103rii, Dan Perciun, a ie\u0219it \u00een fa\u021ba protestatarilor, chiar dac\u0103 \u00a0discursul s\u0103u a fost \u00eentrerupt de mai multe ori de huiduieli. Premierul Vasile Tofan, \u00eens\u0103, a afirmat c\u0103 nu cunoa\u0219te un alt ministru al Educa\u021biei care s\u0103 fi luptat mai mult pentru drepturile \u0219i salariile profesorilor. Guvernul sus\u021bine c\u0103 noul mecanism de salarizare este necesar pentru ca major\u0103rile s\u0103 poat\u0103 fi men\u021binute \u0219i \u00een anii urm\u0103tori, f\u0103r\u0103 ca statul s\u0103 fie nevoit s\u0103 acopere permanent cre\u0219terile prin \u00eemprumuturi \u0219i majorarea deficitului bugetar.<\/p>\n<p>Referitor la revendic\u0103rile agricultorilor, trei la num\u0103r \u2013 controlul tranzitului produc\u021biei agricole din Ucraina, licen\u021bierea importurilor de cereale \u0219i oleaginoase ucrainene \u0219i renun\u021barea la majorarea TVA pentru fermieri -, totul ar trebui s\u0103 se decid\u0103 chiar s\u0103pt\u0103m\u00e2na aceasta or, c\u00e2nd scriu aceste r\u00e2nduri \u00eenc\u0103 nu se \u0219tie dac\u0103 autorit\u0103\u021bile \u0219i reprezentan\u021bii agricultorilor au g\u0103sit o solu\u021bie care s\u0103 satisfac\u0103 ambele p\u0103r\u021bi. Cel pu\u021bin,\u00a0 Asocia\u021bia \u201eFor\u021ba Fermierilor\u201d amenin\u021b\u0103 c\u0103 ar putea organiza proteste masive dac\u0103, p\u00e2n\u0103 vineri, 21 august, Guvernul nu va \u00eenregistra progrese \u00een solu\u021bionarea acestor trei probleme. De altfel, \u00eentr-un comunicat, Asocia\u021bia a relatat c\u0103, \u00een cadrul unei \u00eent\u00e2lniri cu premierul Vasile Tofan, au fost puse \u00een discu\u021bie revendic\u0103rile produc\u0103torilor agricoli, inclusiv ceea ce \u021bine de eventuala majorare a TVA, de situa\u021bia de pe pia\u021ba cerealelor \u0219i oleaginoaselor, \u00een contextul evolu\u021biilor regionale, blocajele din porturile ucrainene, prognozele privind recolta din Republica Moldova, sc\u0103derea accentuat\u0103 a pre\u021burilor la gr\u00e2u \u0219i rapi\u021b\u0103 din ultimele s\u0103pt\u0103m\u00e2ni, tranzitul produc\u021biei agricole ucrainene pe teritoriul Republicii Moldova, lipsa restric\u021biilor la import \u00een acea perioad\u0103, care a favorizat intrarea pe pia\u021ba moldoveneasc\u0103 a cerealelor \u0219i oleaginoaselor ucrainene la pre\u021buri reduse, ceea ce i-ar fi obligat pe unii agricultori moldoveni s\u0103-\u0219i v\u00e2nd\u0103 produc\u021bia sub pre\u021bul de cost, reintroducerea mecanismului de licen\u021biere a importurilor de cereale \u0219i oleaginoase din Ucraina, dup\u0103 modelul aplicat anterior \u00een Republicii Moldova \u00een perioada 2023-2025 \u0219i al celui utilizat \u00een Rom\u00e2nia. Or, ieri (joi, n.r.) aceste probleme trebuiau s\u0103 fie puse \u00een cadrul unei discu\u021bii, cu participarea reprezentan\u021bilor Ministerului Infrastructurii \u0219i Dezvolt\u0103rii Regionale, \u00centreprinderii de Stat \u201eCalea Ferat\u0103 din Moldova\u201d, precum \u0219i a produc\u0103torilor \u0219i exportatorilor de cereale \u0219i oleaginoase.<\/p>\n<p>Apropo, \u0219i \u00een cazul pedagogilor, \u0219i \u00een cazul agricultorilor lucrurile nu pot fi tratate doar cu culori sumbre, fiindc\u0103, pe unde statul, pe unde natura mam\u0103, \u00eencearc\u0103 s\u0103 diminueze din problemele existente \u0219i, \u00eentr-o form\u0103 sau alta ajut\u0103 ambele bresle s\u0103 fac\u0103 fa\u021b\u0103 situa\u021biei. S\u0103 zicem, \u00een cazul pedagogilor, dac\u0103 \u021binem cont de faptul c\u0103 comasarea unor institu\u021bii de educa\u021bie aduce nu doar perturba\u021bii morale, dar \u0219i materiale, autorit\u0103\u021bile fac multe pentru a diminua din aceste greut\u0103\u021bi. Astfel, \u00een virtutea comas\u0103rii institu\u021biilor de \u00eenv\u0103\u021b\u0103m\u00e2nt autorit\u0103\u021bile au decis c\u0103\u00a0 profesorii care vor accepta s\u0103 se angajeze \u00een institu\u021bii din alte localit\u0103\u021bi, dup\u0103 reorganizarea \u0219colilor \u00een care au activat, vor putea primi o indemniza\u021bie unic\u0103 de relocare de p\u00e2n\u0103 la 300.000 de lei, sprijinul financiar urm\u00e2nd s\u0103 fie achitat \u00een dou\u0103 tran\u0219e egale, de c\u00e2te 150.000 de lei. Prima tran\u0219\u0103 va fi pl\u0103tit\u0103 \u00een termen de 30 de zile de la angajare, iar cea de-a doua dup\u0103 \u0219ase luni, dac\u0103 persoana \u00ee\u0219i continu\u0103 activitatea \u00een institu\u021bia \u00een care a fost \u00eencadrat\u0103. Or, regulamentul stabile\u0219te c\u0103 relocarea este o solu\u021bie de ultim\u0103 instan\u021b\u0103 \u0219i poate fi aplicat\u0103 doar dup\u0103 ce au fost epuizate toate posibilit\u0103\u021bile de \u00eencadrare \u00een \u0219colile din aceea\u0219i unitate administrativ-teritorial\u0103. Dac\u0103 \u021binem cont de faptul c\u0103, \u00een conformitate cu prevederile Codului educa\u021biei, \u00een acest an urmeaz\u0103 s\u0103 fie reorganizate 73 de institu\u021bii de \u00eenv\u0103\u021b\u0103m\u00e2nt, ceea ce reprezint\u0103 aproximativ 6% din totalul \u0219colilor publice din Republica Moldova \u0219i cu un num\u0103r de 683 de cadre didactic, efortul financiar al statului este mai mult dec\u00e2t generos. Cu toate acestea, orice efort financiar merit\u0103 atunci c\u00e2nd este vorba despre calitatea \u00eenv\u0103\u021b\u0103m\u00e2ntului \u0219i ziua de m\u00e2ine a republicii. Potrivit estim\u0103rilor Ministerului Educa\u021biei \u0219i Cercet\u0103rii, majoritatea acestora \u00ee\u0219i vor putea continua activitatea \u00een alte institu\u021bii de \u00eenv\u0103\u021b\u0103m\u00e2nt din acela\u0219i raion, \u00een contextul deficitului de cadre didactice din sistemul educa\u021bional. Pentru a sprijini cadrele didactice care vor fi nevoite s\u0103 se relocheze, au fost alocate 9 milioane de lei destinate acord\u0103rii indemniza\u021biei de relocare.<\/p>\n<div class=\"stream-item stream-item-in-post stream-item-inline-post aligncenter\"><a href=\"https:\/\/vreaulanova.ro\/?utm_source=opiniabuzau&amp;utm_medium=image\" title target=\"_blank\"><img loading=\"lazy\" decoding=\"async\" data-od-unknown-tag data-od-xpath=\"\/HTML\/BODY\/DIV[@class=&apos;background-overlay&apos;]\/*[1][self::DIV]\/*[1][self::DIV]\/*[4][self::DIV]\/*[1][self::DIV]\/*[1][self::DIV]\/*[2][self::ARTICLE]\/*[3][self::DIV]\/*[7][self::DIV]\/*[1][self::A]\/*[1][self::IMG]\" src=\"https:\/\/opiniabuzau.ro\/wp-content\/smush-webp\/2022\/02\/MicrosoftTeams-image-4-1.jpg.webp\" alt width=\"728\" height=\"91\" class=\"perfmatters-lazy\"><img loading=\"lazy\" decoding=\"async\" data-od-unknown-tag data-od-xpath=\"\/HTML\/BODY\/DIV[@class=&apos;background-overlay&apos;]\/*[1][self::DIV]\/*[1][self::DIV]\/*[4][self::DIV]\/*[1][self::DIV]\/*[1][self::DIV]\/*[2][self::ARTICLE]\/*[3][self::DIV]\/*[7][self::DIV]\/*[1][self::A]\/*[1][self::IMG]\" src=\"https:\/\/opiniabuzau.ro\/wp-content\/smush-webp\/2022\/02\/MicrosoftTeams-image-4-1.jpg.webp\" alt width=\"728\" height=\"91\"><\/a><\/div>\n<p>La r\u00e2ndul lor, \u0219i agricultorii au cu se l\u0103uda \u0219i s\u0103 m\u00e2ndri, la nivel macro, fiindc\u0103 anul agricol 2026, \u00een pofida secetei \u0219i altor greut\u0103\u021bi este considerat unul bun, inclusiv a\u0219a cred \u00eens\u0103\u0219i produc\u0103torii agricoli, care \u00ee\u0219i umplu de zor hambarele. Bun\u0103oar\u0103, se atest\u0103 o cre\u0219tere de 8,9% a produc\u021biei agricole globale \u00een primul semestru, cre\u0219tere impulsionat\u0103 de majorarea produc\u021biei vegetale cu 8,6% \u0219i a celei zootehnice cu 9%, de\u0219i unii fermieri se confrunt\u0103 local cu dificult\u0103\u021bi meteorologice. Produc\u021bia vegetal\u0103 a crescut cu 8,6% \u00een primele \u0219ase luni, sus\u021binut\u0103 de extinderea suprafe\u021belor \u00eens\u0103m\u00e2n\u021bate la peste 1,59 milioane de hectare. Sectorul zootehnic a marcat o cre\u0219tere de 9% comparativ cu perioada similar\u0103 a anului trecut. \u0218i s\u0103 nu uit\u0103m c\u0103, acest sezon agricol a debutat cu volume record la exportul de gr\u00e2u \u00eenregistrate \u00een luna iulie. \u00cen alt\u0103 ordine de idei, investi\u021biile \u00een agricultura Republicii Moldova au \u00eenregistrat o cre\u0219tere semnificativ\u0103 \u00een primul semestru al anului 2026, potrivit datelor Agen\u021biei de Interven\u021bie \u0219i Pl\u0103\u021bi pentru Agricultur\u0103. Valoarea pl\u0103\u021bilor post-investi\u021bionale autorizate \u00een primele \u0219ase luni ale anului a dep\u0103\u0219it 1,07 miliarde de lei, pentru peste 2.200 de proiecte investi\u021bionale. Comparativ cu aceea\u0219i perioad\u0103 a anului trecut, cre\u0219terea este de 84,2%. \u00cen primul semestru din 2025, AIPA autorizase pl\u0103\u021bi post-investi\u021bionale de 585,44 milioane de lei pentru 1.035 de proiecte. \u0218i pl\u0103\u021bile \u00een avans au crescut considerabil. \u00cen primele \u0219ase luni ale anului 2026, acestea au ajuns la 196,60 milioane de lei, fa\u021b\u0103 de 117,87 milioane de lei \u00een aceea\u0219i perioad\u0103 din 2025. Cre\u0219terea este de 66,8%. Adic\u0103, nu este dracul at\u00e2t de negru cum \u00eel deseneaz\u0103 unii \u0219i nu sunt liderii agricoli, bun\u0103oar\u0103, cei mai s\u0103raci oameni, chiar dac\u0103 nu este bine s\u0103 te ui\u021bi la buzunarul cuiva.<\/p>\n<p>\u00cen fine, c\u00e2nd aceast\u0103 Tablet\u0103 era finalizat\u0103 \u00eenc\u0103 nu se cunoa\u0219tea care a fost reac\u021bia pedagogilor la solu\u021biile propuse de guvernare \u0219i dac\u0103 \u00eent\u00e2lnirea de vineri a premierului Tofan cu fermierii s-a soldat cu o \u00een\u021belegere dintre p\u0103r\u021bi ori agricultorii vor purcede la proteste \u00een mas\u0103. Un lucru pare s\u0103 fie cert: niciodat\u0103 un premier al Republicii Moldova nu a fost at\u00e2t de sincer cu cet\u0103\u021benii cum a fost Vasile Tofan \u2013 <em>\u201e\u0218tiu c\u0103 sunt motive obiective, dar nu sunt scuze. Nu este vina cet\u0103\u021benilor. De aceea, \u00een numele Guvernului, \u00eemi cer scuze\u201d<\/em>\u2026<\/p>\n<p><strong>Text publicat \u00een <a href=\"https:\/\/observatorul.md\">\u201eObservatorul de Nord\u201d<\/a><\/strong><\/p>\n<\/div>\n<p>[analyse_source url=&#8221;https:\/\/opiniabuzau.ro\/ce-vor-pedagogii-si-agricultorii-si-ce-poate-statul\/&#8221;]<\/p>\n","protected":false},"excerpt":{"rendered":"<p>[analyse_image type=&#8221;featured&#8221; src=&#8221;https:\/\/opiniabuzau.ro\/wp-content\/uploads\/2024\/09\/Cobasneanu-Tableta-scaled.jpg&#8221;] Dintotdeauna toamna a fost anotimpul cel mai \u201erevolu\u021bionar\u201d \u00een Republica Moldova. Anume c\u00e2nd se num\u0103r\u0103 bobocii \u0219i c\u00e2nd ruginesc frunzele \u00een vii unele p\u0103turi sociale \u00ee\u0219i revendic\u0103 pa\u0219nic drepturile, \u00een cel mai bun caz sau merg pe baricade, str\u00e2ng\u00e2nd autorit\u0103\u021bile la col\u021b, \u00een cel mai r\u0103u (pentru autorit\u0103\u021bi) caz. De data aceasta [&hellip;]<\/p>\n","protected":false},"author":1,"featured_media":0,"comment_status":"open","ping_status":"","sticky":false,"template":"","format":"standard","meta":{"footnotes":""},"categories":[2],"tags":[226,44],"class_list":["post-2110218","post","type-post","status-publish","format-standard","hentry","category-politics","tag-crawlmanager","tag-opiniabuzau-ro"],"_links":{"self":[{"href":"https:\/\/analyse.optim.biz\/index.php?rest_route=\/wp\/v2\/posts\/2110218","targetHints":{"allow":["GET"]}}],"collection":[{"href":"https:\/\/analyse.optim.biz\/index.php?rest_route=\/wp\/v2\/posts"}],"about":[{"href":"https:\/\/analyse.optim.biz\/index.php?rest_route=\/wp\/v2\/types\/post"}],"author":[{"embeddable":true,"href":"https:\/\/analyse.optim.biz\/index.php?rest_route=\/wp\/v2\/users\/1"}],"replies":[{"embeddable":true,"href":"https:\/\/analyse.optim.biz\/index.php?rest_route=%2Fwp%2Fv2%2Fcomments&post=2110218"}],"version-history":[{"count":0,"href":"https:\/\/analyse.optim.biz\/index.php?rest_route=\/wp\/v2\/posts\/2110218\/revisions"}],"wp:attachment":[{"href":"https:\/\/analyse.optim.biz\/index.php?rest_route=%2Fwp%2Fv2%2Fmedia&parent=2110218"}],"wp:term":[{"taxonomy":"category","embeddable":true,"href":"https:\/\/analyse.optim.biz\/index.php?rest_route=%2Fwp%2Fv2%2Fcategories&post=2110218"},{"taxonomy":"post_tag","embeddable":true,"href":"https:\/\/analyse.optim.biz\/index.php?rest_route=%2Fwp%2Fv2%2Ftags&post=2110218"}],"curies":[{"name":"wp","href":"https:\/\/api.w.org\/{rel}","templated":true}]}}