{"id":2110058,"date":"2026-08-24T10:35:54","date_gmt":"2026-08-24T07:35:54","guid":{"rendered":"https:\/\/analyse.optim.biz\/?p=2110058"},"modified":"2026-08-24T10:35:54","modified_gmt":"2026-08-24T07:35:54","slug":"expozitii-de-pictura-grafica-si-fotografie-colectii-de-arta-oferta-culturala-a-cjt-pentru-perioada-24","status":"publish","type":"post","link":"https:\/\/analyse.optim.biz\/?p=2110058","title":{"rendered":"Expozi\u021bii de pictur\u0103, grafic\u0103 \u0219i fotografie, colec\u021bii de art\u0103. Oferta cultural\u0103 a CJT pentru perioada 24 \u2013"},"content":{"rendered":"<p>[analyse_image type=&#8221;featured&#8221; src=&#8221;https:\/\/renasterea.ro\/ro\/wp-content\/uploads\/muzeul-satului-banatean-6.jpghttps:\/\/renasterea.ro\/ro\/wp-content\/uploads\/muzeul-satului-banatean-6.jpg&#8221;]<\/p>\n<div class=\"entry-content\"><img loading=\"lazy\" decoding=\"async\" width=\"700\" height=\"389\" src=\"https:\/\/renasterea.ro\/ro\/wp-content\/uploads\/muzeul-satului-banatean-6.jpg\" class=\"attachment-medium size-medium wp-post-image\" alt=\"Expozi\u021bii de pictur\u0103, grafic\u0103 \u0219i fotografie, colec\u021bii de art\u0103. Oferta cultural\u0103 a CJT pentru perioada 24 \u2013 30 august\" title=\"Expozi\u021bii de pictur\u0103, grafic\u0103 \u0219i fotografie, colec\u021bii de art\u0103. Oferta cultural\u0103 a CJT pentru perioada 24 \u2013 30 august 1\"><\/p>\n<h4><strong>Expozi\u021bii de pictur\u0103, grafic\u0103 \u0219i fotografie, colec\u021bii de art\u0103. Oferta cultural\u0103 a CJT pentru perioada 24 \u2013 30 august.<\/strong><\/h4>\n<p>Consiliul Jude\u021bean Timi\u0219 propune publicului, prin institu\u021biile sale de cultur\u0103, o serie de expozi\u021bii \u0219i manifest\u0103ri culturale dedicate artei, patrimoniului \u0219i istoriei Banatului.<\/p>\n<p>Oferta acestei s\u0103pt\u0103m\u00e2ni include expozi\u021bii de pictur\u0103, grafic\u0103 \u0219i fotografie, colec\u021bii de art\u0103, precum \u0219i expozi\u021bii dedicate patrimoniului istoric \u0219i tradi\u021biilor b\u0103n\u0103\u021bene.<\/p>\n<p>Programul evenimentelor este urm\u0103torul:<\/p>\n<p><strong>LUNI, 24 AUGUST<\/strong><\/p>\n<p><em>Centrul Multifunc\u021bional Bastion<\/em><br \/>\n\u2022 Expozi\u021bie de pictur\u0103 \u0219i grafic\u0103 \u201eTimi\u0219oara, te \u00eendr\u0103gesc!\u201d;<br \/>\n\u2022 Expozi\u021bie colectiv\u0103 \u201eSteps to Your Heart\u201d \u2013 Conacul Mocioni din Foeni;<br \/>\n\u2022 Expozi\u021bie de fotografie \u201eUmbrele str\u0103mo\u0219ilor uita\u021bi\u201d \u2013 Conacul Mocioni din Foeni.<\/p>\n<p><em>Centrul de Cultur\u0103 \u0219i Art\u0103 al Jude\u021bului Timi\u0219<\/em><br \/>\n\u2022 Expozi\u021bia \u201eParadisul de dup\u0103 col\u021b\u201d.<\/p>\n<p><strong>MAR\u021aI, 25 AUGUST<\/strong><\/p>\n<p><em>Centrul Multifunc\u021bional Bastion<\/em><br \/>\n\u2022 Expozi\u021bie de pictur\u0103 \u0219i grafic\u0103 \u201eTimi\u0219oara, te \u00eendr\u0103gesc!\u201d;<br \/>\n\u2022 Expozi\u021bie colectiv\u0103 \u201eSteps to Your Heart\u201d \u2013 Conacul Mocioni din Foeni;<br \/>\n\u2022 Expozi\u021bie de fotografie \u201eUmbrele str\u0103mo\u0219ilor uita\u021bi\u201d \u2013 Conacul Mocioni din Foeni.<\/p>\n<p><em>Centrul de Cultur\u0103 \u0219i Art\u0103 al Jude\u021bului Timi\u0219<\/em><br \/>\n\u2022 Expozi\u021bia \u201eParadisul de dup\u0103 col\u021b\u201d.<\/p>\n<p><strong>MIERCURI, 26 AUGUST<\/strong><\/p>\n<p><em>Centrul Multifunc\u021bional Bastion<\/em><br \/>\n\u2022 Expozi\u021bie de pictur\u0103 \u0219i grafic\u0103 \u201eTimi\u0219oara, te \u00eendr\u0103gesc!\u201d;<br \/>\n\u2022 Expozi\u021bie colectiv\u0103 \u201eSteps to Your Heart\u201d \u2013 Conacul Mocioni din Foeni;<br \/>\n\u2022 Expozi\u021bie de fotografie \u201eUmbrele str\u0103mo\u0219ilor uita\u021bi\u201d \u2013 Conacul Mocioni din Foeni.<\/p>\n<p><em>Centrul de Cultur\u0103 \u0219i Art\u0103 al Jude\u021bului Timi\u0219<\/em><br \/>\n\u2022 Expozi\u021bia \u201eParadisul de dup\u0103 col\u021b\u201d.<\/p>\n<p><em>Muzeul Na\u021bional de Art\u0103 Timi\u0219oara<\/em><br \/>\n\u2022 Expozi\u021bia permanent\u0103 \u201eArt\u0103 B\u0103n\u0103\u021bean\u0103 \u0219i Art\u0103 Modern\u0103 Rom\u00e2neasc\u0103\u201d;<br \/>\n\u2022 Expozi\u021bia permanent\u0103 \u201eArt\u0103 European\u0103\u201d \u2013 Fondul Ormos Zsigmond;<br \/>\n\u2022 Expozi\u021bia permanent\u0103 \u201eLaborator restaurare-conservare\u201d;<br \/>\n\u2022 Expozi\u021bia permanent\u0103 a colec\u021biei \u201eCorneliu Baba\u201d;<br \/>\n\u2022 Expozi\u021bia interactiv\u0103 \u201eBufetul Sim\u021burilor\u201d, \u00een Galeria Arcada;<br \/>\n\u2022 Expozi\u021bia \u201eUtopie \u0219i cercetare. Grupurile experimentale timi\u0219orene 111 \u0219i Sigma (1966-1981)\u201d;<br \/>\n\u2022 MNArT Open View: \u201eCompozi\u021bie\u201d, semnat\u0103 de Corneliu Vasilescu (1934\u20132023);<br \/>\n\u2022 Expozi\u021bia Absolven\u021bilor Facult\u0103\u021bii de Arte \u0219i Design UVT 2026 \u2013 \u201e Turning Point\u201d.<\/p>\n<p><em>Muzeul Na\u021bional al Banatului<\/em><br \/>\n\u2022 Expozi\u021bia permanent\u0103 \u201eIstoria militar\u0103 a Banatului\u201d, Bastion Maria Theresia, parter;<br \/>\n\u2022 Expozi\u021bia permanent\u0103 \u201eSpa\u021biile Oravitzan\u201d, Bastion Maria Theresia, hol etajul I;<br \/>\n\u2022 Expozi\u021bia \u201eBastion Viola. Fr\u00e2nturi din istoria Politehnicii\u201d, Bastion Maria Theresia, hol etajul I;<br \/>\n\u2022 Expozi\u021bia permanent\u0103 \u201e\u0218tefan Popa Popa\u2019s\u201d, Bastion Maria Theresia, parter;<br \/>\n\u2022 Expozi\u021bia \u201eOglinda frumuse\u021bii! De la simplitatea femeii la divinitatea zei\u021bei \u00een antichitate\u201d, Bastion Maria Theresia, mansarda B2.<\/p>\n<p><em>Muzeul Satului B\u0103n\u0103\u021bean Timi\u0219oara<\/em><br \/>\n\u2022 Expozi\u021bia permanent\u0103 \u201eO zi din via\u021ba satului \u2013 Banatul \u00een comunism\u201d;<br \/>\n\u2022 Expozi\u021bia \u201e Uneltele p\u0103m\u00e2ntului. Agricultur\u0103 \u0219i me\u0219te\u0219ug \u00een Banatul multietnic\u201d;<br \/>\n\u2022 Expozi\u021bia \u201ePove\u0219ti din v\u00e2rful casei. \u021aigle, lut \u0219i me\u0219te\u0219ug\u201d;<br \/>\n\u2022 \u201eCasa de la Drag\u0219ina\u201d, specific\u0103 zonei V\u0103ii Pog\u0103ni\u0219ului \u0219i Dealurilor Silagiului;<br \/>\n\u2022 Ansamblul de gospod\u0103rii \u0219i monumente de arhitectur\u0103 tradi\u021bional\u0103, \u00een aer liber.<\/p>\n<p><strong>JOI, 27 AUGUST<\/strong><\/p>\n<p><em>Centrul Multifunc\u021bional Bastion<\/em><br \/>\n\u2022 Expozi\u021bie de pictur\u0103 \u0219i grafic\u0103 \u201eTimi\u0219oara, te \u00eendr\u0103gesc!\u201d;<br \/>\n\u2022 Expozi\u021bie colectiv\u0103 \u201eSteps to Your Heart\u201d \u2013 Conacul Mocioni din Foeni;<br \/>\n\u2022 Expozi\u021bie de fotografie \u201eUmbrele str\u0103mo\u0219ilor uita\u021bi\u201d \u2013 Conacul Mocioni din Foeni.<\/p>\n<p><em>Centrul de Cultur\u0103 \u0219i Art\u0103 al Jude\u021bului Timi\u0219<\/em><br \/>\n\u2022 Expozi\u021bia \u201eParadisul de dup\u0103 col\u021b\u201d.<\/p>\n<p><em>Muzeul Na\u021bional de Art\u0103 Timi\u0219oara<\/em><br \/>\n\u2022 Expozi\u021bia permanent\u0103 \u201eArt\u0103 B\u0103n\u0103\u021bean\u0103 \u0219i Art\u0103 Modern\u0103 Rom\u00e2neasc\u0103\u201d;<br \/>\n\u2022 Expozi\u021bia permanent\u0103 \u201eArt\u0103 European\u0103\u201d \u2013 Fondul Ormos Zsigmond;<br \/>\n\u2022 Expozi\u021bia permanent\u0103 \u201eLaborator restaurare-conservare\u201d;<br \/>\n\u2022 Expozi\u021bia permanent\u0103 a colec\u021biei \u201eCorneliu Baba\u201d;<br \/>\n\u2022 Expozi\u021bia interactiv\u0103 \u201eBufetul Sim\u021burilor\u201d, \u00een Galeria Arcada;<br \/>\n\u2022 Expozi\u021bia \u201eUtopie \u0219i cercetare. Grupurile experimentale timi\u0219orene 111 \u0219i Sigma (1966-1981)\u201d;<br \/>\n\u2022 MNArT Open View: \u201eCompozi\u021bie\u201d, semnat\u0103 de Corneliu Vasilescu (1934\u20132023);<br \/>\n\u2022 Expozi\u021bia Absolven\u021bilor Facult\u0103\u021bii de Arte \u0219i Design UVT 2026 \u2013 \u201e Turning Point\u201d.<\/p>\n<p><em>Muzeul Na\u021bional al Banatului<\/em><br \/>\n\u2022 Expozi\u021bia permanent\u0103 \u201eIstoria militar\u0103 a Banatului\u201d, Bastion Maria Theresia, parter;<br \/>\n\u2022 Expozi\u021bia permanent\u0103 \u201eSpa\u021biile Oravitzan\u201d, Bastion Maria Theresia, hol etajul I;<br \/>\n\u2022 Expozi\u021bia \u201eBastion Viola. Fr\u00e2nturi din istoria Politehnicii\u201d, Bastion Maria Theresia, hol etajul I;<br \/>\n\u2022 Expozi\u021bia permanent\u0103 \u201e\u0218tefan Popa Popa\u2019s\u201d, Bastion Maria Theresia, parter;<br \/>\n\u2022 Expozi\u021bia \u201eOglinda frumuse\u021bii! De la simplitatea femeii la divinitatea zei\u021bei \u00een antichitate\u201d, Bastion Maria Theresia, mansarda B2.<\/p>\n<p><em>Muzeul Satului B\u0103n\u0103\u021bean Timi\u0219oara<\/em><br \/>\n\u2022 Expozi\u021bia permanent\u0103 \u201eO zi din via\u021ba satului \u2013 Banatul \u00een comunism\u201d;<br \/>\n\u2022 Expozi\u021bia \u201e Uneltele p\u0103m\u00e2ntului. Agricultur\u0103 \u0219i me\u0219te\u0219ug \u00een Banatul multietnic\u201d;<br \/>\n\u2022 Expozi\u021bia \u201ePove\u0219ti din v\u00e2rful casei. \u021aigle, lut \u0219i me\u0219te\u0219ug\u201d;<br \/>\n\u2022 \u201eCasa de la Drag\u0219ina\u201d, specific\u0103 zonei V\u0103ii Pog\u0103ni\u0219ului \u0219i Dealurilor Silagiului;<br \/>\n\u2022 Ansamblul de gospod\u0103rii \u0219i monumente de arhitectur\u0103 tradi\u021bional\u0103, \u00een aer liber.<\/p>\n<p><strong>VINERI, 28 AUGUST<\/strong><\/p>\n<p><em>Centrul Multifunc\u021bional Bastion<\/em><br \/>\n\u2022 Expozi\u021bie de pictur\u0103 \u0219i grafic\u0103 \u201eTimi\u0219oara, te \u00eendr\u0103gesc!\u201d;<br \/>\n\u2022 Expozi\u021bie colectiv\u0103 \u201eSteps to Your Heart\u201d \u2013 Conacul Mocioni din Foeni;<br \/>\n\u2022 Expozi\u021bie de fotografie \u201eUmbrele str\u0103mo\u0219ilor uita\u021bi\u201d \u2013 Conacul Mocioni din Foeni.<\/p>\n<p><em>Centrul de Cultur\u0103 \u0219i Art\u0103 al Jude\u021bului Timi\u0219<\/em><br \/>\n\u2022 Expozi\u021bia \u201eParadisul de dup\u0103 col\u021b\u201d.<\/p>\n<p><em>Muzeul Na\u021bional de Art\u0103 Timi\u0219oara<\/em><br \/>\n\u2022 Expozi\u021bia permanent\u0103 \u201eArt\u0103 B\u0103n\u0103\u021bean\u0103 \u0219i Art\u0103 Modern\u0103 Rom\u00e2neasc\u0103\u201d;<br \/>\n\u2022 Expozi\u021bia permanent\u0103 \u201eArt\u0103 European\u0103\u201d \u2013 Fondul Ormos Zsigmond;<br \/>\n\u2022 Expozi\u021bia permanent\u0103 \u201eLaborator restaurare-conservare\u201d;<br \/>\n\u2022 Expozi\u021bia permanent\u0103 a colec\u021biei \u201eCorneliu Baba\u201d;<br \/>\n\u2022 Expozi\u021bia interactiv\u0103 \u201eBufetul Sim\u021burilor\u201d, \u00een Galeria Arcada;<br \/>\n\u2022 Expozi\u021bia \u201eUtopie \u0219i cercetare. Grupurile experimentale timi\u0219orene 111 \u0219i Sigma (1966-1981)\u201d;<br \/>\n\u2022 MNArT Open View: \u201eCompozi\u021bie\u201d, semnat\u0103 de Corneliu Vasilescu (1934\u20132023);<br \/>\n\u2022 Expozi\u021bia Absolven\u021bilor Facult\u0103\u021bii de Arte \u0219i Design UVT 2026 \u2013 \u201e Turning Point\u201d.<\/p>\n<p><em>Muzeul Na\u021bional al Banatului<\/em><br \/>\n\u2022 Expozi\u021bia permanent\u0103 \u201eIstoria militar\u0103 a Banatului\u201d, Bastion Maria Theresia, parter;<br \/>\n\u2022 Expozi\u021bia permanent\u0103 \u201eSpa\u021biile Oravitzan\u201d, Bastion Maria Theresia, hol etajul I;<br \/>\n\u2022 Expozi\u021bia \u201eBastion Viola. Fr\u00e2nturi din istoria Politehnicii\u201d, Bastion Maria Theresia, hol etajul I;<br \/>\n\u2022 Expozi\u021bia permanent\u0103 \u201e\u0218tefan Popa Popa\u2019s\u201d, Bastion Maria Theresia, parter;<br \/>\n\u2022 Expozi\u021bia \u201eOglinda frumuse\u021bii! De la simplitatea femeii la divinitatea zei\u021bei \u00een antichitate\u201d, Bastion Maria Theresia, mansarda B2.<\/p>\n<p><em>Muzeul Satului B\u0103n\u0103\u021bean Timi\u0219oara<\/em><br \/>\n\u2022 Expozi\u021bia permanent\u0103 \u201eO zi din via\u021ba satului \u2013 Banatul \u00een comunism\u201d;<br \/>\n\u2022 Expozi\u021bia \u201e Uneltele p\u0103m\u00e2ntului. Agricultur\u0103 \u0219i me\u0219te\u0219ug \u00een Banatul multietnic\u201d;<br \/>\n\u2022 Expozi\u021bia \u201ePove\u0219ti din v\u00e2rful casei. \u021aigle, lut \u0219i me\u0219te\u0219ug\u201d;<br \/>\n\u2022 \u201eCasa de la Drag\u0219ina\u201d, specific\u0103 zonei V\u0103ii Pog\u0103ni\u0219ului \u0219i Dealurilor Silagiului;<br \/>\n\u2022 Ansamblul de gospod\u0103rii \u0219i monumente de arhitectur\u0103 tradi\u021bional\u0103, \u00een aer liber.<\/p>\n<p><strong>S\u00c2MB\u0102T\u0102, 29 AUGUST<\/strong><\/p>\n<p><em>Centrul Multifunc\u021bional Bastion<\/em><br \/>\n\u2022 Expozi\u021bie de pictur\u0103 \u0219i grafic\u0103 \u201eTimi\u0219oara, te \u00eendr\u0103gesc!\u201d;<br \/>\n\u2022 Expozi\u021bie colectiv\u0103 \u201eSteps to Your Heart\u201d \u2013 Conacul Mocioni din Foeni;<br \/>\n\u2022 Expozi\u021bie de fotografie \u201eUmbrele str\u0103mo\u0219ilor uita\u021bi\u201d \u2013 Conacul Mocioni din Foeni.<\/p>\n<p><em>Muzeul Na\u021bional de Art\u0103 Timi\u0219oara<\/em><br \/>\n\u2022 Expozi\u021bia permanent\u0103 \u201eArt\u0103 B\u0103n\u0103\u021bean\u0103 \u0219i Art\u0103 Modern\u0103 Rom\u00e2neasc\u0103\u201d;<br \/>\n\u2022 Expozi\u021bia permanent\u0103 \u201eArt\u0103 European\u0103\u201d \u2013 Fondul Ormos Zsigmond;<br \/>\n\u2022 Expozi\u021bia permanent\u0103 \u201eLaborator restaurare-conservare\u201d;<br \/>\n\u2022 Expozi\u021bia permanent\u0103 a colec\u021biei \u201eCorneliu Baba\u201d;<br \/>\n\u2022 Expozi\u021bia interactiv\u0103 \u201eBufetul Sim\u021burilor\u201d, \u00een Galeria Arcada;<br \/>\n\u2022 Expozi\u021bia \u201eUtopie \u0219i cercetare. Grupurile experimentale timi\u0219orene 111 \u0219i Sigma (1966-1981)\u201d;<br \/>\n\u2022 MNArT Open View: \u201eCompozi\u021bie\u201d, semnat\u0103 de Corneliu Vasilescu (1934\u20132023);<br \/>\n\u2022 Expozi\u021bia Absolven\u021bilor Facult\u0103\u021bii de Arte \u0219i Design UVT 2026 \u2013 \u201e Turning Point\u201d.<\/p>\n<p><em>Muzeul Na\u021bional al Banatului<\/em><br \/>\n\u2022 Expozi\u021bia permanent\u0103 \u201eIstoria militar\u0103 a Banatului\u201d, Bastion Maria Theresia, parter;<br \/>\n\u2022 Expozi\u021bia permanent\u0103 \u201eSpa\u021biile Oravitzan\u201d, Bastion Maria Theresia, hol etajul I;<br \/>\n\u2022 Expozi\u021bia \u201eBastion Viola. Fr\u00e2nturi din istoria Politehnicii\u201d, Bastion Maria Theresia, hol etajul I;<br \/>\n\u2022 Expozi\u021bia permanent\u0103 \u201e\u0218tefan Popa Popa\u2019s\u201d, Bastion Maria Theresia, parter;<br \/>\n\u2022 Expozi\u021bia \u201eOglinda frumuse\u021bii! De la simplitatea femeii la divinitatea zei\u021bei \u00een antichitate\u201d, Bastion Maria Theresia, mansarda B2.<\/p>\n<p><em>Muzeul Satului B\u0103n\u0103\u021bean Timi\u0219oara<\/em><br \/>\n\u2022 Expozi\u021bia permanent\u0103 \u201eO zi din via\u021ba satului \u2013 Banatul \u00een comunism\u201d;<br \/>\n\u2022 Expozi\u021bia \u201e Uneltele p\u0103m\u00e2ntului. Agricultur\u0103 \u0219i me\u0219te\u0219ug \u00een Banatul multietnic\u201d;<br \/>\n\u2022 Expozi\u021bia \u201ePove\u0219ti din v\u00e2rful casei. \u021aigle, lut \u0219i me\u0219te\u0219ug\u201d;<br \/>\n\u2022 \u201eCasa de la Drag\u0219ina\u201d, specific\u0103 zonei V\u0103ii Pog\u0103ni\u0219ului \u0219i Dealurilor Silagiului;<br \/>\n\u2022 Ansamblul de gospod\u0103rii \u0219i monumente de arhitectur\u0103 tradi\u021bional\u0103, \u00een aer liber.<\/p>\n<p><strong>DUMINIC\u0102, 30 AUGUST<\/strong><\/p>\n<p><em>Centrul Multifunc\u021bional Bastion<\/em><br \/>\n\u2022 Expozi\u021bie de pictur\u0103 \u0219i grafic\u0103 \u201eTimi\u0219oara, te \u00eendr\u0103gesc!\u201d;<br \/>\n\u2022 Expozi\u021bie colectiv\u0103 \u201eSteps to Your Heart\u201d \u2013 Conacul Mocioni din Foeni;<br \/>\n\u2022 Expozi\u021bie de fotografie \u201eUmbrele str\u0103mo\u0219ilor uita\u021bi\u201d \u2013 Conacul Mocioni din Foeni.<\/p>\n<p><em>Muzeul Na\u021bional de Art\u0103 Timi\u0219oara<\/em><br \/>\n\u2022 Expozi\u021bia permanent\u0103 \u201eArt\u0103 B\u0103n\u0103\u021bean\u0103 \u0219i Art\u0103 Modern\u0103 Rom\u00e2neasc\u0103\u201d;<br \/>\n\u2022 Expozi\u021bia permanent\u0103 \u201eArt\u0103 European\u0103\u201d \u2013 Fondul Ormos Zsigmond;<br \/>\n\u2022 Expozi\u021bia permanent\u0103 \u201eLaborator restaurare-conservare\u201d;<br \/>\n\u2022 Expozi\u021bia permanent\u0103 a colec\u021biei \u201eCorneliu Baba\u201d;<br \/>\n\u2022 Expozi\u021bia interactiv\u0103 \u201eBufetul Sim\u021burilor\u201d, \u00een Galeria Arcada;<br \/>\n\u2022 Expozi\u021bia \u201eUtopie \u0219i cercetare. Grupurile experimentale timi\u0219orene 111 \u0219i Sigma (1966-1981)\u201d;<br \/>\n\u2022 MNArT Open View: \u201eCompozi\u021bie\u201d, semnat\u0103 de Corneliu Vasilescu (1934\u20132023);<br \/>\n\u2022 Expozi\u021bia Absolven\u021bilor Facult\u0103\u021bii de Arte \u0219i Design UVT 2026 \u2013 \u201e Turning Point\u201d.<\/p>\n<p><em>Muzeul Na\u021bional al Banatului<\/em><br \/>\n\u2022 Expozi\u021bia permanent\u0103 \u201eIstoria militar\u0103 a Banatului\u201d, Bastion Maria Theresia, parter;<br \/>\n\u2022 Expozi\u021bia permanent\u0103 \u201eSpa\u021biile Oravitzan\u201d, Bastion Maria Theresia, hol etajul I;<br \/>\n\u2022 Expozi\u021bia \u201eBastion Viola. Fr\u00e2nturi din istoria Politehnicii\u201d, Bastion Maria Theresia, hol etajul I;<br \/>\n\u2022 Expozi\u021bia permanent\u0103 \u201e\u0218tefan Popa Popa\u2019s\u201d, Bastion Maria Theresia, parter;<br \/>\n\u2022 Expozi\u021bia \u201eOglinda frumuse\u021bii! De la simplitatea femeii la divinitatea zei\u021bei \u00een antichitate\u201d, Bastion Maria Theresia, mansarda B2.<\/p>\n<p><em>Muzeul Satului B\u0103n\u0103\u021bean Timi\u0219oara<\/em><br \/>\n\u2022 Expozi\u021bia permanent\u0103 \u201eO zi din via\u021ba satului \u2013 Banatul \u00een comunism\u201d;<br \/>\n\u2022 Expozi\u021bia \u201e Uneltele p\u0103m\u00e2ntului. Agricultur\u0103 \u0219i me\u0219te\u0219ug \u00een Banatul multietnic\u201d;<br \/>\n\u2022 Expozi\u021bia \u201ePove\u0219ti din v\u00e2rful casei. \u021aigle, lut \u0219i me\u0219te\u0219ug\u201d;<br \/>\n\u2022 \u201eCasa de la Drag\u0219ina\u201d, specific\u0103 zonei V\u0103ii Pog\u0103ni\u0219ului \u0219i Dealurilor Silagiului;<br \/>\n\u2022 Ansamblul de gospod\u0103rii \u0219i monumente de arhitectur\u0103 tradi\u021bional\u0103, \u00een aer liber.<\/p>\n<h2><strong>CITE\u0218TE \u0218I: <a href=\"https:\/\/renasterea.ro\/pompierii-romani-lupta-si-noaptea-cu-incendiile-din-serbia-trei-echipaje-relocate-de-urgenta\/\">Pompierii rom\u00e2ni lupt\u0103 \u0219i noaptea cu incendiile din Serbia. Trei echipaje, relocate de urgen\u021b\u0103<\/a><\/strong><\/h2>\n<\/div>\n<p>[analyse_source url=&#8221;https:\/\/renasterea.ro\/expozitii-de-pictura-grafica-si-fotografie-colectii-de-arta-oferta-culturala-a-cjt-pentru-perioada-24-30-august\/&#8221;]<\/p>\n","protected":false},"excerpt":{"rendered":"<p>[analyse_image type=&#8221;featured&#8221; src=&#8221;https:\/\/renasterea.ro\/ro\/wp-content\/uploads\/muzeul-satului-banatean-6.jpghttps:\/\/renasterea.ro\/ro\/wp-content\/uploads\/muzeul-satului-banatean-6.jpg&#8221;] Expozi\u021bii de pictur\u0103, grafic\u0103 \u0219i fotografie, colec\u021bii de art\u0103. Oferta cultural\u0103 a CJT pentru perioada 24 \u2013 30 august. Consiliul Jude\u021bean Timi\u0219 propune publicului, prin institu\u021biile sale de cultur\u0103, o serie de expozi\u021bii \u0219i manifest\u0103ri culturale dedicate artei, patrimoniului \u0219i istoriei Banatului. Oferta acestei s\u0103pt\u0103m\u00e2ni include expozi\u021bii de pictur\u0103, grafic\u0103 \u0219i fotografie, [&hellip;]<\/p>\n","protected":false},"author":1,"featured_media":0,"comment_status":"open","ping_status":"","sticky":false,"template":"","format":"standard","meta":{"footnotes":""},"categories":[89],"tags":[226,188],"class_list":["post-2110058","post","type-post","status-publish","format-standard","hentry","category-romania","tag-crawlmanager","tag-renasterea-ro"],"_links":{"self":[{"href":"https:\/\/analyse.optim.biz\/index.php?rest_route=\/wp\/v2\/posts\/2110058","targetHints":{"allow":["GET"]}}],"collection":[{"href":"https:\/\/analyse.optim.biz\/index.php?rest_route=\/wp\/v2\/posts"}],"about":[{"href":"https:\/\/analyse.optim.biz\/index.php?rest_route=\/wp\/v2\/types\/post"}],"author":[{"embeddable":true,"href":"https:\/\/analyse.optim.biz\/index.php?rest_route=\/wp\/v2\/users\/1"}],"replies":[{"embeddable":true,"href":"https:\/\/analyse.optim.biz\/index.php?rest_route=%2Fwp%2Fv2%2Fcomments&post=2110058"}],"version-history":[{"count":0,"href":"https:\/\/analyse.optim.biz\/index.php?rest_route=\/wp\/v2\/posts\/2110058\/revisions"}],"wp:attachment":[{"href":"https:\/\/analyse.optim.biz\/index.php?rest_route=%2Fwp%2Fv2%2Fmedia&parent=2110058"}],"wp:term":[{"taxonomy":"category","embeddable":true,"href":"https:\/\/analyse.optim.biz\/index.php?rest_route=%2Fwp%2Fv2%2Fcategories&post=2110058"},{"taxonomy":"post_tag","embeddable":true,"href":"https:\/\/analyse.optim.biz\/index.php?rest_route=%2Fwp%2Fv2%2Ftags&post=2110058"}],"curies":[{"name":"wp","href":"https:\/\/api.w.org\/{rel}","templated":true}]}}