{"id":2110055,"date":"2026-08-21T10:32:46","date_gmt":"2026-08-21T07:32:46","guid":{"rendered":"https:\/\/analyse.optim.biz\/?p=2110055"},"modified":"2026-08-21T10:32:46","modified_gmt":"2026-08-21T07:32:46","slug":"ciocnire-intre-un-tractor-si-un-autoturism-la-galanesti-politistii-au-depistat-ca-tractorul-era-neinmatriculat-si-transporta-lemn-ilegal","status":"publish","type":"post","link":"https:\/\/analyse.optim.biz\/?p=2110055","title":{"rendered":"Ciocnire \u00eentre un tractor \u0219i un autoturism la G\u0103l\u0103ne\u0219ti. Poli\u021bi\u0219tii au depistat c\u0103 tractorul era ne\u00eenmatriculat \u0219i transporta lemn ilegal \u00a0 \u00a0 \u00a0 \u00a0 \u00a0 \u00a0\u00a0"},"content":{"rendered":"<p>[analyse_image type=&#8221;featured&#8221; src=&#8221;https:\/\/img.svnews.ro\/foto\/2021\/12\/11\/276719\/7452f2e2de9af26b83f1f65e6.jpg&#8221;]<\/p>\n<div class=\"entry\"><img loading=\"lazy\" decoding=\"async\" width=\"650\" height=\"325\" src=\"https:\/\/img.svnews.ro\/foto\/2021\/12\/11\/276719\/7452f2e2de9af26b83f1f65e606500325.jpg\" alt><\/p>\n<div class=\"entry_content\">\n<p>La data de 20 august ora 06:32, lucr\u0103torii Sec\u021biei 4 Poli\u021bie Rural\u0103 G\u0103l\u0103ne\u0219ti au fost sesiza\u021bi prin 112 privind producerea unui accident rutier soldat cu pagube materiale \u00een care a fost implicat un tractor agricol marca Fiat 550, ce era tracta o remorc\u0103 ce transporta material lemnos \u0219i un autoturism marca Suzuki. Mai departe, s-a procedat la completarea declara\u021biilor de tamponare de c\u0103tre conduc\u0103torul tractorului agricol \u0219i autoturismului marca Suzuki. Cei doi \u0219oferi au fost condu\u0219i la sediul Sec\u021biei 4 Poli\u021bie Rural\u0103 G\u0103l\u0103ne\u0219ti, loc unde ace\u0219tia au fost testa\u021bi cu aparatul etilometru marca, rezultatul test\u0103rii fiind de 0,00 mg\/l alcool pur \u00een aerul expirat. \u00centruc\u00e2t conduc\u0103torul tractorului agricol, nu a putut prezenta documente de provenien\u021b\u0103 pentru materialul lemnos pe care \u00eel transporta \u00een remorc\u0103, luc\u0103torii de poli\u021bie \u00eempreun\u0103 cu lucr\u0103torii din cadrul OS Marginea au transportat la Ocolul Silvic Marginea materialul lemnos, iar ca urmare a inventarierii a rezultat o canitate de 3,10 m3, \u00een valoare de 815 lei. Materialul lemnos a fost confiscat, iar numitul din comuna Voitinel a fost sanc\u021bionat potrivit articolului 19 din Legea 171\/2010. Cu ocazia verific\u0103rilor efectuate s-a stabilit faptul c\u0103 b\u0103rbatul a condus tractorul agricol marca Fiat 550 acesta fiind \u00eenregistrat la Prim\u0103ria Comunei Voitinel. Totodat\u0103 s-a stabilit faptul c\u0103 tractorul agricol nu de\u021bine o poli\u021b\u0103 de asigurare valabil\u0103, iar remorca tractat\u0103 de acesta nu este \u00eenregistrat\u0103\/\u00eenmatriculat\u0103. \u00cen cauz\u0103 urmeaz\u0103 a se efectua cercet\u0103ri sub aspectul s\u0103v\u00e2r\u015firii infrac\u021biunii de \u201dPunerea \u00een circula\u021bie sau conducerea unui vehicul ne\u00eenmatriculat,, fapt\u0103 prev. \u015fi ped. de art. 334 alin.(3), din Codul Penal.<\/p>\n<\/div>\n<div>\n<div>VN:F [1.9.22_1171]<\/div>\n<div class=\"ratingblock \">\n<div class=\"ratingstars \">\n<div id=\"article_loader_554825\" class=\"ratingloaderarticle\">\n<div class=\"loader arrows \">\n<div class=\"loaderinner\">se actualizeaz\u0103&#8230;<\/div>\n<\/div>\n<\/div>\n<\/div>\n<div class=\"ratingtext \">\n<div id=\"gdr_text_a554825\">Rating: 0.0\/<strong>10<\/strong> (0 votes cast)<\/div>\n<\/div>\n<\/div>\n<\/div>\n<\/div>\n<div class=\"entry_content\">\n<p>La data de 20 august ora 06:32, lucr\u0103torii Sec\u021biei 4 Poli\u021bie Rural\u0103 G\u0103l\u0103ne\u0219ti au fost sesiza\u021bi prin 112 privind producerea unui accident rutier soldat cu pagube materiale \u00een care a fost implicat un tractor agricol marca Fiat 550, ce era tracta o remorc\u0103 ce transporta material lemnos \u0219i un autoturism marca Suzuki. Mai departe, s-a procedat la completarea declara\u021biilor de tamponare de c\u0103tre conduc\u0103torul tractorului agricol \u0219i autoturismului marca Suzuki. Cei doi \u0219oferi au fost condu\u0219i la sediul Sec\u021biei 4 Poli\u021bie Rural\u0103 G\u0103l\u0103ne\u0219ti, loc unde ace\u0219tia au fost testa\u021bi cu aparatul etilometru marca, rezultatul test\u0103rii fiind de 0,00 mg\/l alcool pur \u00een aerul expirat. \u00centruc\u00e2t conduc\u0103torul tractorului agricol, nu a putut prezenta documente de provenien\u021b\u0103 pentru materialul lemnos pe care \u00eel transporta \u00een remorc\u0103, luc\u0103torii de poli\u021bie \u00eempreun\u0103 cu lucr\u0103torii din cadrul OS Marginea au transportat la Ocolul Silvic Marginea materialul lemnos, iar ca urmare a inventarierii a rezultat o canitate de 3,10 m3, \u00een valoare de 815 lei. Materialul lemnos a fost confiscat, iar numitul din comuna Voitinel a fost sanc\u021bionat potrivit articolului 19 din Legea 171\/2010. Cu ocazia verific\u0103rilor efectuate s-a stabilit faptul c\u0103 b\u0103rbatul a condus tractorul agricol marca Fiat 550 acesta fiind \u00eenregistrat la Prim\u0103ria Comunei Voitinel. Totodat\u0103 s-a stabilit faptul c\u0103 tractorul agricol nu de\u021bine o poli\u021b\u0103 de asigurare valabil\u0103, iar remorca tractat\u0103 de acesta nu este \u00eenregistrat\u0103\/\u00eenmatriculat\u0103. \u00cen cauz\u0103 urmeaz\u0103 a se efectua cercet\u0103ri sub aspectul s\u0103v\u00e2r\u015firii infrac\u021biunii de \u201dPunerea \u00een circula\u021bie sau conducerea unui vehicul ne\u00eenmatriculat,, fapt\u0103 prev. \u015fi ped. de art. 334 alin.(3), din Codul Penal.<\/p>\n<\/div>\n<p>[analyse_source url=&#8221;https:\/\/www.svnews.ro\/ciocnire-intre-un-tractor-si-un-autoturism-la-galanesti-politistii-au-depistat-ca-tractorul-era-neinmatriculat-si-transporta-lemn-ilegal\/554825\/&#8221;]<\/p>\n","protected":false},"excerpt":{"rendered":"<p>[analyse_image type=&#8221;featured&#8221; src=&#8221;https:\/\/img.svnews.ro\/foto\/2021\/12\/11\/276719\/7452f2e2de9af26b83f1f65e6.jpg&#8221;] La data de 20 august ora 06:32, lucr\u0103torii Sec\u021biei 4 Poli\u021bie Rural\u0103 G\u0103l\u0103ne\u0219ti au fost sesiza\u021bi prin 112 privind producerea unui accident rutier soldat cu pagube materiale \u00een care a fost implicat un tractor agricol marca Fiat 550, ce era tracta o remorc\u0103 ce transporta material lemnos \u0219i un autoturism marca Suzuki. [&hellip;]<\/p>\n","protected":false},"author":1,"featured_media":0,"comment_status":"open","ping_status":"","sticky":false,"template":"","format":"standard","meta":{"footnotes":""},"categories":[89],"tags":[226,175],"class_list":["post-2110055","post","type-post","status-publish","format-standard","hentry","category-romania","tag-crawlmanager","tag-svnews-ro"],"_links":{"self":[{"href":"https:\/\/analyse.optim.biz\/index.php?rest_route=\/wp\/v2\/posts\/2110055","targetHints":{"allow":["GET"]}}],"collection":[{"href":"https:\/\/analyse.optim.biz\/index.php?rest_route=\/wp\/v2\/posts"}],"about":[{"href":"https:\/\/analyse.optim.biz\/index.php?rest_route=\/wp\/v2\/types\/post"}],"author":[{"embeddable":true,"href":"https:\/\/analyse.optim.biz\/index.php?rest_route=\/wp\/v2\/users\/1"}],"replies":[{"embeddable":true,"href":"https:\/\/analyse.optim.biz\/index.php?rest_route=%2Fwp%2Fv2%2Fcomments&post=2110055"}],"version-history":[{"count":0,"href":"https:\/\/analyse.optim.biz\/index.php?rest_route=\/wp\/v2\/posts\/2110055\/revisions"}],"wp:attachment":[{"href":"https:\/\/analyse.optim.biz\/index.php?rest_route=%2Fwp%2Fv2%2Fmedia&parent=2110055"}],"wp:term":[{"taxonomy":"category","embeddable":true,"href":"https:\/\/analyse.optim.biz\/index.php?rest_route=%2Fwp%2Fv2%2Fcategories&post=2110055"},{"taxonomy":"post_tag","embeddable":true,"href":"https:\/\/analyse.optim.biz\/index.php?rest_route=%2Fwp%2Fv2%2Ftags&post=2110055"}],"curies":[{"name":"wp","href":"https:\/\/api.w.org\/{rel}","templated":true}]}}