{"id":2110048,"date":"2026-08-21T10:26:33","date_gmt":"2026-08-21T07:26:33","guid":{"rendered":"https:\/\/analyse.optim.biz\/?p=2110048"},"modified":"2026-08-21T10:26:33","modified_gmt":"2026-08-21T07:26:33","slug":"accident-grav-cu-trotineta-electrica-la-falticeni","status":"publish","type":"post","link":"https:\/\/analyse.optim.biz\/?p=2110048","title":{"rendered":"Accident grav cu trotineta electric\u0103 la F\u0103lticeni \u00a0"},"content":{"rendered":"<p>[analyse_image type=&#8221;featured&#8221; src=&#8221;https:\/\/img.svnews.ro\/foto\/2022\/07\/16\/304061\/a383292dde9c900103bb81da2.jpg&#8221;]<\/p>\n<div class=\"entry\"><img loading=\"lazy\" decoding=\"async\" width=\"650\" height=\"325\" src=\"https:\/\/img.svnews.ro\/foto\/2022\/07\/16\/304061\/a383292dde9c900103bb81da206500325.jpg\" alt><\/p>\n<div class=\"entry_content\">\n<p>La data de 20 august ora 10:56, ofi\u021berul de serviciu din cadrul Poli\u021biei F\u0103lticeni a fost sesizat cu privire la faptul c\u0103 pe raza municipiului F\u0103lticeni s-a produs un eveniment rutier cu 2 persoane ce se deplasau pe o trotinet\u0103. Din verific\u0103rile efectuate, s-a stabilit faptul c\u0103 la data de 20.08.2026, \u00een jurul orei 10:53 un pu\u0219tan de 17 ani, \u00een timp ce conducea o trotinet\u0103 electric\u0103, av\u00e2nd pasager un prieten \u00een v\u00e2rst\u0103 de 18 ani, pe marginea p\u0103r\u021bii carosabile a str\u0103zii Ion Creang\u0103 din F\u0103lticeni din direc\u021bia de mers R\u0103d\u0103\u0219eni c\u0103tre Pia\u021ba Mihai Sadoveanu, s-au dezechilibrat \u0219i au c\u0103zut pe partea carosabil\u0103 carosabil\u0103, f\u0103r\u0103 a fi victima vreunei infrac\u021biuni. \u00cen urma evenimentului, a rezultat v\u0103t\u0103marea corporal\u0103 a conduc\u0103torului trotinetei care a fost transportat la Spitalul F\u0103lticeni, unde i s-a stabilit diagnosticul de ,, politraumatism\u201d \u0219i a pasagerului care a fost transportat la Spitalul F\u0103lticeni, unde i s-a stabilit diagnosticul de ,, policontuzionat, traumatism um\u0103r st\u00e2ng\u201d. Conduc\u0103torul trotinetei electrice a fost testat cu aparatul etilometru, rezultatul fiind 0.00 mg\/l alcool pur \u00een aerul expirat. De asemenea, acesta a fost transferat la Spitalul Jude\u021bean Suceava pentru investiga\u021bii suplimentare. \u00cen cauz\u0103 s-a \u00eentocmit dosar penal sub aspectul s\u0103v\u00e2r\u0219irii infrac\u021biunii de ,,v\u0103t\u0103mare corporal\u0103 din culp\u0103\u201d, fapt\u0103 prev. \u0219i ped. de art. 196 alin.(2) \u0219i (3) din Codul Penal.<\/p>\n<\/div>\n<div>\n<div>VN:F [1.9.22_1171]<\/div>\n<div class=\"ratingblock \">\n<div class=\"ratingstars \">\n<div id=\"article_loader_554822\" class=\"ratingloaderarticle\">\n<div class=\"loader arrows \">\n<div class=\"loaderinner\">se actualizeaz\u0103&#8230;<\/div>\n<\/div>\n<\/div>\n<\/div>\n<div class=\"ratingtext \">\n<div id=\"gdr_text_a554822\">Rating: 0.0\/<strong>10<\/strong> (0 votes cast)<\/div>\n<\/div>\n<\/div>\n<\/div>\n<\/div>\n<div class=\"entry_content\">\n<p>La data de 20 august ora 10:56, ofi\u021berul de serviciu din cadrul Poli\u021biei F\u0103lticeni a fost sesizat cu privire la faptul c\u0103 pe raza municipiului F\u0103lticeni s-a produs un eveniment rutier cu 2 persoane ce se deplasau pe o trotinet\u0103. Din verific\u0103rile efectuate, s-a stabilit faptul c\u0103 la data de 20.08.2026, \u00een jurul orei 10:53 un pu\u0219tan de 17 ani, \u00een timp ce conducea o trotinet\u0103 electric\u0103, av\u00e2nd pasager un prieten \u00een v\u00e2rst\u0103 de 18 ani, pe marginea p\u0103r\u021bii carosabile a str\u0103zii Ion Creang\u0103 din F\u0103lticeni din direc\u021bia de mers R\u0103d\u0103\u0219eni c\u0103tre Pia\u021ba Mihai Sadoveanu, s-au dezechilibrat \u0219i au c\u0103zut pe partea carosabil\u0103 carosabil\u0103, f\u0103r\u0103 a fi victima vreunei infrac\u021biuni. \u00cen urma evenimentului, a rezultat v\u0103t\u0103marea corporal\u0103 a conduc\u0103torului trotinetei care a fost transportat la Spitalul F\u0103lticeni, unde i s-a stabilit diagnosticul de ,, politraumatism\u201d \u0219i a pasagerului care a fost transportat la Spitalul F\u0103lticeni, unde i s-a stabilit diagnosticul de ,, policontuzionat, traumatism um\u0103r st\u00e2ng\u201d. Conduc\u0103torul trotinetei electrice a fost testat cu aparatul etilometru, rezultatul fiind 0.00 mg\/l alcool pur \u00een aerul expirat. De asemenea, acesta a fost transferat la Spitalul Jude\u021bean Suceava pentru investiga\u021bii suplimentare. \u00cen cauz\u0103 s-a \u00eentocmit dosar penal sub aspectul s\u0103v\u00e2r\u0219irii infrac\u021biunii de ,,v\u0103t\u0103mare corporal\u0103 din culp\u0103\u201d, fapt\u0103 prev. \u0219i ped. de art. 196 alin.(2) \u0219i (3) din Codul Penal.<\/p>\n<\/div>\n<p>[analyse_source url=&#8221;https:\/\/www.svnews.ro\/accident-grav-cu-trotineta-electrica-la-falticeni\/554822\/&#8221;]<\/p>\n","protected":false},"excerpt":{"rendered":"<p>[analyse_image type=&#8221;featured&#8221; src=&#8221;https:\/\/img.svnews.ro\/foto\/2022\/07\/16\/304061\/a383292dde9c900103bb81da2.jpg&#8221;] La data de 20 august ora 10:56, ofi\u021berul de serviciu din cadrul Poli\u021biei F\u0103lticeni a fost sesizat cu privire la faptul c\u0103 pe raza municipiului F\u0103lticeni s-a produs un eveniment rutier cu 2 persoane ce se deplasau pe o trotinet\u0103. Din verific\u0103rile efectuate, s-a stabilit faptul c\u0103 la data de 20.08.2026, \u00een [&hellip;]<\/p>\n","protected":false},"author":1,"featured_media":0,"comment_status":"open","ping_status":"","sticky":false,"template":"","format":"standard","meta":{"footnotes":""},"categories":[89],"tags":[226,175],"class_list":["post-2110048","post","type-post","status-publish","format-standard","hentry","category-romania","tag-crawlmanager","tag-svnews-ro"],"_links":{"self":[{"href":"https:\/\/analyse.optim.biz\/index.php?rest_route=\/wp\/v2\/posts\/2110048","targetHints":{"allow":["GET"]}}],"collection":[{"href":"https:\/\/analyse.optim.biz\/index.php?rest_route=\/wp\/v2\/posts"}],"about":[{"href":"https:\/\/analyse.optim.biz\/index.php?rest_route=\/wp\/v2\/types\/post"}],"author":[{"embeddable":true,"href":"https:\/\/analyse.optim.biz\/index.php?rest_route=\/wp\/v2\/users\/1"}],"replies":[{"embeddable":true,"href":"https:\/\/analyse.optim.biz\/index.php?rest_route=%2Fwp%2Fv2%2Fcomments&post=2110048"}],"version-history":[{"count":0,"href":"https:\/\/analyse.optim.biz\/index.php?rest_route=\/wp\/v2\/posts\/2110048\/revisions"}],"wp:attachment":[{"href":"https:\/\/analyse.optim.biz\/index.php?rest_route=%2Fwp%2Fv2%2Fmedia&parent=2110048"}],"wp:term":[{"taxonomy":"category","embeddable":true,"href":"https:\/\/analyse.optim.biz\/index.php?rest_route=%2Fwp%2Fv2%2Fcategories&post=2110048"},{"taxonomy":"post_tag","embeddable":true,"href":"https:\/\/analyse.optim.biz\/index.php?rest_route=%2Fwp%2Fv2%2Ftags&post=2110048"}],"curies":[{"name":"wp","href":"https:\/\/api.w.org\/{rel}","templated":true}]}}