{"id":2110047,"date":"2026-08-21T10:24:32","date_gmt":"2026-08-21T07:24:32","guid":{"rendered":"https:\/\/analyse.optim.biz\/?p=2110047"},"modified":"2026-08-21T10:24:32","modified_gmt":"2026-08-21T07:24:32","slug":"altercatie-cu-pumni-si-injurii-pornita-de-la-o-femeie-intre-doi-contrabandisti-de-tigari-intr-un-bar-din-brodina","status":"publish","type":"post","link":"https:\/\/analyse.optim.biz\/?p=2110047","title":{"rendered":"Alterca\u021bie cu pumni \u0219i injurii pornit\u0103 de la o femeie \u00eentre doi contrabandi\u0219ti de \u021big\u0103ri \u00eentr-un bar din Brodina"},"content":{"rendered":"<p>[analyse_image type=&#8221;featured&#8221; src=&#8221;https:\/\/img.svnews.ro\/foto\/2025\/11\/02\/498424\/db561ce98f80adb17c9453096.jpg&#8221;]<\/p>\n<div class=\"entry\"><img loading=\"lazy\" decoding=\"async\" width=\"650\" height=\"325\" src=\"https:\/\/img.svnews.ro\/foto\/2025\/11\/02\/498424\/db561ce98f80adb17c945309606500325.jpg\" alt><\/p>\n<div class=\"entry_content\">\n<p>\u00cen noaptea de 15 spre 16 august \u00een jurul orei 23:20, lucr\u0103torii subunit\u0103\u021bii au fost sesiza\u021bi direct pe telefonul de serviciu de c\u0103tre gestionara unui bar din Brodina care a reclamat faptul c\u0103 \u00een incinta localului a avut loc un scandal. Av\u00e2nd \u00een vedere sesizarea, de la nivelul subunit\u0103\u021bii s-a deplasat un echipaj de poli\u021bie care i-a identificat at\u00e2t pe gestionara magazinului c\u00e2t \u0219i pe un client care se afla \u00eentr-o stare avansat\u0103 de ebrietate \u0219i care a declarat c\u0103 a fost lovit de mai multe persoane. Echipajul de poli\u021bie l-a condus pe numit la sediul subunit\u0103\u021bii pentru a oferii detalii cu privire la evenimentul \u00een care a fost implicat. Ini\u021bial, acesta a declarat verbal c\u0103 a fost t\u00e2lh\u0103rit de un l\u0103n\u021bi\u0219or, apoi a declarat c\u0103 de fapt nu a fost t\u00e2lh\u0103rit \u0219i c\u0103 l\u0103n\u021bi\u0219orul este posibil s\u0103 \u00eei fi fost luat de un prieten al s\u0103u, pentru a nu fi sustras de autorii lovirii, ca ulterior s\u0103 declare c\u0103 nu depune nicio sesizare, pe motiv c\u0103 vrea s\u0103 se \u00eent\u00e2lneasc\u0103 cu prietenul s\u0103u care s\u0103-i povesteasc\u0103 cum au decurs lucrurile. Fiind \u00eentrebat de persoanele care l-au agresat, a declarat c\u0103 pe marea majoritate le \u0219tie doar din vedere, f\u0103r\u0103 a le cunoa\u0219te numele. Susnumitul a fost invitat la sediul poli\u021biei la data de 16.08.2026, \u00eens\u0103 acesta nu s-a prezentat, motiv pentru care lucr\u0103torii subunit\u0103\u021bii s-au sesizat din oficiu cu privire la infrac\u021biunile de \u201elovirea sau alte violen\u021be\u201d, fapt\u0103 prev. \u0219i ped. de art. 193 alin. (1) \u0219i alin. (2^1) lit. c) din Codul penal, \u201dfurt calificat\u201d, fapt\u0103 prev. \u0219i ped. de art. 228, alin. (1) combinat cu art. 229 alin. (1) lit. b) din Codul Penal, \u201dtulburarea ordinii \u0219i lini\u0219tii publice\u201d fapt\u0103 prev. \u0219i ped. de art.371 alin. (2) din Codul Penal. \u00cen urma probatoriului administrat \u00een cauz\u0103, s-a stabilit urm\u0103toarea situa\u021bie de fapt:<\/p>\n<p>La data de 15.08.2026, \u00een jurul orei 22:00, \u00een barul din Brodina au intrat cinci barbate. Ace\u0219tia s-au a\u0219ezat la bar \u0219i au comandat \u0219i consumat b\u0103uturi alcoolice. Persoan v\u0103t\u0103mat\u0103 se afla pe terasa barului \u00eempreun\u0103 cu patru prieteni. La un moment dat, \u00eentre victim\u0103 \u0219i unul dintre cei cinci b\u0103rba\u021bi ambii cunoscu\u021bi cu implica\u021bii \u00een activit\u0103\u021bi de contraband\u0103, a \u00eenceput o discu\u021bie \u00een contradictoriu, cu privire la o femeie care \u201ei-ar fi distrus via\u021ba\u201d unuia dintre ei. Discu\u021bia a degenerat \u00een scandal cu loviri.<\/p>\n<p>\u00cen urma probatoriului administrat, s-a continuat urm\u0103rirea penal\u0103 fa\u021b\u0103 de trei suspec\u021bi sub aspectul s\u0103v\u00e2r\u0219irii infrac\u021biunilor de \u201elovirea sau alte violen\u021be\u201d, \u0219i \u201dtulburarea ordinii \u0219i lini\u0219tii publice\u201d iar fa\u021b\u0103 de un al patrulea s-a dispus efecuarea \u00een continuare a urm\u0103ririi penale \u0219i pentru infrac\u021biunea de \u201dfurt calificat\u201d, const\u00e2nd \u00een aceea c\u0103 a sustras suma de 2500 de lei, de pe masa la care st\u0103tea victima dup\u0103 terminarea conflictului. Cu privire la l\u0103n\u021bi\u0219orul din aur, apar\u021bin\u00e2nd victimei a rezultat c\u0103 acesta nu i-a fost sustras de c\u0103tre persoanele implicate, ci s-a rupt de la g\u00e2t \u00een timpul alterca\u021biei acesta fiind ridicat de jos de c\u0103tre prietenul s\u0103u \u0219i \u00eennapoiat ulterior, la aceea\u0219i dat\u0103, fapt confirmat.<\/p>\n<\/div>\n<div>\n<div>VN:F [1.9.22_1171]<\/div>\n<div class=\"ratingblock \">\n<div class=\"ratingstars \">\n<div id=\"article_loader_554821\" class=\"ratingloaderarticle\">\n<div class=\"loader arrows \">\n<div class=\"loaderinner\">se actualizeaz\u0103&#8230;<\/div>\n<\/div>\n<\/div>\n<\/div>\n<div class=\"ratingtext \">\n<div id=\"gdr_text_a554821\">Rating: 0.0\/<strong>10<\/strong> (0 votes cast)<\/div>\n<\/div>\n<\/div>\n<\/div>\n<\/div>\n<div class=\"entry_content\">\n<p>\u00cen noaptea de 15 spre 16 august \u00een jurul orei 23:20, lucr\u0103torii subunit\u0103\u021bii au fost sesiza\u021bi direct pe telefonul de serviciu de c\u0103tre gestionara unui bar din Brodina care a reclamat faptul c\u0103 \u00een incinta localului a avut loc un scandal. Av\u00e2nd \u00een vedere sesizarea, de la nivelul subunit\u0103\u021bii s-a deplasat un echipaj de poli\u021bie care i-a identificat at\u00e2t pe gestionara magazinului c\u00e2t \u0219i pe un client care se afla \u00eentr-o stare avansat\u0103 de ebrietate \u0219i care a declarat c\u0103 a fost lovit de mai multe persoane. Echipajul de poli\u021bie l-a condus pe numit la sediul subunit\u0103\u021bii pentru a oferii detalii cu privire la evenimentul \u00een care a fost implicat. Ini\u021bial, acesta a declarat verbal c\u0103 a fost t\u00e2lh\u0103rit de un l\u0103n\u021bi\u0219or, apoi a declarat c\u0103 de fapt nu a fost t\u00e2lh\u0103rit \u0219i c\u0103 l\u0103n\u021bi\u0219orul este posibil s\u0103 \u00eei fi fost luat de un prieten al s\u0103u, pentru a nu fi sustras de autorii lovirii, ca ulterior s\u0103 declare c\u0103 nu depune nicio sesizare, pe motiv c\u0103 vrea s\u0103 se \u00eent\u00e2lneasc\u0103 cu prietenul s\u0103u care s\u0103-i povesteasc\u0103 cum au decurs lucrurile. Fiind \u00eentrebat de persoanele care l-au agresat, a declarat c\u0103 pe marea majoritate le \u0219tie doar din vedere, f\u0103r\u0103 a le cunoa\u0219te numele. Susnumitul a fost invitat la sediul poli\u021biei la data de 16.08.2026, \u00eens\u0103 acesta nu s-a prezentat, motiv pentru care lucr\u0103torii subunit\u0103\u021bii s-au sesizat din oficiu cu privire la infrac\u021biunile de \u201elovirea sau alte violen\u021be\u201d, fapt\u0103 prev. \u0219i ped. de art. 193 alin. (1) \u0219i alin. (2^1) lit. c) din Codul penal, \u201dfurt calificat\u201d, fapt\u0103 prev. \u0219i ped. de art. 228, alin. (1) combinat cu art. 229 alin. (1) lit. b) din Codul Penal, \u201dtulburarea ordinii \u0219i lini\u0219tii publice\u201d fapt\u0103 prev. \u0219i ped. de art.371 alin. (2) din Codul Penal. \u00cen urma probatoriului administrat \u00een cauz\u0103, s-a stabilit urm\u0103toarea situa\u021bie de fapt:<\/p>\n<p>La data de 15.08.2026, \u00een jurul orei 22:00, \u00een barul din Brodina au intrat cinci barbate. Ace\u0219tia s-au a\u0219ezat la bar \u0219i au comandat \u0219i consumat b\u0103uturi alcoolice. Persoan v\u0103t\u0103mat\u0103 se afla pe terasa barului \u00eempreun\u0103 cu patru prieteni. La un moment dat, \u00eentre victim\u0103 \u0219i unul dintre cei cinci b\u0103rba\u021bi ambii cunoscu\u021bi cu implica\u021bii \u00een activit\u0103\u021bi de contraband\u0103, a \u00eenceput o discu\u021bie \u00een contradictoriu, cu privire la o femeie care \u201ei-ar fi distrus via\u021ba\u201d unuia dintre ei. Discu\u021bia a degenerat \u00een scandal cu loviri.<\/p>\n<p>\u00cen urma probatoriului administrat, s-a continuat urm\u0103rirea penal\u0103 fa\u021b\u0103 de trei suspec\u021bi sub aspectul s\u0103v\u00e2r\u0219irii infrac\u021biunilor de \u201elovirea sau alte violen\u021be\u201d, \u0219i \u201dtulburarea ordinii \u0219i lini\u0219tii publice\u201d iar fa\u021b\u0103 de un al patrulea s-a dispus efecuarea \u00een continuare a urm\u0103ririi penale \u0219i pentru infrac\u021biunea de \u201dfurt calificat\u201d, const\u00e2nd \u00een aceea c\u0103 a sustras suma de 2500 de lei, de pe masa la care st\u0103tea victima dup\u0103 terminarea conflictului. Cu privire la l\u0103n\u021bi\u0219orul din aur, apar\u021bin\u00e2nd victimei a rezultat c\u0103 acesta nu i-a fost sustras de c\u0103tre persoanele implicate, ci s-a rupt de la g\u00e2t \u00een timpul alterca\u021biei acesta fiind ridicat de jos de c\u0103tre prietenul s\u0103u \u0219i \u00eennapoiat ulterior, la aceea\u0219i dat\u0103, fapt confirmat.<\/p>\n<\/div>\n<p>[analyse_source url=&#8221;https:\/\/www.svnews.ro\/altercatie-cu-pumni-si-injurii-pornita-de-la-o-femeie-intre-doi-contrabandisti-de-tigari-intr-un-bar-din-brodina\/554821\/&#8221;]<\/p>\n","protected":false},"excerpt":{"rendered":"<p>[analyse_image type=&#8221;featured&#8221; src=&#8221;https:\/\/img.svnews.ro\/foto\/2025\/11\/02\/498424\/db561ce98f80adb17c9453096.jpg&#8221;] \u00cen noaptea de 15 spre 16 august \u00een jurul orei 23:20, lucr\u0103torii subunit\u0103\u021bii au fost sesiza\u021bi direct pe telefonul de serviciu de c\u0103tre gestionara unui bar din Brodina care a reclamat faptul c\u0103 \u00een incinta localului a avut loc un scandal. Av\u00e2nd \u00een vedere sesizarea, de la nivelul subunit\u0103\u021bii s-a deplasat un [&hellip;]<\/p>\n","protected":false},"author":1,"featured_media":0,"comment_status":"open","ping_status":"","sticky":false,"template":"","format":"standard","meta":{"footnotes":""},"categories":[89],"tags":[226,175],"class_list":["post-2110047","post","type-post","status-publish","format-standard","hentry","category-romania","tag-crawlmanager","tag-svnews-ro"],"_links":{"self":[{"href":"https:\/\/analyse.optim.biz\/index.php?rest_route=\/wp\/v2\/posts\/2110047","targetHints":{"allow":["GET"]}}],"collection":[{"href":"https:\/\/analyse.optim.biz\/index.php?rest_route=\/wp\/v2\/posts"}],"about":[{"href":"https:\/\/analyse.optim.biz\/index.php?rest_route=\/wp\/v2\/types\/post"}],"author":[{"embeddable":true,"href":"https:\/\/analyse.optim.biz\/index.php?rest_route=\/wp\/v2\/users\/1"}],"replies":[{"embeddable":true,"href":"https:\/\/analyse.optim.biz\/index.php?rest_route=%2Fwp%2Fv2%2Fcomments&post=2110047"}],"version-history":[{"count":0,"href":"https:\/\/analyse.optim.biz\/index.php?rest_route=\/wp\/v2\/posts\/2110047\/revisions"}],"wp:attachment":[{"href":"https:\/\/analyse.optim.biz\/index.php?rest_route=%2Fwp%2Fv2%2Fmedia&parent=2110047"}],"wp:term":[{"taxonomy":"category","embeddable":true,"href":"https:\/\/analyse.optim.biz\/index.php?rest_route=%2Fwp%2Fv2%2Fcategories&post=2110047"},{"taxonomy":"post_tag","embeddable":true,"href":"https:\/\/analyse.optim.biz\/index.php?rest_route=%2Fwp%2Fv2%2Ftags&post=2110047"}],"curies":[{"name":"wp","href":"https:\/\/api.w.org\/{rel}","templated":true}]}}