{"id":2110045,"date":"2026-08-21T10:17:50","date_gmt":"2026-08-21T07:17:50","guid":{"rendered":"https:\/\/analyse.optim.biz\/?p=2110045"},"modified":"2026-08-21T10:17:50","modified_gmt":"2026-08-21T07:17:50","slug":"pieton-bagat-in-spital-de-un-sofer-neatent-care-l-a-izbit-pe-o-trecere-de-pietoni-din-campulung-moldovenesc","status":"publish","type":"post","link":"https:\/\/analyse.optim.biz\/?p=2110045","title":{"rendered":"Pieton b\u0103gat \u00een spital de un \u0219ofer neatent care l-a izbit pe o trecere de pietoni din C\u00e2mpulung Moldovenesc"},"content":{"rendered":"<p>[analyse_image type=&#8221;featured&#8221; src=&#8221;https:\/\/img.svnews.ro\/foto\/2019\/05\/17\/177485\/512e90cfda1928ffe8f7d66f1.jpg&#8221;]<\/p>\n<div class=\"entry\"><img loading=\"lazy\" decoding=\"async\" width=\"650\" height=\"325\" src=\"https:\/\/img.svnews.ro\/foto\/2019\/05\/17\/177485\/512e90cfda1928ffe8f7d66f106500325.jpg\" alt><\/p>\n<div class=\"entry_content\">\n<p>Joi la ora 18:26 un b\u0103rbat de 48 ani, din Iacobeni, \u00een timp ce conducea autoturismul marca Citroen pe Calea Bucovinei din C\u00e2mpulung Moldovenesc, av\u00e2nd direc\u021bia de deplasare dinspre comuna Vama spre comuna Pojor\u00e2ta, ajuns \u00een zona intersec\u021biei cu str. M\u0103r\u021bi\u0219orului, a surprins \u0219i accidentat un pieton de 51 ani, care era angajat \u00een traversarea drumului pe trecerea de pietoni marcat\u0103 \u0219i semnalizat\u0103 corespunz\u0103tor, din partea st\u00e2ng\u0103 a direc\u021biei de deplasare a autoturismului. \u00cen urma impactului, pietonul a fost proiectat \u00een partea lateral\u0103 spate a autoturismului marca Renault condus de un b\u0103rbat de 52 ani, din Br\u0103ila care circula dinspre comuna Pojor\u00e2ta spre comuna Vama, fiind oprit pentru a acorda prioritate de trecere pietonului angajat \u00een traversarea drumului public. \u00cen urma accidentului, pietonul a suferit leziuni, fiind preluat de un echipaj SAJ \u0219i transportat la Spitalul C\u00e2mpulung Moldovenesc, unde a fost diagnosticat cu traumatism prin accident rutier. Conduc\u0103torii auto au fost testa\u021bi cu aparatul etilometru, rezultatele fiind negative. S-a \u00eentocmit dosar penal sub aspectul s\u0103v\u00e2r\u0219irii infrac\u021biunii de v\u0103t\u0103mare corporal\u0103 din culp\u0103, fapt\u0103 prev. \u0219i ped. de art. 196 alin 2 \u0219i 3 din Codul Penal.<\/p>\n<\/div>\n<div>\n<div>VN:F [1.9.22_1171]<\/div>\n<div class=\"ratingblock \">\n<div class=\"ratingstars \">\n<div id=\"article_loader_554818\" class=\"ratingloaderarticle\">\n<div class=\"loader arrows \">\n<div class=\"loaderinner\">se actualizeaz\u0103&#8230;<\/div>\n<\/div>\n<\/div>\n<\/div>\n<div class=\"ratingtext \">\n<div id=\"gdr_text_a554818\">Rating: 0.0\/<strong>10<\/strong> (0 votes cast)<\/div>\n<\/div>\n<\/div>\n<\/div>\n<\/div>\n<div class=\"entry_content\">\n<p>Joi la ora 18:26 un b\u0103rbat de 48 ani, din Iacobeni, \u00een timp ce conducea autoturismul marca Citroen pe Calea Bucovinei din C\u00e2mpulung Moldovenesc, av\u00e2nd direc\u021bia de deplasare dinspre comuna Vama spre comuna Pojor\u00e2ta, ajuns \u00een zona intersec\u021biei cu str. M\u0103r\u021bi\u0219orului, a surprins \u0219i accidentat un pieton de 51 ani, care era angajat \u00een traversarea drumului pe trecerea de pietoni marcat\u0103 \u0219i semnalizat\u0103 corespunz\u0103tor, din partea st\u00e2ng\u0103 a direc\u021biei de deplasare a autoturismului. \u00cen urma impactului, pietonul a fost proiectat \u00een partea lateral\u0103 spate a autoturismului marca Renault condus de un b\u0103rbat de 52 ani, din Br\u0103ila care circula dinspre comuna Pojor\u00e2ta spre comuna Vama, fiind oprit pentru a acorda prioritate de trecere pietonului angajat \u00een traversarea drumului public. \u00cen urma accidentului, pietonul a suferit leziuni, fiind preluat de un echipaj SAJ \u0219i transportat la Spitalul C\u00e2mpulung Moldovenesc, unde a fost diagnosticat cu traumatism prin accident rutier. Conduc\u0103torii auto au fost testa\u021bi cu aparatul etilometru, rezultatele fiind negative. S-a \u00eentocmit dosar penal sub aspectul s\u0103v\u00e2r\u0219irii infrac\u021biunii de v\u0103t\u0103mare corporal\u0103 din culp\u0103, fapt\u0103 prev. \u0219i ped. de art. 196 alin 2 \u0219i 3 din Codul Penal.<\/p>\n<\/div>\n<p>[analyse_source url=&#8221;https:\/\/www.svnews.ro\/pieton-bagat-in-spital-de-un-sofer-neatent-care-l-a-izbit-pe-o-trecere-de-pietoni-din-campulung-moldovenesc\/554818\/&#8221;]<\/p>\n","protected":false},"excerpt":{"rendered":"<p>[analyse_image type=&#8221;featured&#8221; src=&#8221;https:\/\/img.svnews.ro\/foto\/2019\/05\/17\/177485\/512e90cfda1928ffe8f7d66f1.jpg&#8221;] Joi la ora 18:26 un b\u0103rbat de 48 ani, din Iacobeni, \u00een timp ce conducea autoturismul marca Citroen pe Calea Bucovinei din C\u00e2mpulung Moldovenesc, av\u00e2nd direc\u021bia de deplasare dinspre comuna Vama spre comuna Pojor\u00e2ta, ajuns \u00een zona intersec\u021biei cu str. M\u0103r\u021bi\u0219orului, a surprins \u0219i accidentat un pieton de 51 ani, care era [&hellip;]<\/p>\n","protected":false},"author":1,"featured_media":0,"comment_status":"open","ping_status":"","sticky":false,"template":"","format":"standard","meta":{"footnotes":""},"categories":[89],"tags":[226,175],"class_list":["post-2110045","post","type-post","status-publish","format-standard","hentry","category-romania","tag-crawlmanager","tag-svnews-ro"],"_links":{"self":[{"href":"https:\/\/analyse.optim.biz\/index.php?rest_route=\/wp\/v2\/posts\/2110045","targetHints":{"allow":["GET"]}}],"collection":[{"href":"https:\/\/analyse.optim.biz\/index.php?rest_route=\/wp\/v2\/posts"}],"about":[{"href":"https:\/\/analyse.optim.biz\/index.php?rest_route=\/wp\/v2\/types\/post"}],"author":[{"embeddable":true,"href":"https:\/\/analyse.optim.biz\/index.php?rest_route=\/wp\/v2\/users\/1"}],"replies":[{"embeddable":true,"href":"https:\/\/analyse.optim.biz\/index.php?rest_route=%2Fwp%2Fv2%2Fcomments&post=2110045"}],"version-history":[{"count":0,"href":"https:\/\/analyse.optim.biz\/index.php?rest_route=\/wp\/v2\/posts\/2110045\/revisions"}],"wp:attachment":[{"href":"https:\/\/analyse.optim.biz\/index.php?rest_route=%2Fwp%2Fv2%2Fmedia&parent=2110045"}],"wp:term":[{"taxonomy":"category","embeddable":true,"href":"https:\/\/analyse.optim.biz\/index.php?rest_route=%2Fwp%2Fv2%2Fcategories&post=2110045"},{"taxonomy":"post_tag","embeddable":true,"href":"https:\/\/analyse.optim.biz\/index.php?rest_route=%2Fwp%2Fv2%2Ftags&post=2110045"}],"curies":[{"name":"wp","href":"https:\/\/api.w.org\/{rel}","templated":true}]}}