{"id":2110039,"date":"2026-08-21T09:46:04","date_gmt":"2026-08-21T06:46:04","guid":{"rendered":"https:\/\/analyse.optim.biz\/?p=2110039"},"modified":"2026-08-21T09:46:04","modified_gmt":"2026-08-21T06:46:04","slug":"doi-barbati-raniti-grav-dupa-ce-au-fost-aruncati-din-caruta-de-calul-care-s-a-speriat-de-zgomotul-unui-utilaj-ce-lucra-pe-dn2e","status":"publish","type":"post","link":"https:\/\/analyse.optim.biz\/?p=2110039","title":{"rendered":"Doi barba\u021bi r\u0103ni\u021bi grav dup\u0103 ce au fost arunca\u021bi din c\u0103ru\u021b\u0103 de calul care s-a speriat de zgomotul unui utilaj ce lucra pe DN2E"},"content":{"rendered":"<p>[analyse_image type=&#8221;featured&#8221; src=&#8221;https:\/\/img.svnews.ro\/foto\/2025\/12\/06\/505447\/ecfe6c9ba1694ff6c2ff16469.jpg&#8221;]<\/p>\n<div class=\"entry\"><img loading=\"lazy\" decoding=\"async\" width=\"650\" height=\"325\" src=\"https:\/\/img.svnews.ro\/foto\/2025\/12\/06\/505447\/ecfe6c9ba1694ff6c2ff1646906500325.jpg\" alt><\/p>\n<div class=\"entry_content\">\n<p>La data de 20 august orele 09:29, patrula de siguran\u021b\u0103 public\u0103 din cadrul Sec\u021biei 3 Poli\u021bie Rural\u0103 Marginea, a fost sesizat\u0103 prin 112 de c\u0103tre un b\u0103rbat din Marginea cu privire la faptul c\u0103 o persoan\u0103 a sc\u0103pat calul iar dou\u0103 persoane au c\u0103zut din c\u0103ru\u021b\u0103 \u0219i sunt r\u0103nite. \u00cen urma deplas\u0103rii la fa\u021ba locului a lucr\u0103torilor de poli\u021bie, au rezultat urm\u0103toarele: \u00cen zona DN 2E din comuna Marginea se execut\u0103 lucr\u0103ri de \u00eenfin\u021barea re\u021belelor de ap\u0103, canalizare \u0219i gaze, \u00een acel loc fiind desf\u0103\u0219urate mai multe utilaje.<\/p>\n<p>La data de 20.08.2026, \u00een jurul orele 09.20, pe acest secor de drum, circulau cu un atelaj hipo doi barbate de 77 de ani \u0219i 67 de ani. Datorit\u0103 zgomotului produs de aceste utilaje, cabalina s-a smuncit, moment \u00een care cei doi au c\u0103zut din c\u0103ru\u021b\u0103 pe partea carosabil\u0103, ambii suferind leziuni fizice. La fa\u021ba locului s-au deplasat dou\u0103 echipaje medicale SMURD \u0219i SAJ, care i-au preluat pe cei doi, ambii fiind transporta\u021bi la Spitalul Municipal R\u0103d\u0103u\u021bi pentru acordarea de \u00eengrijiri medicale de specialitate. \u00cen urma acestui eveniment, unul dintre b\u0103rba\u021bi a fost diagnosticat cu \u201eTCC facial cu pierdere de memorie\u201d , iar cel\u0103lalt cu \u201eTCC plag\u0103 t\u0103iat\u0103 frontal st\u00e2nga\u201d, ambii fiind \u00een afara oric\u0103rui pericol. \u00cen cauz\u0103, lucr\u0103torii de poli\u021bie s-au sesizat din oficiu sub aspectul s\u0103v\u00e2r\u0219irii infrac\u021biunii de \u201ev\u0103t\u0103mare corporal\u0103 din culp\u0103\u201d, fapt\u0103 prev\u0103zut\u0103 \u0219i pedepsit\u0103 de art. 196 alin. (2) combinat cu art. 194 alin. (1) lit. b) din Codul penal, cauza urm\u00e2nd a fi solu\u021bionat\u0103 procedural de c\u0103tre lucr\u0103torii din cadrul Postului de Poli\u021bie Marginea.<\/p>\n<\/div>\n<div>\n<div>VN:F [1.9.22_1171]<\/div>\n<div class=\"ratingblock \">\n<div class=\"ratingstars \">\n<div id=\"article_loader_554808\" class=\"ratingloaderarticle\">\n<div class=\"loader arrows \">\n<div class=\"loaderinner\">se actualizeaz\u0103&#8230;<\/div>\n<\/div>\n<\/div>\n<\/div>\n<div class=\"ratingtext \">\n<div id=\"gdr_text_a554808\">Rating: 0.0\/<strong>10<\/strong> (0 votes cast)<\/div>\n<\/div>\n<\/div>\n<\/div>\n<\/div>\n<div class=\"entry_content\">\n<p>La data de 20 august orele 09:29, patrula de siguran\u021b\u0103 public\u0103 din cadrul Sec\u021biei 3 Poli\u021bie Rural\u0103 Marginea, a fost sesizat\u0103 prin 112 de c\u0103tre un b\u0103rbat din Marginea cu privire la faptul c\u0103 o persoan\u0103 a sc\u0103pat calul iar dou\u0103 persoane au c\u0103zut din c\u0103ru\u021b\u0103 \u0219i sunt r\u0103nite. \u00cen urma deplas\u0103rii la fa\u021ba locului a lucr\u0103torilor de poli\u021bie, au rezultat urm\u0103toarele: \u00cen zona DN 2E din comuna Marginea se execut\u0103 lucr\u0103ri de \u00eenfin\u021barea re\u021belelor de ap\u0103, canalizare \u0219i gaze, \u00een acel loc fiind desf\u0103\u0219urate mai multe utilaje.<\/p>\n<p>La data de 20.08.2026, \u00een jurul orele 09.20, pe acest secor de drum, circulau cu un atelaj hipo doi barbate de 77 de ani \u0219i 67 de ani. Datorit\u0103 zgomotului produs de aceste utilaje, cabalina s-a smuncit, moment \u00een care cei doi au c\u0103zut din c\u0103ru\u021b\u0103 pe partea carosabil\u0103, ambii suferind leziuni fizice. La fa\u021ba locului s-au deplasat dou\u0103 echipaje medicale SMURD \u0219i SAJ, care i-au preluat pe cei doi, ambii fiind transporta\u021bi la Spitalul Municipal R\u0103d\u0103u\u021bi pentru acordarea de \u00eengrijiri medicale de specialitate. \u00cen urma acestui eveniment, unul dintre b\u0103rba\u021bi a fost diagnosticat cu \u201eTCC facial cu pierdere de memorie\u201d , iar cel\u0103lalt cu \u201eTCC plag\u0103 t\u0103iat\u0103 frontal st\u00e2nga\u201d, ambii fiind \u00een afara oric\u0103rui pericol. \u00cen cauz\u0103, lucr\u0103torii de poli\u021bie s-au sesizat din oficiu sub aspectul s\u0103v\u00e2r\u0219irii infrac\u021biunii de \u201ev\u0103t\u0103mare corporal\u0103 din culp\u0103\u201d, fapt\u0103 prev\u0103zut\u0103 \u0219i pedepsit\u0103 de art. 196 alin. (2) combinat cu art. 194 alin. (1) lit. b) din Codul penal, cauza urm\u00e2nd a fi solu\u021bionat\u0103 procedural de c\u0103tre lucr\u0103torii din cadrul Postului de Poli\u021bie Marginea.<\/p>\n<\/div>\n<p>[analyse_source url=&#8221;https:\/\/www.svnews.ro\/doi-barbati-raniti-grav-dupa-ce-au-fost-aruncati-din-caruta-de-calul-care-s-a-speriat-de-zgomotul-unui-utilaj-ce-lucra-pe-dn2e\/554808\/&#8221;]<\/p>\n","protected":false},"excerpt":{"rendered":"<p>[analyse_image type=&#8221;featured&#8221; src=&#8221;https:\/\/img.svnews.ro\/foto\/2025\/12\/06\/505447\/ecfe6c9ba1694ff6c2ff16469.jpg&#8221;] La data de 20 august orele 09:29, patrula de siguran\u021b\u0103 public\u0103 din cadrul Sec\u021biei 3 Poli\u021bie Rural\u0103 Marginea, a fost sesizat\u0103 prin 112 de c\u0103tre un b\u0103rbat din Marginea cu privire la faptul c\u0103 o persoan\u0103 a sc\u0103pat calul iar dou\u0103 persoane au c\u0103zut din c\u0103ru\u021b\u0103 \u0219i sunt r\u0103nite. \u00cen urma deplas\u0103rii [&hellip;]<\/p>\n","protected":false},"author":1,"featured_media":0,"comment_status":"open","ping_status":"","sticky":false,"template":"","format":"standard","meta":{"footnotes":""},"categories":[89],"tags":[226,175],"class_list":["post-2110039","post","type-post","status-publish","format-standard","hentry","category-romania","tag-crawlmanager","tag-svnews-ro"],"_links":{"self":[{"href":"https:\/\/analyse.optim.biz\/index.php?rest_route=\/wp\/v2\/posts\/2110039","targetHints":{"allow":["GET"]}}],"collection":[{"href":"https:\/\/analyse.optim.biz\/index.php?rest_route=\/wp\/v2\/posts"}],"about":[{"href":"https:\/\/analyse.optim.biz\/index.php?rest_route=\/wp\/v2\/types\/post"}],"author":[{"embeddable":true,"href":"https:\/\/analyse.optim.biz\/index.php?rest_route=\/wp\/v2\/users\/1"}],"replies":[{"embeddable":true,"href":"https:\/\/analyse.optim.biz\/index.php?rest_route=%2Fwp%2Fv2%2Fcomments&post=2110039"}],"version-history":[{"count":0,"href":"https:\/\/analyse.optim.biz\/index.php?rest_route=\/wp\/v2\/posts\/2110039\/revisions"}],"wp:attachment":[{"href":"https:\/\/analyse.optim.biz\/index.php?rest_route=%2Fwp%2Fv2%2Fmedia&parent=2110039"}],"wp:term":[{"taxonomy":"category","embeddable":true,"href":"https:\/\/analyse.optim.biz\/index.php?rest_route=%2Fwp%2Fv2%2Fcategories&post=2110039"},{"taxonomy":"post_tag","embeddable":true,"href":"https:\/\/analyse.optim.biz\/index.php?rest_route=%2Fwp%2Fv2%2Ftags&post=2110039"}],"curies":[{"name":"wp","href":"https:\/\/api.w.org\/{rel}","templated":true}]}}