{"id":2110037,"date":"2026-08-21T07:34:51","date_gmt":"2026-08-21T04:34:51","guid":{"rendered":"https:\/\/analyse.optim.biz\/?p=2110037"},"modified":"2026-08-21T07:34:51","modified_gmt":"2026-08-21T04:34:51","slug":"suceava-se-prajeste-cod-portocaliu-de-canicula-in-acest-weekend","status":"publish","type":"post","link":"https:\/\/analyse.optim.biz\/?p=2110037","title":{"rendered":"Suceava \u201ese pr\u0103je\u0219te\u201d. Cod portocaliu de canicul\u0103 \u00een acest weekend"},"content":{"rendered":"<p>[analyse_image type=&#8221;featured&#8221; src=&#8221;https:\/\/img.svnews.ro\/foto\/2026\/08\/21\/554780\/3483504cc4b059ea8c7e725e5.jpg&#8221;]<\/p>\n<div class=\"entry\"><img loading=\"lazy\" decoding=\"async\" width=\"650\" height=\"325\" src=\"https:\/\/img.svnews.ro\/foto\/2026\/08\/21\/554780\/3483504cc4b059ea8c7e725e506500325.jpg\" alt><\/p>\n<div class=\"entry_content\">\n<p>Meteorologii au emis o nou\u0103 avertizare de \ud83d\udfe7 cod portocaliu \u0219i \ud83d\udfe8 cod galben de canicul\u0103, valabil\u0103 \u00eencep\u00e2nd de ast\u0103zi, ora 10:00. Astfel, \u00een aproape toat\u0103 \u021bara, se vor \u00eenregistra temperaturi deosebit de ridicate, cu maxime de p\u00e2n\u0103 la 40 de grade.<\/p>\n<p>*Fi\u021bi precau\u021bi \u0219i lua\u021bi m\u0103suri pentru a v\u0103 proteja s\u0103n\u0103tatea!*<\/p>\n<p>\u2757 Sta\u021bi la umbr\u0103 \u0219i evita\u021bi expunerea prelungit\u0103 la soare!<\/p>\n<p>\u2757 Consuma\u021bi suficient\u0103 ap\u0103 pentru a v\u0103 hidrata corespunz\u0103tor! Evita\u021bi consumul b\u0103uturilor alcoolice!<\/p>\n<p>\u2757 Purta\u021bi p\u0103l\u0103rii de soare \u0219i haine lejere de culori deschise!<\/p>\n<p>\u2757 Consuma\u021bi fructe \u0219i legume proaspete!<\/p>\n<p>\u2757 NU aprinde\u021bi focul \u00een zone cu vegeta\u021bie uscat\u0103 sau \u00eemp\u0103durite pentru a preveni incendiile!<\/p>\n<p>\u2757 Resturile de \u021bigar\u0103 pot genera incendii. NU le arunca\u021bi la \u00eent\u00e2mplare!<\/p>\n<p>\u2139\ufe0f Detalii actualizate despre avertiz\u0103rile meteorologice pot fi consultate pe site-ul Administra\u021biei Na\u021bionale de Meteorologie, iar recomand\u0103ri utile pute\u021bi reg\u0103si aici \ud83d\udc49\ud83c\udffb Ghid Canicul\u0103 \u2013 https:\/\/fiipregatit.ro\/ghiduri\/-despre-8-17.<\/p>\n<p><img loading=\"lazy\" decoding=\"async\" class=\"alignnone size-medium wp-image-554781\" src=\"https:\/\/img.svnews.ro\/foto\/2026\/08\/21\/554780\/3483504cc4b059ea8c7e725e506500650.jpg\" alt width=\"650\" height=\"650\"><\/p>\n<\/div>\n<div>\n<div>VN:F [1.9.22_1171]<\/div>\n<div class=\"ratingblock \">\n<div class=\"ratingstars \">\n<div id=\"article_loader_554780\" class=\"ratingloaderarticle\">\n<div class=\"loader arrows \">\n<div class=\"loaderinner\">se actualizeaz\u0103&#8230;<\/div>\n<\/div>\n<\/div>\n<\/div>\n<div class=\"ratingtext \">\n<div id=\"gdr_text_a554780\">Rating: 0.0\/<strong>10<\/strong> (0 votes cast)<\/div>\n<\/div>\n<\/div>\n<\/div>\n<\/div>\n<div class=\"entry_content\">\n<p>Meteorologii au emis o nou\u0103 avertizare de \ud83d\udfe7 cod portocaliu \u0219i \ud83d\udfe8 cod galben de canicul\u0103, valabil\u0103 \u00eencep\u00e2nd de ast\u0103zi, ora 10:00. Astfel, \u00een aproape toat\u0103 \u021bara, se vor \u00eenregistra temperaturi deosebit de ridicate, cu maxime de p\u00e2n\u0103 la 40 de grade.<\/p>\n<p>*Fi\u021bi precau\u021bi \u0219i lua\u021bi m\u0103suri pentru a v\u0103 proteja s\u0103n\u0103tatea!*<\/p>\n<p>\u2757 Sta\u021bi la umbr\u0103 \u0219i evita\u021bi expunerea prelungit\u0103 la soare!<\/p>\n<p>\u2757 Consuma\u021bi suficient\u0103 ap\u0103 pentru a v\u0103 hidrata corespunz\u0103tor! Evita\u021bi consumul b\u0103uturilor alcoolice!<\/p>\n<p>\u2757 Purta\u021bi p\u0103l\u0103rii de soare \u0219i haine lejere de culori deschise!<\/p>\n<p>\u2757 Consuma\u021bi fructe \u0219i legume proaspete!<\/p>\n<p>\u2757 NU aprinde\u021bi focul \u00een zone cu vegeta\u021bie uscat\u0103 sau \u00eemp\u0103durite pentru a preveni incendiile!<\/p>\n<p>\u2757 Resturile de \u021bigar\u0103 pot genera incendii. NU le arunca\u021bi la \u00eent\u00e2mplare!<\/p>\n<p>\u2139\ufe0f Detalii actualizate despre avertiz\u0103rile meteorologice pot fi consultate pe site-ul Administra\u021biei Na\u021bionale de Meteorologie, iar recomand\u0103ri utile pute\u021bi reg\u0103si aici \ud83d\udc49\ud83c\udffb Ghid Canicul\u0103 \u2013 https:\/\/fiipregatit.ro\/ghiduri\/-despre-8-17.<\/p>\n<p><img loading=\"lazy\" decoding=\"async\" class=\"alignnone size-medium wp-image-554781\" src=\"https:\/\/img.svnews.ro\/foto\/2026\/08\/21\/554780\/3483504cc4b059ea8c7e725e506500650.jpg\" alt width=\"650\" height=\"650\"><\/p>\n<\/div>\n<p>[analyse_source url=&#8221;https:\/\/www.svnews.ro\/suceava-se-prajeste-cod-portocaliu-de-canicula-in-acest-weekend\/554780\/&#8221;]<\/p>\n","protected":false},"excerpt":{"rendered":"<p>[analyse_image type=&#8221;featured&#8221; src=&#8221;https:\/\/img.svnews.ro\/foto\/2026\/08\/21\/554780\/3483504cc4b059ea8c7e725e5.jpg&#8221;] Meteorologii au emis o nou\u0103 avertizare de \ud83d\udfe7 cod portocaliu \u0219i \ud83d\udfe8 cod galben de canicul\u0103, valabil\u0103 \u00eencep\u00e2nd de ast\u0103zi, ora 10:00. Astfel, \u00een aproape toat\u0103 \u021bara, se vor \u00eenregistra temperaturi deosebit de ridicate, cu maxime de p\u00e2n\u0103 la 40 de grade. *Fi\u021bi precau\u021bi \u0219i lua\u021bi m\u0103suri pentru a v\u0103 proteja s\u0103n\u0103tatea!* [&hellip;]<\/p>\n","protected":false},"author":1,"featured_media":0,"comment_status":"open","ping_status":"","sticky":false,"template":"","format":"standard","meta":{"footnotes":""},"categories":[89],"tags":[226,175],"class_list":["post-2110037","post","type-post","status-publish","format-standard","hentry","category-romania","tag-crawlmanager","tag-svnews-ro"],"_links":{"self":[{"href":"https:\/\/analyse.optim.biz\/index.php?rest_route=\/wp\/v2\/posts\/2110037","targetHints":{"allow":["GET"]}}],"collection":[{"href":"https:\/\/analyse.optim.biz\/index.php?rest_route=\/wp\/v2\/posts"}],"about":[{"href":"https:\/\/analyse.optim.biz\/index.php?rest_route=\/wp\/v2\/types\/post"}],"author":[{"embeddable":true,"href":"https:\/\/analyse.optim.biz\/index.php?rest_route=\/wp\/v2\/users\/1"}],"replies":[{"embeddable":true,"href":"https:\/\/analyse.optim.biz\/index.php?rest_route=%2Fwp%2Fv2%2Fcomments&post=2110037"}],"version-history":[{"count":0,"href":"https:\/\/analyse.optim.biz\/index.php?rest_route=\/wp\/v2\/posts\/2110037\/revisions"}],"wp:attachment":[{"href":"https:\/\/analyse.optim.biz\/index.php?rest_route=%2Fwp%2Fv2%2Fmedia&parent=2110037"}],"wp:term":[{"taxonomy":"category","embeddable":true,"href":"https:\/\/analyse.optim.biz\/index.php?rest_route=%2Fwp%2Fv2%2Fcategories&post=2110037"},{"taxonomy":"post_tag","embeddable":true,"href":"https:\/\/analyse.optim.biz\/index.php?rest_route=%2Fwp%2Fv2%2Ftags&post=2110037"}],"curies":[{"name":"wp","href":"https:\/\/api.w.org\/{rel}","templated":true}]}}