{"id":2110035,"date":"2026-08-20T16:23:48","date_gmt":"2026-08-20T13:23:48","guid":{"rendered":"https:\/\/analyse.optim.biz\/?p=2110035"},"modified":"2026-08-20T16:23:48","modified_gmt":"2026-08-20T13:23:48","slug":"credincios-ingrijorat-ca-slujbele-la-care-participa-ar-putea-sa-nu-fie-valide-daca-preotul-ii-pomeneste-pe-cei-nebotezati","status":"publish","type":"post","link":"https:\/\/analyse.optim.biz\/?p=2110035","title":{"rendered":"Credincios \u00eengrijorat c\u0103 slujbele la care particip\u0103 ar putea \u201ds\u0103 nu fie valide\u201d dac\u0103 preotul \u00eei pomene\u0219te pe cei neboteza\u021bi"},"content":{"rendered":"<p>[analyse_image type=&#8221;featured&#8221; src=&#8221;https:\/\/img.svnews.ro\/foto\/2025\/08\/28\/487468\/8ec254abbaa638f44670b622c.jpg&#8221;]<\/p>\n<div class=\"entry\"><img loading=\"lazy\" decoding=\"async\" width=\"650\" height=\"325\" src=\"https:\/\/img.svnews.ro\/foto\/2025\/08\/28\/487468\/8ec254abbaa638f44670b622c06500325.jpg\" alt><\/p>\n<div class=\"entry_content\">\n<p>Un credincios sucevean \u00eengrijorat c\u0103 slujbele la care particip\u0103 ar putea \u201ds\u0103 nu fie valide\u201d dac\u0103 preotul \u00eei pomene\u0219te pe cei neboteza\u021bi s-a adresat arhiepiscopului Sucevei \u0219i R\u0103d\u0103u\u021bilor, IPS Calinic, ca s\u0103-l l\u0103mureasc\u0103.\u00a0 \u201dDac\u0103 un preot pomene\u0219te pe neboteza\u021bi (p\u0103g\u00e2ni) \u00een cazul nostru la sfintele slujbe, inclusiv la Proscomidie, mai sunt valide acele slujbe? \u00centreb\u0103m pentru m\u00e2ntuirea sufletelor noastre. Pentru c\u0103 \u00eel auzim pe p\u0103rinte pomenind musulmani \u0219i oameni de alte religii cu voce tare care \u0219tim sigur c\u0103 nu sunt boteza\u021bi\u201d,a\u00a0 \u00eentrebat enoria\u0219ul.<\/p>\n<p>\u201dCei care nu fac parte din comunitatea sacramental\u0103 a Bisericii Ortodoxe nu pot fi integra\u021bi \u00een rug\u0103ciunea liturgic\u0103 a Bisericii (a se vedea Canonul 10, 45 \u0219i 64 Apostolic; Canonul 6, 9 \u0219i 32 de la Laodiceea \u0219.a.)\u201d, i-a r\u0103spuns IPS Calinic.<\/p>\n<\/div>\n<div>\n<div>VN:F [1.9.22_1171]<\/div>\n<div class=\"ratingblock \">\n<div class=\"ratingstars \">\n<div id=\"article_loader_554759\" class=\"ratingloaderarticle\">\n<div class=\"loader arrows \">\n<div class=\"loaderinner\">se actualizeaz\u0103&#8230;<\/div>\n<\/div>\n<\/div>\n<\/div>\n<div class=\"ratingtext \">\n<div id=\"gdr_text_a554759\">Rating: 0.0\/<strong>10<\/strong> (0 votes cast)<\/div>\n<\/div>\n<\/div>\n<\/div>\n<\/div>\n<div class=\"entry_content\">\n<p>Un credincios sucevean \u00eengrijorat c\u0103 slujbele la care particip\u0103 ar putea \u201ds\u0103 nu fie valide\u201d dac\u0103 preotul \u00eei pomene\u0219te pe cei neboteza\u021bi s-a adresat arhiepiscopului Sucevei \u0219i R\u0103d\u0103u\u021bilor, IPS Calinic, ca s\u0103-l l\u0103mureasc\u0103.\u00a0 \u201dDac\u0103 un preot pomene\u0219te pe neboteza\u021bi (p\u0103g\u00e2ni) \u00een cazul nostru la sfintele slujbe, inclusiv la Proscomidie, mai sunt valide acele slujbe? \u00centreb\u0103m pentru m\u00e2ntuirea sufletelor noastre. Pentru c\u0103 \u00eel auzim pe p\u0103rinte pomenind musulmani \u0219i oameni de alte religii cu voce tare care \u0219tim sigur c\u0103 nu sunt boteza\u021bi\u201d,a\u00a0 \u00eentrebat enoria\u0219ul.<\/p>\n<p>\u201dCei care nu fac parte din comunitatea sacramental\u0103 a Bisericii Ortodoxe nu pot fi integra\u021bi \u00een rug\u0103ciunea liturgic\u0103 a Bisericii (a se vedea Canonul 10, 45 \u0219i 64 Apostolic; Canonul 6, 9 \u0219i 32 de la Laodiceea \u0219.a.)\u201d, i-a r\u0103spuns IPS Calinic.<\/p>\n<\/div>\n<p>[analyse_source url=&#8221;https:\/\/www.svnews.ro\/credincios-ingrijorat-ca-slujbele-la-care-participa-ar-putea-sa-nu-fie-valide-daca-preotul-ii-pomeneste-pe-cei-nebotezati\/554759\/&#8221;]<\/p>\n","protected":false},"excerpt":{"rendered":"<p>[analyse_image type=&#8221;featured&#8221; src=&#8221;https:\/\/img.svnews.ro\/foto\/2025\/08\/28\/487468\/8ec254abbaa638f44670b622c.jpg&#8221;] Un credincios sucevean \u00eengrijorat c\u0103 slujbele la care particip\u0103 ar putea \u201ds\u0103 nu fie valide\u201d dac\u0103 preotul \u00eei pomene\u0219te pe cei neboteza\u021bi s-a adresat arhiepiscopului Sucevei \u0219i R\u0103d\u0103u\u021bilor, IPS Calinic, ca s\u0103-l l\u0103mureasc\u0103.\u00a0 \u201dDac\u0103 un preot pomene\u0219te pe neboteza\u021bi (p\u0103g\u00e2ni) \u00een cazul nostru la sfintele slujbe, inclusiv la Proscomidie, mai sunt valide [&hellip;]<\/p>\n","protected":false},"author":1,"featured_media":0,"comment_status":"open","ping_status":"","sticky":false,"template":"","format":"standard","meta":{"footnotes":""},"categories":[89],"tags":[226,175],"class_list":["post-2110035","post","type-post","status-publish","format-standard","hentry","category-romania","tag-crawlmanager","tag-svnews-ro"],"_links":{"self":[{"href":"https:\/\/analyse.optim.biz\/index.php?rest_route=\/wp\/v2\/posts\/2110035","targetHints":{"allow":["GET"]}}],"collection":[{"href":"https:\/\/analyse.optim.biz\/index.php?rest_route=\/wp\/v2\/posts"}],"about":[{"href":"https:\/\/analyse.optim.biz\/index.php?rest_route=\/wp\/v2\/types\/post"}],"author":[{"embeddable":true,"href":"https:\/\/analyse.optim.biz\/index.php?rest_route=\/wp\/v2\/users\/1"}],"replies":[{"embeddable":true,"href":"https:\/\/analyse.optim.biz\/index.php?rest_route=%2Fwp%2Fv2%2Fcomments&post=2110035"}],"version-history":[{"count":0,"href":"https:\/\/analyse.optim.biz\/index.php?rest_route=\/wp\/v2\/posts\/2110035\/revisions"}],"wp:attachment":[{"href":"https:\/\/analyse.optim.biz\/index.php?rest_route=%2Fwp%2Fv2%2Fmedia&parent=2110035"}],"wp:term":[{"taxonomy":"category","embeddable":true,"href":"https:\/\/analyse.optim.biz\/index.php?rest_route=%2Fwp%2Fv2%2Fcategories&post=2110035"},{"taxonomy":"post_tag","embeddable":true,"href":"https:\/\/analyse.optim.biz\/index.php?rest_route=%2Fwp%2Fv2%2Ftags&post=2110035"}],"curies":[{"name":"wp","href":"https:\/\/api.w.org\/{rel}","templated":true}]}}