{"id":2110029,"date":"2026-08-20T13:33:43","date_gmt":"2026-08-20T10:33:43","guid":{"rendered":"https:\/\/analyse.optim.biz\/?p=2110029"},"modified":"2026-08-20T13:33:43","modified_gmt":"2026-08-20T10:33:43","slug":"hai-cu-noi-la-scoala-apel-pentru-ghiozdane-si-rechizite-pentru-copiii-din-tampoceni","status":"publish","type":"post","link":"https:\/\/analyse.optim.biz\/?p=2110029","title":{"rendered":"\u201eHai cu noi la \u0219coal\u0103!\u201d \u2013 Apel pentru ghiozdane \u0219i rechizite pentru copiii din \u021a\u00e2mpoceni"},"content":{"rendered":"<p>[analyse_image type=&#8221;featured&#8221; src=&#8221;https:\/\/img.svnews.ro\/foto\/2026\/08\/20\/554676\/16c80d03ceecd30e554dc30d5.jpeg&#8221;]<\/p>\n<div class=\"entry\"><img loading=\"lazy\" decoding=\"async\" width=\"650\" height=\"325\" src=\"https:\/\/img.svnews.ro\/foto\/2026\/08\/20\/554676\/16c80d03ceecd30e554dc30d506500325.jpeg\" alt><\/p>\n<div class=\"entry_content\">\n<p>La \u00eenceputul fiec\u0103rui an \u0219colar, Asocia\u021bia Institutul pentru Parteneriat Social Bucovina se implic\u0103 \u00een sprijinirea copiilor din comunit\u0103\u021bi rurale \u00een care accesul la resurse educa\u021bionale este limitat.<\/p>\n<p>\u00cen acest an, Asocia\u021bia lanseaz\u0103 o nou\u0103 edi\u021bie a campaniei <strong>\u201eHai cu noi la \u0219coal\u0103!\u201d<\/strong>, prin care \u00ee\u0219i propune s\u0103 sprijine copiii din <strong>\u021a\u00e2mpoceni, c\u0103tun apar\u021bin\u00e2nd satului Capu Codrului, comuna P\u0103ltinoasa, jude\u021bul Suceava<\/strong>, oferindu-le ghiozdane, rechizite \u0219i materiale necesare pentru noul an \u0219colar.<\/p>\n<p><strong>Continu\u0103m o tradi\u021bie care aduce bucurie la \u00eenceput de an \u0219colar<\/strong><\/p>\n<p>\u00cen anii anteriori, campania \u201eHai cu noi la \u0219coal\u0103!\u201d a adus sprijin concret copiilor din comunit\u0103\u021bile rurale vulnerabile. La \u021a\u00e2mpoceni, copiii au primit <strong>ghiozdane echipate cu kituri educa\u021bionale complete, care au inclus rechizite \u0219i materiale necesare pentru \u0219coal\u0103<\/strong>, astfel \u00eenc\u00e2t \u00eenceputul de an \u0219colar s\u0103 fie mai u\u0219or \u0219i mai frumos pentru fiecare dintre ei.<\/p>\n<p><strong>Anul acesta vrem s\u0103 continu\u0103m aceast\u0103 tradi\u021bie \u0219i s\u0103 ajungem la c\u00e2t mai mul\u021bi copii care au nevoie de sprijin. <\/strong>Ne dorim s\u0103 str\u00e2ngem c\u00e2t mai multe ghiozdane \u0219i rechizite \u0219i s\u0103 preg\u0103tim pachete care s\u0103 r\u0103spund\u0103 nevoilor copiilor, indiferent de v\u00e2rsta sau nivelul lor de \u0219colarizare \u2013 de la gr\u0103dini\u021b\u0103 p\u00e2n\u0103 la gimnaziu.<\/p>\n<p>Pentru multe dintre familiile din comunit\u0103\u021bile rurale izolate, cheltuielile de \u00eenceput de an \u0219colar reprezint\u0103 o provocare. De aceea, fiecare ghiozdan donat, fiecare rechizit\u0103 \u0219i fiecare contribu\u021bie financiar\u0103 pot face diferen\u021ba \u0219i pot transmite unui copil un mesaj simplu, dar important: <strong>\u201e\u0218coala ta conteaz\u0103. Iar noi suntem al\u0103turi de tine.\u201d<\/strong><\/p>\n<p><strong>Facem apel la comunitate \u0219i la partenerii locali<\/strong><\/p>\n<p>Pentru a putea preg\u0103ti c\u00e2t mai multe pachete educa\u021bionale, Asocia\u021bia Institutul pentru Parteneriat Social Bucovina lanseaz\u0103 un apel c\u0103tre <strong>persoane fizice, companii, institu\u021bii, organiza\u021bii \u0219i al\u021bi parteneri <\/strong>care doresc s\u0103 se implice \u00een aceast\u0103 ini\u021biativ\u0103.<\/p>\n<p>Dona\u021biile pot consta \u00een:<\/p>\n<ul>\n<li>\ud83c\udf92ghiozdane;<\/li>\n<li>\ud83d\udcdacaiete \u0219i blocuri de desen;<\/li>\n<li>\u270fcreioane, pixuri, stilouri \u0219i alte instrumente de scris; \u25cf \ud83d\udd8dcreioane colorate, carioci \u0219i acuarele;<\/li>\n<li>\ud83d\udcd0instrumente de geometrie; \u25cf \ud83d\udd8apenare;<\/li>\n<li>\ud83d\udcd6materiale didactice \u0219i alte rechizite necesare copiilor.<\/li>\n<\/ul>\n<p>Sunt binevenite \u0219i <strong>contribu\u021biile financiare<\/strong>, care vor permite achizi\u021bionarea ghiozdanelor, rechizitelor \u0219i a altor materiale necesare pentru completarea kiturilor educa\u021bionale.<\/p>\n<p><strong>Nu exist\u0103 o dona\u021bie prea mic\u0103 atunci c\u00e2nd scopul este s\u0103 oferim unui copil \u0219ansa de a \u00eencepe \u0219coala cu bucurie \u0219i \u00eencredere.<\/strong><\/p>\n<p><strong>Cum te po\u021bi implica?<\/strong><\/p>\n<p>Campania de colectare a ghiozdanelor, rechizitelor \u0219i contribu\u021biilor se desf\u0103\u0219oar\u0103 \u00een perioada <strong>17 august \u2013 4 septembrie 2026<\/strong>.<\/p>\n<p>\ud83d\udccd<strong>Dona\u021biile \u00een bunuri pot fi aduse la sediul Asocia\u021biei Institutul pentru Parteneriat Social Bucovina<\/strong>, \u00een Galeria Zamca:<\/p>\n<p><strong>Strada Zamca, nr. 17, Suceava <\/strong><em>(\u00een spatele LIDL M\u0103r\u0103\u0219e\u0219ti)<\/em><\/p>\n<p>\ud83d\udd58<strong>Program: <\/strong>luni \u2013 vineri, 09:00\u201317:00<\/p>\n<p>Pentru informa\u021bii suplimentare despre campania \u201eHai cu noi la \u0219coal\u0103!\u201d, despre comunit\u0103\u021bile sprijinite \u0219i despre modalit\u0103\u021bile de implicare, v\u0103 rug\u0103m s\u0103 ne contacta\u021bi:<\/p>\n<p><strong>Cosmina Tcaciuc Coordonatoare proiect<\/strong><\/p>\n<p>Asocia\u021bia Consultan\u021bilor \u00een Dezvoltare Comunitar\u0103 \ud83d\udce7cosmina.tcaciuc@acdcromania.ro<\/p>\n<p>Pentru informa\u021bii despre comunitatea din \u021a\u00e2mpoceni \u0219i despre nevoile copiilor \u0219i familiilor din comunit\u0103\u021bile sprijinite:<\/p>\n<p><strong>Troia Magda Maria<\/strong><\/p>\n<p><strong>Educator \u2013 Asocia\u021bia Institutul pentru Parteneriat Social Bucovina <\/strong>\ud83d\udce7office@bucovinainstitute.org.com<\/p>\n<p>\u260e0230 524 128<\/p>\n<p>Campania poate fi urm\u0103rit\u0103 \u0219i pe paginile de Facebook:<\/p>\n<p><strong>Organiza\u021bia Institutul Bucovina <\/strong><a href=\"https:\/\/www.facebook.com\/i.bucovina\/\">https:\/\/www.facebook.com\/i.bucovina\/<\/a><\/p>\n<p><strong>Hai cu noi \u2013 \u0219coal\u0103 pentru to\u021bi copiii <\/strong><a href=\"https:\/\/www.facebook.com\/haicunoiscoalapentrutoticopiii\/\">https:\/\/www.facebook.com\/haicunoiscoalapentrutoticopiii\/<\/a><\/p>\n<p><strong>Despre campania \u201eHai cu noi la \u0219coal\u0103!\u201d<\/strong><\/p>\n<p>Campania <strong>\u201eHai cu noi la \u0219coal\u0103!\u201d <\/strong>este o ini\u021biativ\u0103 prin care Asocia\u021bia Institutul pentru Parteneriat Social Bucovina \u00ee\u0219i propune s\u0103 contribuie la reducerea barierelor care pot \u00eempiedica accesul copiilor vulnerabili la educa\u021bie.<\/p>\n<p>Prin mobilizarea comunit\u0103\u021bii, a mediului de afaceri, a institu\u021biilor \u0219i a tuturor celor care doresc s\u0103 se implice, campania urm\u0103re\u0219te s\u0103 ofere copiilor <strong>resursele necesare pentru un \u00eenceput de an \u0219colar demn, vesel \u0219i plin de \u00eencredere.<\/strong><\/p>\n<p>\u00cen comunit\u0103\u021bi precum \u021a\u00e2mpoceni, sprijinul pentru educa\u021bie poate \u00eensemna mai mult dec\u00e2t un ghiozdan \u0219i c\u00e2teva rechizite. Poate \u00eensemna <strong>\u00eencurajarea copilului de a merge mai departe la \u0219coal\u0103, de a \u00eenv\u0103\u021ba \u0219i de a-\u0219i construi propriul viitor.<\/strong><\/p>\n<p>\ud83c\udf92<strong>Un ghiozdan poate schimba un \u00eenceput. \u00cempreun\u0103, putem contribui la un viitor mai bun.<\/strong><\/p>\n<p><strong>Hai cu noi la \u0219coal\u0103!<\/strong><\/p>\n<p><img loading=\"lazy\" decoding=\"async\" class=\"alignnone size-medium wp-image-554677\" src=\"https:\/\/img.svnews.ro\/foto\/2026\/08\/20\/554676\/da1695a51dfad8d1647f27f7706500482.jpeg\" alt width=\"650\" height=\"482\"><\/p>\n<p><img loading=\"lazy\" decoding=\"async\" class=\"alignnone size-medium wp-image-554678\" src=\"https:\/\/img.svnews.ro\/foto\/2026\/08\/20\/554676\/9190e99001c554d0d7e60f5da06500488.jpeg\" alt width=\"650\" height=\"488\"><\/p>\n<p><img decoding=\"async\" loading=\"lazy\" class=\"alignnone size-medium wp-image-554679\" src=\"https:\/\/img.svnews.ro\/foto\/2026\/08\/20\/554676\/95707dd99a2624c2e1f70bd7e06500488.jpeg\" alt width=\"650\" height=\"488\"><\/p>\n<p><img decoding=\"async\" loading=\"lazy\" class=\"alignnone size-medium wp-image-554680\" src=\"https:\/\/img.svnews.ro\/foto\/2026\/08\/20\/554676\/16c80d03ceecd30e554dc30d506500920.jpeg\" alt width=\"650\" height=\"920\"><\/p>\n<\/div>\n<div>\n<div>VN:F [1.9.22_1171]<\/div>\n<div class=\"ratingblock \">\n<div class=\"ratingstars \">\n<div id=\"article_loader_554676\" class=\"ratingloaderarticle\">\n<div class=\"loader arrows \">\n<div class=\"loaderinner\">se actualizeaz\u0103&#8230;<\/div>\n<\/div>\n<\/div>\n<\/div>\n<div class=\"ratingtext \">\n<div id=\"gdr_text_a554676\">Rating: 0.0\/<strong>10<\/strong> (0 votes cast)<\/div>\n<\/div>\n<\/div>\n<\/div>\n<\/div>\n<div class=\"entry_content\">\n<p>La \u00eenceputul fiec\u0103rui an \u0219colar, Asocia\u021bia Institutul pentru Parteneriat Social Bucovina se implic\u0103 \u00een sprijinirea copiilor din comunit\u0103\u021bi rurale \u00een care accesul la resurse educa\u021bionale este limitat.<\/p>\n<p>\u00cen acest an, Asocia\u021bia lanseaz\u0103 o nou\u0103 edi\u021bie a campaniei <strong>\u201eHai cu noi la \u0219coal\u0103!\u201d<\/strong>, prin care \u00ee\u0219i propune s\u0103 sprijine copiii din <strong>\u021a\u00e2mpoceni, c\u0103tun apar\u021bin\u00e2nd satului Capu Codrului, comuna P\u0103ltinoasa, jude\u021bul Suceava<\/strong>, oferindu-le ghiozdane, rechizite \u0219i materiale necesare pentru noul an \u0219colar.<\/p>\n<p><strong>Continu\u0103m o tradi\u021bie care aduce bucurie la \u00eenceput de an \u0219colar<\/strong><\/p>\n<p>\u00cen anii anteriori, campania \u201eHai cu noi la \u0219coal\u0103!\u201d a adus sprijin concret copiilor din comunit\u0103\u021bile rurale vulnerabile. La \u021a\u00e2mpoceni, copiii au primit <strong>ghiozdane echipate cu kituri educa\u021bionale complete, care au inclus rechizite \u0219i materiale necesare pentru \u0219coal\u0103<\/strong>, astfel \u00eenc\u00e2t \u00eenceputul de an \u0219colar s\u0103 fie mai u\u0219or \u0219i mai frumos pentru fiecare dintre ei.<\/p>\n<p><strong>Anul acesta vrem s\u0103 continu\u0103m aceast\u0103 tradi\u021bie \u0219i s\u0103 ajungem la c\u00e2t mai mul\u021bi copii care au nevoie de sprijin. <\/strong>Ne dorim s\u0103 str\u00e2ngem c\u00e2t mai multe ghiozdane \u0219i rechizite \u0219i s\u0103 preg\u0103tim pachete care s\u0103 r\u0103spund\u0103 nevoilor copiilor, indiferent de v\u00e2rsta sau nivelul lor de \u0219colarizare \u2013 de la gr\u0103dini\u021b\u0103 p\u00e2n\u0103 la gimnaziu.<\/p>\n<p>Pentru multe dintre familiile din comunit\u0103\u021bile rurale izolate, cheltuielile de \u00eenceput de an \u0219colar reprezint\u0103 o provocare. De aceea, fiecare ghiozdan donat, fiecare rechizit\u0103 \u0219i fiecare contribu\u021bie financiar\u0103 pot face diferen\u021ba \u0219i pot transmite unui copil un mesaj simplu, dar important: <strong>\u201e\u0218coala ta conteaz\u0103. Iar noi suntem al\u0103turi de tine.\u201d<\/strong><\/p>\n<p><strong>Facem apel la comunitate \u0219i la partenerii locali<\/strong><\/p>\n<p>Pentru a putea preg\u0103ti c\u00e2t mai multe pachete educa\u021bionale, Asocia\u021bia Institutul pentru Parteneriat Social Bucovina lanseaz\u0103 un apel c\u0103tre <strong>persoane fizice, companii, institu\u021bii, organiza\u021bii \u0219i al\u021bi parteneri <\/strong>care doresc s\u0103 se implice \u00een aceast\u0103 ini\u021biativ\u0103.<\/p>\n<p>Dona\u021biile pot consta \u00een:<\/p>\n<ul>\n<li>\ud83c\udf92ghiozdane;<\/li>\n<li>\ud83d\udcdacaiete \u0219i blocuri de desen;<\/li>\n<li>\u270fcreioane, pixuri, stilouri \u0219i alte instrumente de scris; \u25cf \ud83d\udd8dcreioane colorate, carioci \u0219i acuarele;<\/li>\n<li>\ud83d\udcd0instrumente de geometrie; \u25cf \ud83d\udd8apenare;<\/li>\n<li>\ud83d\udcd6materiale didactice \u0219i alte rechizite necesare copiilor.<\/li>\n<\/ul>\n<p>Sunt binevenite \u0219i <strong>contribu\u021biile financiare<\/strong>, care vor permite achizi\u021bionarea ghiozdanelor, rechizitelor \u0219i a altor materiale necesare pentru completarea kiturilor educa\u021bionale.<\/p>\n<p><strong>Nu exist\u0103 o dona\u021bie prea mic\u0103 atunci c\u00e2nd scopul este s\u0103 oferim unui copil \u0219ansa de a \u00eencepe \u0219coala cu bucurie \u0219i \u00eencredere.<\/strong><\/p>\n<p><strong>Cum te po\u021bi implica?<\/strong><\/p>\n<p>Campania de colectare a ghiozdanelor, rechizitelor \u0219i contribu\u021biilor se desf\u0103\u0219oar\u0103 \u00een perioada <strong>17 august \u2013 4 septembrie 2026<\/strong>.<\/p>\n<p>\ud83d\udccd<strong>Dona\u021biile \u00een bunuri pot fi aduse la sediul Asocia\u021biei Institutul pentru Parteneriat Social Bucovina<\/strong>, \u00een Galeria Zamca:<\/p>\n<p><strong>Strada Zamca, nr. 17, Suceava <\/strong><em>(\u00een spatele LIDL M\u0103r\u0103\u0219e\u0219ti)<\/em><\/p>\n<p>\ud83d\udd58<strong>Program: <\/strong>luni \u2013 vineri, 09:00\u201317:00<\/p>\n<p>Pentru informa\u021bii suplimentare despre campania \u201eHai cu noi la \u0219coal\u0103!\u201d, despre comunit\u0103\u021bile sprijinite \u0219i despre modalit\u0103\u021bile de implicare, v\u0103 rug\u0103m s\u0103 ne contacta\u021bi:<\/p>\n<p><strong>Cosmina Tcaciuc Coordonatoare proiect<\/strong><\/p>\n<p>Asocia\u021bia Consultan\u021bilor \u00een Dezvoltare Comunitar\u0103 \ud83d\udce7cosmina.tcaciuc@acdcromania.ro<\/p>\n<p>Pentru informa\u021bii despre comunitatea din \u021a\u00e2mpoceni \u0219i despre nevoile copiilor \u0219i familiilor din comunit\u0103\u021bile sprijinite:<\/p>\n<p><strong>Troia Magda Maria<\/strong><\/p>\n<p><strong>Educator \u2013 Asocia\u021bia Institutul pentru Parteneriat Social Bucovina <\/strong>\ud83d\udce7office@bucovinainstitute.org.com<\/p>\n<p>\u260e0230 524 128<\/p>\n<p>Campania poate fi urm\u0103rit\u0103 \u0219i pe paginile de Facebook:<\/p>\n<p><strong>Organiza\u021bia Institutul Bucovina <\/strong><a href=\"https:\/\/www.facebook.com\/i.bucovina\/\">https:\/\/www.facebook.com\/i.bucovina\/<\/a><\/p>\n<p><strong>Hai cu noi \u2013 \u0219coal\u0103 pentru to\u021bi copiii <\/strong><a href=\"https:\/\/www.facebook.com\/haicunoiscoalapentrutoticopiii\/\">https:\/\/www.facebook.com\/haicunoiscoalapentrutoticopiii\/<\/a><\/p>\n<p><strong>Despre campania \u201eHai cu noi la \u0219coal\u0103!\u201d<\/strong><\/p>\n<p>Campania <strong>\u201eHai cu noi la \u0219coal\u0103!\u201d <\/strong>este o ini\u021biativ\u0103 prin care Asocia\u021bia Institutul pentru Parteneriat Social Bucovina \u00ee\u0219i propune s\u0103 contribuie la reducerea barierelor care pot \u00eempiedica accesul copiilor vulnerabili la educa\u021bie.<\/p>\n<p>Prin mobilizarea comunit\u0103\u021bii, a mediului de afaceri, a institu\u021biilor \u0219i a tuturor celor care doresc s\u0103 se implice, campania urm\u0103re\u0219te s\u0103 ofere copiilor <strong>resursele necesare pentru un \u00eenceput de an \u0219colar demn, vesel \u0219i plin de \u00eencredere.<\/strong><\/p>\n<p>\u00cen comunit\u0103\u021bi precum \u021a\u00e2mpoceni, sprijinul pentru educa\u021bie poate \u00eensemna mai mult dec\u00e2t un ghiozdan \u0219i c\u00e2teva rechizite. Poate \u00eensemna <strong>\u00eencurajarea copilului de a merge mai departe la \u0219coal\u0103, de a \u00eenv\u0103\u021ba \u0219i de a-\u0219i construi propriul viitor.<\/strong><\/p>\n<p>\ud83c\udf92<strong>Un ghiozdan poate schimba un \u00eenceput. \u00cempreun\u0103, putem contribui la un viitor mai bun.<\/strong><\/p>\n<p><strong>Hai cu noi la \u0219coal\u0103!<\/strong><\/p>\n<p><img loading=\"lazy\" decoding=\"async\" class=\"alignnone size-medium wp-image-554677\" src=\"https:\/\/img.svnews.ro\/foto\/2026\/08\/20\/554676\/da1695a51dfad8d1647f27f7706500482.jpeg\" alt width=\"650\" height=\"482\"><\/p>\n<p><img loading=\"lazy\" decoding=\"async\" class=\"alignnone size-medium wp-image-554678\" src=\"https:\/\/img.svnews.ro\/foto\/2026\/08\/20\/554676\/9190e99001c554d0d7e60f5da06500488.jpeg\" alt width=\"650\" height=\"488\"><\/p>\n<p><img decoding=\"async\" loading=\"lazy\" class=\"alignnone size-medium wp-image-554679\" src=\"https:\/\/img.svnews.ro\/foto\/2026\/08\/20\/554676\/95707dd99a2624c2e1f70bd7e06500488.jpeg\" alt width=\"650\" height=\"488\"><\/p>\n<p><img decoding=\"async\" loading=\"lazy\" class=\"alignnone size-medium wp-image-554680\" src=\"https:\/\/img.svnews.ro\/foto\/2026\/08\/20\/554676\/16c80d03ceecd30e554dc30d506500920.jpeg\" alt width=\"650\" height=\"920\"><\/p>\n<\/div>\n<p>[analyse_source url=&#8221;https:\/\/www.svnews.ro\/hai-cu-noi-la-scoala-apel-pentru-ghiozdane-si-rechizite-pentru-copiii-din-tampoceni\/554676\/&#8221;]<\/p>\n","protected":false},"excerpt":{"rendered":"<p>[analyse_image type=&#8221;featured&#8221; src=&#8221;https:\/\/img.svnews.ro\/foto\/2026\/08\/20\/554676\/16c80d03ceecd30e554dc30d5.jpeg&#8221;] La \u00eenceputul fiec\u0103rui an \u0219colar, Asocia\u021bia Institutul pentru Parteneriat Social Bucovina se implic\u0103 \u00een sprijinirea copiilor din comunit\u0103\u021bi rurale \u00een care accesul la resurse educa\u021bionale este limitat. \u00cen acest an, Asocia\u021bia lanseaz\u0103 o nou\u0103 edi\u021bie a campaniei \u201eHai cu noi la \u0219coal\u0103!\u201d, prin care \u00ee\u0219i propune s\u0103 sprijine copiii din \u021a\u00e2mpoceni, c\u0103tun [&hellip;]<\/p>\n","protected":false},"author":1,"featured_media":0,"comment_status":"open","ping_status":"","sticky":false,"template":"","format":"standard","meta":{"footnotes":""},"categories":[89],"tags":[226,175],"class_list":["post-2110029","post","type-post","status-publish","format-standard","hentry","category-romania","tag-crawlmanager","tag-svnews-ro"],"_links":{"self":[{"href":"https:\/\/analyse.optim.biz\/index.php?rest_route=\/wp\/v2\/posts\/2110029","targetHints":{"allow":["GET"]}}],"collection":[{"href":"https:\/\/analyse.optim.biz\/index.php?rest_route=\/wp\/v2\/posts"}],"about":[{"href":"https:\/\/analyse.optim.biz\/index.php?rest_route=\/wp\/v2\/types\/post"}],"author":[{"embeddable":true,"href":"https:\/\/analyse.optim.biz\/index.php?rest_route=\/wp\/v2\/users\/1"}],"replies":[{"embeddable":true,"href":"https:\/\/analyse.optim.biz\/index.php?rest_route=%2Fwp%2Fv2%2Fcomments&post=2110029"}],"version-history":[{"count":0,"href":"https:\/\/analyse.optim.biz\/index.php?rest_route=\/wp\/v2\/posts\/2110029\/revisions"}],"wp:attachment":[{"href":"https:\/\/analyse.optim.biz\/index.php?rest_route=%2Fwp%2Fv2%2Fmedia&parent=2110029"}],"wp:term":[{"taxonomy":"category","embeddable":true,"href":"https:\/\/analyse.optim.biz\/index.php?rest_route=%2Fwp%2Fv2%2Fcategories&post=2110029"},{"taxonomy":"post_tag","embeddable":true,"href":"https:\/\/analyse.optim.biz\/index.php?rest_route=%2Fwp%2Fv2%2Ftags&post=2110029"}],"curies":[{"name":"wp","href":"https:\/\/api.w.org\/{rel}","templated":true}]}}