{"id":2110026,"date":"2026-08-21T10:37:32","date_gmt":"2026-08-21T07:37:32","guid":{"rendered":"https:\/\/analyse.optim.biz\/?p=2110026"},"modified":"2026-08-21T10:37:32","modified_gmt":"2026-08-21T07:37:32","slug":"prins-cu-permis-fals-dupa-ce-a-trecut-pe-culoarea-rosie-la-trecerea-la-nivel-cu-calea-ferata-de-la-veresti","status":"publish","type":"post","link":"https:\/\/analyse.optim.biz\/?p=2110026","title":{"rendered":"Prins cu permis fals dup\u0103 ce a trecut pe culoarea ro\u0219ie la trecerea la nivel cu calea ferat\u0103 de la Vere\u0219ti"},"content":{"rendered":"<p>[analyse_image type=&#8221;featured&#8221; src=&#8221;https:\/\/img.svnews.ro\/foto\/2026\/08\/21\/554826\/81a9ef6f966694c198cc16cab.jpg&#8221;]<\/p>\n<div class=\"entry\"><img loading=\"lazy\" decoding=\"async\" width=\"650\" height=\"325\" src=\"https:\/\/img.svnews.ro\/foto\/2026\/08\/21\/554826\/81a9ef6f966694c198cc16cab06500325.jpg\" alt><\/p>\n<div class=\"entry_content\">\n<p>Urmare la evenimentul din data de 16 august ora 05:05, c\u00e2nd lucr\u0103torii SPR 2 Ipote\u0219ti \u00een timp ce efectuau activit\u0103\u021bi de patrulare \u0219i supraveghere a traficului rutier pe D.J. 290 din Vere\u0219ti au observat o autoutilitar\u0103 care nu a respectat culoarea ro\u0219ie la trecerea la nivel cu calea ferat\u0103 din direc\u021bia Salcea-Vere\u0219ti, fapt \u00een urma c\u0103ruia s-a procedat la oprirea \u00een trafic pe DJ 290, a autoutilitarei marca Ford condus\u0103 de o persoan\u0103 de sex masculin, s-au stabilit urm\u0103toarele:<\/p>\n<p>\u00cen urma probatoriului administrat de c\u0103tre lucr\u0103torii din cadrul S.P.R. 2 Ipote\u0219ti \u2013 Postul de Poli\u021bie Ipote\u0219ti, prin ordonan\u021ba organelor de cercetare penal\u0103 din data de 20.08.2026, confirmat\u0103 \u00een aceea\u0219i zi de procurorul din cadrul Parchetului de pe l\u00e2ng\u0103 Judec\u0103toria Suceava s-a dispus efectuarea \u00een continuare a urm\u0103ririi penale fa\u021b\u0103 de suspectul de 28 ani, cu domiciliul \u00een satul \u0218cheia, sub aspectul s\u0103v\u00e2r\u0219irii infrac\u021biunilor de ,,conducerea unui autovehicul f\u0103r\u0103 permis de conducere,, ,,uzul de fals,, \u0219i ,,complicitate la infrac\u021biunea de fals material \u00een \u00eenscrisuri oficiale\u201c,toate cu aplicarea art. 38 alin. 1 din Codul penal \u0219i art. 41 alin. 1 din Codul penal, const\u00e2nd \u00een aceea c\u0103 \u00een perioada 2022-2026, f\u0103r\u0103 a se cunoa\u0219te cu exactitate data, numitul a transmis datele sale de identificare \u0219i o fotografie cu portretul s\u0103u unei persoane necunoscute, ocazie cu care, aceasta din urm\u0103, a confec\u021bionat un permis de conducere fals, folosind aceste informa\u021bii pe care i l-a remis ulterior acestuia. Ulterior, la data de 16.08.2026, ora 05:05, numitul a condus autoutilitara marca Ford pe DJ 290 de pe raza comunei Vere\u0219ti f\u0103r\u0103 a de\u021bine permis de conducere pentru vreo categorie de vehicule, iar cu ocazia opririi \u00een trafic \u0219i a legitim\u0103rii sale de c\u0103tre organele de poli\u021bie a prezentat permisul fals. La data de 20.08.2026, lucr\u0103torii din cadrul SPR 2 Ipote\u0219ti au pus \u00een executare mandatul de aducere privind pe b\u0103rbat acesta fiind condus la sediul SPR 2 Ipote\u0219ti pentru audieri. Ulterior audierii \u00een calitate de inculpat, s-a dispus re\u021binerea acestuia pe o durat\u0103 de 24 ore, \u00eencep\u00e2nd de la data de 20.08.2026, ora 15:30, p\u00e2n\u0103 la data de 21.08.2026, ora 15:30. \u00cen cursul zilei de 21.08.2026, susnumitul va fi prezentat \u00een fa\u021ba judec\u0103torului de drepturi \u0219i libert\u0103\u021bi cu propunere de arestare preventiv\u0103. Cercet\u0103rile sunt continuate de lucr\u0103torii SPR 2 Ipote\u0219ti sub aspectul s\u0103v\u00e2r\u0219irii infrac\u021biunilor de ,,conducerea unui autovehicul f\u0103r\u0103 permis de conducere ,,uzul de fals,, , ,,complicitate la infrac\u021biunea de fals material \u00een \u00eenscrisuri oficiale\u201c,\u0219i \u201cfals material \u00een \u00eenscrisuri oficiale\u201d.<\/p>\n<\/div>\n<div>\n<div>VN:F [1.9.22_1171]<\/div>\n<div class=\"ratingblock \">\n<div class=\"ratingstars \">\n<div id=\"article_loader_554826\" class=\"ratingloaderarticle\">\n<div class=\"loader arrows \">\n<div class=\"loaderinner\">se actualizeaz\u0103&#8230;<\/div>\n<\/div>\n<\/div>\n<\/div>\n<div class=\"ratingtext \">\n<div id=\"gdr_text_a554826\">Rating: 0.0\/<strong>10<\/strong> (0 votes cast)<\/div>\n<\/div>\n<\/div>\n<\/div>\n<\/div>\n<div class=\"entry_content\">\n<p>Urmare la evenimentul din data de 16 august ora 05:05, c\u00e2nd lucr\u0103torii SPR 2 Ipote\u0219ti \u00een timp ce efectuau activit\u0103\u021bi de patrulare \u0219i supraveghere a traficului rutier pe D.J. 290 din Vere\u0219ti au observat o autoutilitar\u0103 care nu a respectat culoarea ro\u0219ie la trecerea la nivel cu calea ferat\u0103 din direc\u021bia Salcea-Vere\u0219ti, fapt \u00een urma c\u0103ruia s-a procedat la oprirea \u00een trafic pe DJ 290, a autoutilitarei marca Ford condus\u0103 de o persoan\u0103 de sex masculin, s-au stabilit urm\u0103toarele:<\/p>\n<p>\u00cen urma probatoriului administrat de c\u0103tre lucr\u0103torii din cadrul S.P.R. 2 Ipote\u0219ti \u2013 Postul de Poli\u021bie Ipote\u0219ti, prin ordonan\u021ba organelor de cercetare penal\u0103 din data de 20.08.2026, confirmat\u0103 \u00een aceea\u0219i zi de procurorul din cadrul Parchetului de pe l\u00e2ng\u0103 Judec\u0103toria Suceava s-a dispus efectuarea \u00een continuare a urm\u0103ririi penale fa\u021b\u0103 de suspectul de 28 ani, cu domiciliul \u00een satul \u0218cheia, sub aspectul s\u0103v\u00e2r\u0219irii infrac\u021biunilor de ,,conducerea unui autovehicul f\u0103r\u0103 permis de conducere,, ,,uzul de fals,, \u0219i ,,complicitate la infrac\u021biunea de fals material \u00een \u00eenscrisuri oficiale\u201c,toate cu aplicarea art. 38 alin. 1 din Codul penal \u0219i art. 41 alin. 1 din Codul penal, const\u00e2nd \u00een aceea c\u0103 \u00een perioada 2022-2026, f\u0103r\u0103 a se cunoa\u0219te cu exactitate data, numitul a transmis datele sale de identificare \u0219i o fotografie cu portretul s\u0103u unei persoane necunoscute, ocazie cu care, aceasta din urm\u0103, a confec\u021bionat un permis de conducere fals, folosind aceste informa\u021bii pe care i l-a remis ulterior acestuia. Ulterior, la data de 16.08.2026, ora 05:05, numitul a condus autoutilitara marca Ford pe DJ 290 de pe raza comunei Vere\u0219ti f\u0103r\u0103 a de\u021bine permis de conducere pentru vreo categorie de vehicule, iar cu ocazia opririi \u00een trafic \u0219i a legitim\u0103rii sale de c\u0103tre organele de poli\u021bie a prezentat permisul fals. La data de 20.08.2026, lucr\u0103torii din cadrul SPR 2 Ipote\u0219ti au pus \u00een executare mandatul de aducere privind pe b\u0103rbat acesta fiind condus la sediul SPR 2 Ipote\u0219ti pentru audieri. Ulterior audierii \u00een calitate de inculpat, s-a dispus re\u021binerea acestuia pe o durat\u0103 de 24 ore, \u00eencep\u00e2nd de la data de 20.08.2026, ora 15:30, p\u00e2n\u0103 la data de 21.08.2026, ora 15:30. \u00cen cursul zilei de 21.08.2026, susnumitul va fi prezentat \u00een fa\u021ba judec\u0103torului de drepturi \u0219i libert\u0103\u021bi cu propunere de arestare preventiv\u0103. Cercet\u0103rile sunt continuate de lucr\u0103torii SPR 2 Ipote\u0219ti sub aspectul s\u0103v\u00e2r\u0219irii infrac\u021biunilor de ,,conducerea unui autovehicul f\u0103r\u0103 permis de conducere ,,uzul de fals,, , ,,complicitate la infrac\u021biunea de fals material \u00een \u00eenscrisuri oficiale\u201c,\u0219i \u201cfals material \u00een \u00eenscrisuri oficiale\u201d.<\/p>\n<\/div>\n<p>[analyse_source url=&#8221;https:\/\/www.svnews.ro\/prins-cu-permis-fals-dupa-ce-a-trecut-pe-culoarea-rosie-la-trecerea-la-nivel-cu-calea-ferata-de-la-veresti\/554826\/&#8221;]<\/p>\n","protected":false},"excerpt":{"rendered":"<p>[analyse_image type=&#8221;featured&#8221; src=&#8221;https:\/\/img.svnews.ro\/foto\/2026\/08\/21\/554826\/81a9ef6f966694c198cc16cab.jpg&#8221;] Urmare la evenimentul din data de 16 august ora 05:05, c\u00e2nd lucr\u0103torii SPR 2 Ipote\u0219ti \u00een timp ce efectuau activit\u0103\u021bi de patrulare \u0219i supraveghere a traficului rutier pe D.J. 290 din Vere\u0219ti au observat o autoutilitar\u0103 care nu a respectat culoarea ro\u0219ie la trecerea la nivel cu calea ferat\u0103 din direc\u021bia Salcea-Vere\u0219ti, [&hellip;]<\/p>\n","protected":false},"author":1,"featured_media":0,"comment_status":"open","ping_status":"","sticky":false,"template":"","format":"standard","meta":{"footnotes":""},"categories":[89],"tags":[226,175],"class_list":["post-2110026","post","type-post","status-publish","format-standard","hentry","category-romania","tag-crawlmanager","tag-svnews-ro"],"_links":{"self":[{"href":"https:\/\/analyse.optim.biz\/index.php?rest_route=\/wp\/v2\/posts\/2110026","targetHints":{"allow":["GET"]}}],"collection":[{"href":"https:\/\/analyse.optim.biz\/index.php?rest_route=\/wp\/v2\/posts"}],"about":[{"href":"https:\/\/analyse.optim.biz\/index.php?rest_route=\/wp\/v2\/types\/post"}],"author":[{"embeddable":true,"href":"https:\/\/analyse.optim.biz\/index.php?rest_route=\/wp\/v2\/users\/1"}],"replies":[{"embeddable":true,"href":"https:\/\/analyse.optim.biz\/index.php?rest_route=%2Fwp%2Fv2%2Fcomments&post=2110026"}],"version-history":[{"count":0,"href":"https:\/\/analyse.optim.biz\/index.php?rest_route=\/wp\/v2\/posts\/2110026\/revisions"}],"wp:attachment":[{"href":"https:\/\/analyse.optim.biz\/index.php?rest_route=%2Fwp%2Fv2%2Fmedia&parent=2110026"}],"wp:term":[{"taxonomy":"category","embeddable":true,"href":"https:\/\/analyse.optim.biz\/index.php?rest_route=%2Fwp%2Fv2%2Fcategories&post=2110026"},{"taxonomy":"post_tag","embeddable":true,"href":"https:\/\/analyse.optim.biz\/index.php?rest_route=%2Fwp%2Fv2%2Ftags&post=2110026"}],"curies":[{"name":"wp","href":"https:\/\/api.w.org\/{rel}","templated":true}]}}