{"id":2110010,"date":"2026-08-24T11:55:00","date_gmt":"2026-08-24T08:55:00","guid":{"rendered":"https:\/\/analyse.optim.biz\/?p=2110010"},"modified":"2026-08-24T11:55:00","modified_gmt":"2026-08-24T08:55:00","slug":"planul-care-ar-zgudui-europa-afd-vrea-sa-retraga-germania-din-zona-euro-si-spatiul-schengen-daca-va-ajunge-la-guvernare","status":"publish","type":"post","link":"https:\/\/analyse.optim.biz\/?p=2110010","title":{"rendered":"Planul care ar zgudui Europa: AfD vrea s\u0103 retrag\u0103 Germania din zona euro \u0219i spa\u021biul Schengen dac\u0103 va ajunge la guvernare"},"content":{"rendered":"<p>[analyse_image type=&#8221;featured&#8221; src=&#8221;https:\/\/radiogoldfm.ro\/wp-content\/uploads\/2026\/08\/media-172520890999239600.webphttps:\/\/radiogoldfm.ro\/wp-content\/uploads\/2026\/08\/media-172520890999239600.webp&#8221;]<\/p>\n<div class=\"qt-the-content\">\n<p><strong>Alice Weidel, co-liderul partidului\u00a0<\/strong><a href=\"https:\/\/www.stiripesurse.ro\/tag\/afd\" target=\"_blank\" rel=\"noreferrer noopener\"><strong>AfD<\/strong><\/a><strong>, a declarat c\u0103 partidul s\u0103u va solicita retragerea\u00a0<\/strong><a href=\"https:\/\/www.stiripesurse.ro\/tag\/germania\" target=\"_blank\" rel=\"noreferrer noopener\"><strong>Germaniei\u00a0<\/strong><\/a><strong>din zona euro \u0219i din spa\u021biul\u00a0<\/strong><a href=\"https:\/\/www.stiripesurse.ro\/tag\/Schengen\" target=\"_blank\" rel=\"noreferrer noopener\"><strong>Schengen<\/strong><\/a><strong>, \u00eenchiderea grani\u021belor na\u021bionale \u0219i impunerea unor politici de migra\u021bie mai dure dac\u0103 aceasta intr\u0103 \u00een guvernul federal, potrivit Mediafax.<\/strong><\/p>\n<h2 class=\"wp-block-heading\" id=\"afd-vrea-germania-in-afara-zonei-euro-si-a-spatiului-schengen\">AfD vrea Germania \u00een afara zonei euro \u0219i a spa\u021biului Schengen<\/h2>\n<p>Lidera AfD, Alice Weidel, a declarat c\u0103 partidul s\u0103u ar \u00eencerca s\u0103 scoat\u0103 Germania at\u00e2t din zona euro, c\u00e2t \u0219i din acordul Schengen, dac\u0103 aceasta ar intra \u00een guvernul federal, potrivit Anadolu.<\/p>\n<p>Printre m\u0103surile ei, se num\u0103r\u0103 \u0219i \u00eenchiderea grani\u021belor na\u021bionale \u0219i impunerea unor politici de migra\u021bie mai dure.<\/p>\n<h2 class=\"wp-block-heading\" id=\"germania-era-mult-mai-bine-inainte-de-introducerea-monedei-euro-afirma-lidera-afd\">\u201eGermania era mult mai bine \u00eenainte de introducerea monedei euro\u201d, afirm\u0103 lidera AfD<\/h2>\n<p>\u00centr-un interviu acordat ZDF \u00een aceast\u0103 var\u0103, Weidel a declarat c\u0103 \u201eGermania era mult mai bine \u00eenainte de introducerea monedei euro\u201d. Lidera AfD a explicat c\u0103 moneda a sl\u0103bit economia Germaniei \u0219i a redus averea gospod\u0103riilor.<\/p>\n<p>\u00cen contextul migra\u021biei, ea a spus c\u0103 \u201ele vom \u00eenchide \u0219i vom p\u0103r\u0103si Schengen\u201d, vorbind despre grani\u021bele Germaniei.<\/p>\n<h2 class=\"wp-block-heading\" id=\"weidel-vrea-inchiderea-granitelor-si-politici-de-migratie-mai-dure\">Weidel vrea \u00eenchiderea grani\u021belor \u0219i politici de migra\u021bie mai dure<\/h2>\n<p>De asemenea, Weidel a cerut mai multe deport\u0103ri \u0219i mai pu\u021bine naturaliz\u0103ri, inclusiv returnarea sirienilor al c\u0103ror statut de protec\u021bie a \u00eencetat, potrivit sursei citate.<\/p>\n<p>Weidel a criticat partidul Uniunea Cre\u0219tin-Democrat\u0103 al cancelarului Friedrich Merz \u0219i Partidul Social-Democrat al ministrului de finan\u021be Lars Klingbeil. Totodat\u0103, a condamnat refuzul CDU de a coopera cu partidul s\u0103u.<\/p>\n<p>\u201eVom guverna \u00een primele state federale. \u0218i vom guverna, de asemenea, la nivel federal\u201d, a transmis Alice Weidel.<\/p>\n<h2 class=\"wp-block-heading\" id=\"afd-respinge-si-politica-privind-schimbarile-climatice\">AfD respinge \u0219i politica privind schimb\u0103rile climatice<\/h2>\n<p>Weidel a reafirmat, de asemenea, opozi\u021bia AfD fa\u021b\u0103 de o interdic\u021bie planificat\u0103 a motoarelor cu ardere intern\u0103. Aceasta a respins m\u0103surile care vizeaz\u0103 schimb\u0103rile climatice cauzate de om, potrivit sursei citate.<\/p>\n<p>AfD are peste 40% din voturi \u00een Saxonia-Anhalt \u00eenaintea alegerilor de stat din 6 septembrie \u0219i 27% la nivel na\u021bional, potrivit institutului de cercetare Forschungsgruppe Wahlen. \u00cen compara\u021bie, partidul lui Merz are 22%.<\/p>\n<p><em><strong>surs\u0103: <a href=\"https:\/\/www.stiripesurse.ro\/planul-care-ar-zgudui-europa-afd-vrea-sa-retraga-germania-din-zona-euro-si-spatiul-schengen-daca-va-ajunge-la-guvernare_3914433\">stiripesurse.ro<\/a><\/strong><\/em><\/p>\n<div class=\"tagcloud qt-spacer-m\"><span class=\"qt-title\">Tagged as <\/span><a href=\"https:\/\/radiogoldfm.ro\/tag\/afd\/\" rel=\"tag\">afd<\/a><a href=\"https:\/\/radiogoldfm.ro\/tag\/germania\/\" rel=\"tag\">Germania<\/a><a href=\"https:\/\/radiogoldfm.ro\/tag\/gold-fm\/\" rel=\"tag\">GOLD FM<\/a><a href=\"https:\/\/radiogoldfm.ro\/tag\/romania\/\" rel=\"tag\">romania<\/a><\/div>\n<div class=\"qt-post-author qt-card\">\n<div class=\"row\">\n<div class=\"qt-post-author-data col s10 m7 l7\">\n<h6>Profil<\/h6>\n<h4><a href=\"https:\/\/radiogoldfm.ro\/planul-care-ar-zgudui-europa-afd-vrea-sa-retraga-germania-din-zona-euro-si-spatiul-schengen-daca-va-ajunge-la-guvernare\/#author_page\">Gold FM Radio<\/a><\/h4>\n<\/div>\n<div class=\"qt-post-author-link col s12 m3 l4 \"><a href=\"https:\/\/radiogoldfm.ro\/author\/gold-fm\/\" class=\"qt-btn qt-btn-large qt-btn-primary aligncenter\">Arhiva postari<\/a><\/div>\n<\/div>\n<\/div>\n<\/div>\n<p>[analyse_source url=&#8221;https:\/\/radiogoldfm.ro\/planul-care-ar-zgudui-europa-afd-vrea-sa-retraga-germania-din-zona-euro-si-spatiul-schengen-daca-va-ajunge-la-guvernare\/&#8221;]<\/p>\n","protected":false},"excerpt":{"rendered":"<p>[analyse_image type=&#8221;featured&#8221; src=&#8221;https:\/\/radiogoldfm.ro\/wp-content\/uploads\/2026\/08\/media-172520890999239600.webphttps:\/\/radiogoldfm.ro\/wp-content\/uploads\/2026\/08\/media-172520890999239600.webp&#8221;] Alice Weidel, co-liderul partidului\u00a0AfD, a declarat c\u0103 partidul s\u0103u va solicita retragerea\u00a0Germaniei\u00a0din zona euro \u0219i din spa\u021biul\u00a0Schengen, \u00eenchiderea grani\u021belor na\u021bionale \u0219i impunerea unor politici de migra\u021bie mai dure dac\u0103 aceasta intr\u0103 \u00een guvernul federal, potrivit Mediafax. AfD vrea Germania \u00een afara zonei euro \u0219i a spa\u021biului Schengen Lidera AfD, Alice Weidel, a [&hellip;]<\/p>\n","protected":false},"author":1,"featured_media":0,"comment_status":"open","ping_status":"","sticky":false,"template":"","format":"standard","meta":{"footnotes":""},"categories":[89],"tags":[226,96],"class_list":["post-2110010","post","type-post","status-publish","format-standard","hentry","category-romania","tag-crawlmanager","tag-radiogoldfm-ro"],"_links":{"self":[{"href":"https:\/\/analyse.optim.biz\/index.php?rest_route=\/wp\/v2\/posts\/2110010","targetHints":{"allow":["GET"]}}],"collection":[{"href":"https:\/\/analyse.optim.biz\/index.php?rest_route=\/wp\/v2\/posts"}],"about":[{"href":"https:\/\/analyse.optim.biz\/index.php?rest_route=\/wp\/v2\/types\/post"}],"author":[{"embeddable":true,"href":"https:\/\/analyse.optim.biz\/index.php?rest_route=\/wp\/v2\/users\/1"}],"replies":[{"embeddable":true,"href":"https:\/\/analyse.optim.biz\/index.php?rest_route=%2Fwp%2Fv2%2Fcomments&post=2110010"}],"version-history":[{"count":0,"href":"https:\/\/analyse.optim.biz\/index.php?rest_route=\/wp\/v2\/posts\/2110010\/revisions"}],"wp:attachment":[{"href":"https:\/\/analyse.optim.biz\/index.php?rest_route=%2Fwp%2Fv2%2Fmedia&parent=2110010"}],"wp:term":[{"taxonomy":"category","embeddable":true,"href":"https:\/\/analyse.optim.biz\/index.php?rest_route=%2Fwp%2Fv2%2Fcategories&post=2110010"},{"taxonomy":"post_tag","embeddable":true,"href":"https:\/\/analyse.optim.biz\/index.php?rest_route=%2Fwp%2Fv2%2Ftags&post=2110010"}],"curies":[{"name":"wp","href":"https:\/\/api.w.org\/{rel}","templated":true}]}}