{"id":2110001,"date":"2026-08-23T11:55:00","date_gmt":"2026-08-23T08:55:00","guid":{"rendered":"https:\/\/analyse.optim.biz\/?p=2110001"},"modified":"2026-08-23T11:55:00","modified_gmt":"2026-08-23T08:55:00","slug":"ucraina-fedorov-denunta-o-coruptie-sistemica-ce-impiedica-incheierea-razboiului","status":"publish","type":"post","link":"https:\/\/analyse.optim.biz\/?p=2110001","title":{"rendered":"Ucraina: Fedorov denun\u021b\u0103 o corup\u021bie sistemic\u0103 ce \u201c\u00eempiedic\u0103 \u00eencheierea r\u0103zboiului\u201d"},"content":{"rendered":"<p>[analyse_image type=&#8221;featured&#8221; src=&#8221;https:\/\/radiogoldfm.ro\/wp-content\/uploads\/2026\/08\/ucraina-fedorov-denunta-o-coruptie-sistemica-ce-impiedica-incheierea-razboiului-84247.jpghttps:\/\/radiogoldfm.ro\/wp-content\/uploads\/2026\/08\/ucraina-fedorov-denunta-o-coruptie-sistemica-ce-impiedica-incheierea-razboiului-84247.jpg&#8221;]<\/p>\n<div class=\"qt-the-content\">\n<p><strong>Fostul ministru ucrainean al Ap\u0103r\u0103rii, Mykha\u00eflo Fedorov, atrage din nou aten\u021bia asupra corup\u021biei sistemice care macin\u0103 institu\u021biile de la Kiev \u0219i compromite eforturile de r\u0103zboi. \u00centr-un interviu recent, acesta denun\u021b\u0103 re\u021belele de interese private din administra\u021bie \u0219i avertizeaz\u0103 c\u0103 reformele interne sunt la fel de cruciale pentru viitorul \u021b\u0103rii ca victoria pe frontul \u00eempotriva Rusiei, scrie<a href=\"https:\/\/www.lemonde.fr\/international\/live\/2026\/08\/22\/en-direct-guerre-en-ukraine-vladimir-poutine-promet-des-attaques-beaucoup-plus-destructrices-contre-kiev-evoquant-des-mesures-de-represailles_6746952_3210.html\" target=\"_blank\" rel=\"noreferrer noopener\">\u00a0Le Monde<\/a><\/strong><\/p>\n<p>\u00centr-un interviu acordat postului 24 Kanal, fostul ministru ucrainean al Ap\u0103r\u0103rii a denun\u021bat din nou corup\u021bia care devasteaz\u0103 institu\u021biile \u021b\u0103rii sale, afirm\u00e2nd c\u0103 aceasta \u00eempiedic\u0103 Ucraina s\u0103 \u00eencheie r\u0103zboiul \u00eempotriva Rusiei \u00abde pe o pozi\u021bie de for\u021b\u0103\u00bb.<\/p>\n<p>\u00abNu este vorba despre una sau dou\u0103 persoane, ci despre sute de indivizi care s-au obi\u0219nuit de-a lungul anilor s\u0103 se \u00eembog\u0103\u021beasc\u0103 pe seama bugetului de stat\u00bb, a criticat dur fostul ministru, men\u021bion\u00e2nd implicarea unor \u00eenal\u021bi oficiali, reprezentan\u021bi ai for\u021belor de ordine \u0219i re\u021bele de interese private. \u00abM-am confruntat cu aceast\u0103 problem\u0103 la Ministerul Ap\u0103r\u0103rii, am luptat \u0219i am demontat aceste re\u021bele. \u00cens\u0103 aceast\u0103 corup\u021bie fr\u00e2neaz\u0103 luarea deciziilor corecte.\u00bb<\/p>\n<p>Mykha\u00eflo Fedorov, care a confirmat c\u0103 nu a mai discutat cu pre\u0219edintele Volodymyr Zelensky de c\u00e2teva s\u0103pt\u0103m\u00e2ni, criticase deja pe 18 august o \u00abcriz\u0103 sistemic\u0103 de guvernan\u021b\u0103\u00bb. El men\u021bionase atunci rolul intereselor financiare private din cadrul Parlamentului, \u00een special \u00een sectoarele ap\u0103r\u0103rii, s\u0103n\u0103t\u0103\u021bii \u0219i fiscalit\u0103\u021bii.<\/p>\n<p>\u00cen ciuda plec\u0103rii sale din guvern, fostul ministru s-a ar\u0103tat convins c\u0103 aceste re\u021bele corupte vor sf\u00e2r\u0219i prin a ceda sub presiunea societ\u0103\u021bii civile \u0219i \u00een urma activit\u0103\u021bii organelor anticorup\u021bie (NABU). \u00abVa veni momentul \u00een care to\u021bi ucrainenii le vor cunoa\u0219te numele\u00bb, a asigurat el.<\/p>\n<p>De asemenea, el a dezmin\u021bit c\u0103 ar inten\u021biona s\u0103 profite de o viitoare deplasare \u00een Statele Unite pentru a solicita sprijinul pre\u0219edintelui american Donald Trump, l\u0103s\u00e2nd totu\u0219i deschis\u0103 posibilitatea unei \u00eent\u00e2lniri cu Elon Musk. Fedorov a explicat c\u0103 vizita sa este legat\u0103 \u00een principal de activit\u0103\u021bile sale din cadrul East Europe Foundation, \u00een special pentru str\u00e2ngerea de fonduri, dar \u0219i de \u00eentrevederi dedicate sectorului ap\u0103r\u0103rii \u0219i investi\u021biilor, at\u00e2t \u00een Europa, c\u00e2t \u0219i \u00een Statele Unite.<\/p>\n<p><strong><em>surs\u0103: <a href=\"https:\/\/www.lemonde.fr\/international\/live\/2026\/08\/22\/en-direct-guerre-en-ukraine-vladimir-poutine-promet-des-attaques-beaucoup-plus-destructrices-contre-kiev-evoquant-des-mesures-de-represailles_6746952_3210.html\" target=\"_blank\" rel=\"noreferrer noopener\">Le Monde<\/a><\/em><\/strong><\/p>\n<div class=\"tagcloud qt-spacer-m\"><span class=\"qt-title\">Tagged as <\/span><a href=\"https:\/\/radiogoldfm.ro\/tag\/coruptie\/\" rel=\"tag\">coruptie<\/a><a href=\"https:\/\/radiogoldfm.ro\/tag\/fedorov\/\" rel=\"tag\">fedorov<\/a><a href=\"https:\/\/radiogoldfm.ro\/tag\/gold-fm\/\" rel=\"tag\">GOLD FM<\/a><a href=\"https:\/\/radiogoldfm.ro\/tag\/razboi\/\" rel=\"tag\">razboi<\/a><a href=\"https:\/\/radiogoldfm.ro\/tag\/romania\/\" rel=\"tag\">romania<\/a><a href=\"https:\/\/radiogoldfm.ro\/tag\/zelenski\/\" rel=\"tag\">zelenski<\/a><\/div>\n<div class=\"qt-post-author qt-card\">\n<div class=\"row\">\n<div class=\"qt-post-author-data col s10 m7 l7\">\n<h6>Profil<\/h6>\n<h4><a href=\"https:\/\/radiogoldfm.ro\/ucraina-fedorov-denunta-o-coruptie-sistemica-ce-impiedica-incheierea-razboiului\/#author_page\">Gold FM Radio<\/a><\/h4>\n<\/div>\n<div class=\"qt-post-author-link col s12 m3 l4 \"><a href=\"https:\/\/radiogoldfm.ro\/author\/gold-fm\/\" class=\"qt-btn qt-btn-large qt-btn-primary aligncenter\">Arhiva postari<\/a><\/div>\n<\/div>\n<\/div>\n<\/div>\n<p>[analyse_source url=&#8221;https:\/\/radiogoldfm.ro\/ucraina-fedorov-denunta-o-coruptie-sistemica-ce-impiedica-incheierea-razboiului\/&#8221;]<\/p>\n","protected":false},"excerpt":{"rendered":"<p>[analyse_image type=&#8221;featured&#8221; src=&#8221;https:\/\/radiogoldfm.ro\/wp-content\/uploads\/2026\/08\/ucraina-fedorov-denunta-o-coruptie-sistemica-ce-impiedica-incheierea-razboiului-84247.jpghttps:\/\/radiogoldfm.ro\/wp-content\/uploads\/2026\/08\/ucraina-fedorov-denunta-o-coruptie-sistemica-ce-impiedica-incheierea-razboiului-84247.jpg&#8221;] Fostul ministru ucrainean al Ap\u0103r\u0103rii, Mykha\u00eflo Fedorov, atrage din nou aten\u021bia asupra corup\u021biei sistemice care macin\u0103 institu\u021biile de la Kiev \u0219i compromite eforturile de r\u0103zboi. \u00centr-un interviu recent, acesta denun\u021b\u0103 re\u021belele de interese private din administra\u021bie \u0219i avertizeaz\u0103 c\u0103 reformele interne sunt la fel de cruciale pentru viitorul \u021b\u0103rii ca victoria pe [&hellip;]<\/p>\n","protected":false},"author":1,"featured_media":0,"comment_status":"open","ping_status":"","sticky":false,"template":"","format":"standard","meta":{"footnotes":""},"categories":[89],"tags":[226,96],"class_list":["post-2110001","post","type-post","status-publish","format-standard","hentry","category-romania","tag-crawlmanager","tag-radiogoldfm-ro"],"_links":{"self":[{"href":"https:\/\/analyse.optim.biz\/index.php?rest_route=\/wp\/v2\/posts\/2110001","targetHints":{"allow":["GET"]}}],"collection":[{"href":"https:\/\/analyse.optim.biz\/index.php?rest_route=\/wp\/v2\/posts"}],"about":[{"href":"https:\/\/analyse.optim.biz\/index.php?rest_route=\/wp\/v2\/types\/post"}],"author":[{"embeddable":true,"href":"https:\/\/analyse.optim.biz\/index.php?rest_route=\/wp\/v2\/users\/1"}],"replies":[{"embeddable":true,"href":"https:\/\/analyse.optim.biz\/index.php?rest_route=%2Fwp%2Fv2%2Fcomments&post=2110001"}],"version-history":[{"count":0,"href":"https:\/\/analyse.optim.biz\/index.php?rest_route=\/wp\/v2\/posts\/2110001\/revisions"}],"wp:attachment":[{"href":"https:\/\/analyse.optim.biz\/index.php?rest_route=%2Fwp%2Fv2%2Fmedia&parent=2110001"}],"wp:term":[{"taxonomy":"category","embeddable":true,"href":"https:\/\/analyse.optim.biz\/index.php?rest_route=%2Fwp%2Fv2%2Fcategories&post=2110001"},{"taxonomy":"post_tag","embeddable":true,"href":"https:\/\/analyse.optim.biz\/index.php?rest_route=%2Fwp%2Fv2%2Ftags&post=2110001"}],"curies":[{"name":"wp","href":"https:\/\/api.w.org\/{rel}","templated":true}]}}