{"id":2109997,"date":"2026-08-24T16:25:00","date_gmt":"2026-08-24T13:25:00","guid":{"rendered":"https:\/\/analyse.optim.biz\/?p=2109997"},"modified":"2026-08-24T16:25:00","modified_gmt":"2026-08-24T13:25:00","slug":"germania-fetitele-cu-parul-impletit-in-codite-provin-din-familii-de-extrema-dreapta-ghidul-unei-fundatii-de-stanga-invata-educatoarele-cum-sa-depisteze-copiii-extremisti-i","status":"publish","type":"post","link":"https:\/\/analyse.optim.biz\/?p=2109997","title":{"rendered":"Germania: Feti\u021bele cu p\u0103rul \u00eempletit \u00een codi\u021be provin din familii de extrem\u0103 dreapt\u0103 \u2013 Ghidul unei funda\u021bii de st\u00e2nga \u00eenva\u021b\u0103 educatoarele cum s\u0103 depisteze copiii \u201eextremi\u0219ti\u201d \u00een gradini\u021be"},"content":{"rendered":"<p>[analyse_image type=&#8221;featured&#8221; src=&#8221;https:\/\/radiogoldfm.ro\/wp-content\/uploads\/2026\/08\/germania-fetitele-cu-parul-impletit-in-codite-provin-din-familii-de-extrema-dreapta-ghidul-unei-fundatii-de-stanga-invata-educatoarele-cum-sa-depisteze-copiii-extremisti-in-gradinite-84259.jpghttps:\/\/radiogoldfm.ro\/wp-content\/uploads\/2026\/08\/germania-fetitele-cu-parul-impletit-in-codite-provin-din-familii-de-extrema-dreapta-ghidul-unei-fundatii-de-stanga-invata-educatoarele-cum-sa-depisteze-copiii-extremisti-in-gradinite-84259.jpg&#8221;]<\/p>\n<div class=\"qt-the-content\">\n<p><strong>O bro\u0219ur\u0103 destinat\u0103 gr\u0103dini\u021belor din Germaniapropune o serie de criterii bizare pentru identificarea copiilor din \u201cfamiliile de extrem\u0103 dreapt\u0103\u201d. Elaborat de Funda\u021bia Amadeu Antonio \u2013 o organiza\u021bie de st\u00e2nga finan\u021bat\u0103 din fonduri publice \u2013 ghidul le \u00eenva\u021b\u0103 pe educatoare s\u0103 priveasc\u0103 cu suspiciune comportamentele sau hainele copiilor. Astfel, feti\u021bele care poart\u0103 rochi\u021be \u0219i au p\u0103rul str\u00e2ns \u00een codi\u021be, b\u0103ie\u021bii \u00eencuraja\u021bi s\u0103 fac\u0103 sport, dar \u0219i copiii neobi\u0219nuit de cumin\u021bi, t\u0103cu\u021bi sau ascult\u0103tori devin automat semnale de alarm\u0103 c\u0103 ar putea proveni din familii cu p\u0103rin\u021bi extremi\u0219ti. Ceea ce se dorea a fi o ini\u021biativ\u0103 anti-extremism a fost rapid acuzat\u0103 de opozi\u021bia politic\u0103 drept un instrument de reeducare ideologic\u0103 \u0219i spionare a p\u0103rin\u021bilor conservatori., conform\u00a0<a href=\"https:\/\/www.welt.de\/print\/die_welt\/vermischtes\/article184709480\/Wie-erkennt-man-eine-voelkische-Familie.html\" target=\"_blank\" rel=\"noreferrer noopener\">Die Welt<\/a><\/strong><\/p>\n<p>In Germania, o bro\u0219ur\u0103 \u00ee\u0219i propune s\u0103 le ofere educatoarelor din gr\u0103dini\u021be sfaturi pentru gestionarea rela\u021biei cu familiile de extrem\u0103 dreapt\u0103. CDU reac\u021bioneaz\u0103 cu indignare.<\/p>\n<p>Cuv\u00e2ntul \u00eenainte pe care fostul ministru alFamiliei, Franziska Giffey (SPD), l-a scris pentru bro\u0219ura \u201eEne, mene, muh \u2013 und raus bist du. Ungleichwertigkeit und fr\u00fchkindliche P\u00e4dagogik\u201d (<em>An-tan-tiri-mogodan \u00a0\u2013 \u0219i ie\u0219i afar\u0103 tu. Inegalitatea \u0219i pedagogia timpurie\u201d<\/em>), publicat\u0103 de Funda\u021bia Amadeu Antonio \u00een 2018, nu este, \u00een mod normal, de natur\u0103 s\u0103 st\u00e2rneasc\u0103 controverse. \u201eCopiii de ast\u0103zi vor sus\u021bine societatea noastr\u0103 democratic\u0103 de m\u00e2ine. De aceea este important s\u0103 structur\u0103m educa\u021bia timpurie \u00een mod democratic \u0219i s\u0103 o orient\u0103m dup\u0103 drepturile copiilor\u201d, scrie Giffey.<\/p>\n<p>Polarizarea cresc\u00e2nd\u0103 din societate \u0219i ascensiunea mi\u0219c\u0103rilor populist-extremiste de dreapta nu se opresc la u\u0219a gr\u0103dini\u021belor, spunea ministrul Familiei. \u201eCopiii prind remarcile rasiste sau atitudinile antisemite \u0219i le transmit mai departe. Sau p\u0103rin\u021bii aborda\u021bii educatoarele \u0219i educatorii cu astfel de idei. Ce este de f\u0103cut? Cum reac\u021bion\u0103m, cum prevenim?\u201d \u00cen acest sens, bro\u0219ura ar putea oferi recomand\u0103ri de ac\u021biune.<\/p>\n<p>Modul \u00een care sunt formulate aceste recomand\u0103ri \u00een detaliu a provoacat \u00eens\u0103 o nemul\u021bumire uria\u0219\u0103. Astfel, bro\u0219ura con\u021bine indica\u021bii concrete despre cum pot educatorii s\u0103 identifice copiii care provin din familii presupus extremiste de dreapta. Sub titlul \u201eCopii din familii\u00a0<em>v\u00f6lkisch<\/em>\u201d (de extrema dreapta), este descris exemplul practic al unei perechi de fra\u021bi care sunt deosebit de retra\u0219i \u0219i povestesc foarte pu\u021bin despre ce fac acas\u0103 sau \u00een weekend.<\/p>\n<p>\u201e\u00cen acela\u0219i timp, nu exist\u0103 a\u0219a-numite probleme de disciplin\u0103; ace\u0219ti copii par s\u0103 fie deosebit de \u201cascult\u0103tori\u201d. \u00cen plus, stilurile de educa\u021bie reflect\u0103 roluri tradi\u021bionale de gen: feti\u021ba poart\u0103 rochii \u0219i codi\u021be \u00eempletite, fiind \u00eendrumat\u0103 acas\u0103 c\u0103tre treburi casnice \u0219i lucru manual, \u00een timp ce b\u0103iatul este supus unui efort fizic intens \u0219i unui dresaj strict. Am\u00e2ndoi sosesc frecvent diminea\u021ba la institu\u021bie dup\u0103 ce au alergat deja o curs\u0103 de 1,5 km.\u201d<\/p>\n<p>Toate acestea ar fi indicii c\u0103 respectivii copii cresc \u00eentr-un mediu familial de extrem\u0103 dreapt\u0103, de tip\u00a0<em>v\u00f6lkisch<\/em>, se arat\u0103 mai departe \u00een text. Educatorilor li se recomand\u0103 ca, drept m\u0103sur\u0103 de preven\u021bie primar\u0103, s\u0103 le ofere fra\u021bilor \u201eactivit\u0103\u021bi de pedagogie a diversit\u0103\u021bii \u0219i democra\u021biei\u201d. De asemenea, este sf\u0103tuit\u0103 organizarea unei discu\u021bii cu p\u0103rin\u021bii. \u00cen cadrul acesteia, ar trebui s\u0103 li se explice clar p\u0103rin\u021bilor \u201e\u00een ce m\u0103sur\u0103 stilurile de educa\u021bie autoritare \u0219i stereotipurile de gen limiteaz\u0103 posibilit\u0103\u021bile variate ale copiilor \u0219i le \u00eengreuneaz\u0103 dezvoltarea.\u201d<\/p>\n<p>\u00centr-un alt exemplu practic este vorba despre o mam\u0103 care \u00ee\u0219i face griji deoarece al\u021bi copii din gr\u0103dini\u021b\u0103 i-au f\u0103cut unghiile cu oj\u0103 fiului ei \u00een col\u021bul de deghiz\u0103ri. Aceasta se teme c\u0103 fiul ei este \u00eendoctrinat cu \u201emizerii de gen\u201d (<em>Genderquatsch<\/em>), f\u0103c\u00e2nd referire \u0219i la o \u201esexualizare timpurie\u201d. Bro\u0219ura recomand\u0103 ca \u0219i aceast\u0103 mam\u0103 s\u0103 fie invitat\u0103 la o discu\u021bie: \u201eAlegerea cuvintelor folosite de mam\u0103 d\u0103 motive s\u0103 se presupun\u0103 c\u0103 aceasta se pozi\u021bioneaz\u0103 sau activeaz\u0103 \u00een contextul ideologiilor de (nou\u0103) dreapt\u0103 sau fundamentaliste. Prin urmare, ar fi bine s\u0103 existe o preg\u0103tire pentru faptul c\u0103 discu\u021bia poate fi destul de controversat\u0103. Este important s\u0103 se p\u0103streze ca obiectiv al conversa\u021biei bun\u0103starea copilului \u0219i dreptul asociat al acestuia la libera dezvoltare a personalit\u0103\u021bii.\u201d<\/p>\n<p>Funda\u021bia Amadeu Antonio, care a publicat bro\u0219ura, este activ\u0103 din 1998 \u00eempotriva antisemitismului, rasismului \u0219i extremismului de dreapta \u0219i prime\u0219te sprijin financiar din partea Ministerului Familiei prin intermediul programului \u201eDemokratie leben\u201d (<em>S\u0103 tr\u0103im democra\u021bia<\/em>).<\/p>\n<p><strong><em>surs\u0103: <a href=\"https:\/\/www.welt.de\/print\/die_welt\/vermischtes\/article184709480\/Wie-erkennt-man-eine-voelkische-Familie.html\" target=\"_blank\" rel=\"noreferrer noopener\">Die Welt<\/a><\/em><\/strong><\/p>\n<div class=\"tagcloud qt-spacer-m\"><span class=\"qt-title\">Tagged as <\/span><a href=\"https:\/\/radiogoldfm.ro\/tag\/germania\/\" rel=\"tag\">Germania<\/a><a href=\"https:\/\/radiogoldfm.ro\/tag\/gold-fm\/\" rel=\"tag\">GOLD FM<\/a><a href=\"https:\/\/radiogoldfm.ro\/tag\/romania\/\" rel=\"tag\">romania<\/a><a href=\"https:\/\/radiogoldfm.ro\/tag\/societate\/\" rel=\"tag\">societate<\/a><\/div>\n<div class=\"qt-post-author qt-card\">\n<div class=\"row\">\n<div class=\"qt-post-author-data col s10 m7 l7\">\n<h6>Profil<\/h6>\n<h4><a href=\"https:\/\/radiogoldfm.ro\/germania-fetitele-cu-parul-impletit-in-codite-provin-din-familii-de-extrema-dreapta-ghidul-unei-fundatii-de-stanga-invata-educatoarele-cum-sa-depisteze-copiii-extremisti-i\/#author_page\">Gold FM Radio<\/a><\/h4>\n<\/div>\n<div class=\"qt-post-author-link col s12 m3 l4 \"><a href=\"https:\/\/radiogoldfm.ro\/author\/gold-fm\/\" class=\"qt-btn qt-btn-large qt-btn-primary aligncenter\">Arhiva postari<\/a><\/div>\n<\/div>\n<\/div>\n<\/div>\n<p>[analyse_source url=&#8221;https:\/\/radiogoldfm.ro\/germania-fetitele-cu-parul-impletit-in-codite-provin-din-familii-de-extrema-dreapta-ghidul-unei-fundatii-de-stanga-invata-educatoarele-cum-sa-depisteze-copiii-extremisti-i\/&#8221;]<\/p>\n","protected":false},"excerpt":{"rendered":"<p>[analyse_image type=&#8221;featured&#8221; src=&#8221;https:\/\/radiogoldfm.ro\/wp-content\/uploads\/2026\/08\/germania-fetitele-cu-parul-impletit-in-codite-provin-din-familii-de-extrema-dreapta-ghidul-unei-fundatii-de-stanga-invata-educatoarele-cum-sa-depisteze-copiii-extremisti-in-gradinite-84259.jpghttps:\/\/radiogoldfm.ro\/wp-content\/uploads\/2026\/08\/germania-fetitele-cu-parul-impletit-in-codite-provin-din-familii-de-extrema-dreapta-ghidul-unei-fundatii-de-stanga-invata-educatoarele-cum-sa-depisteze-copiii-extremisti-in-gradinite-84259.jpg&#8221;] O bro\u0219ur\u0103 destinat\u0103 gr\u0103dini\u021belor din Germaniapropune o serie de criterii bizare pentru identificarea copiilor din \u201cfamiliile de extrem\u0103 dreapt\u0103\u201d. Elaborat de Funda\u021bia Amadeu Antonio \u2013 o organiza\u021bie de st\u00e2nga finan\u021bat\u0103 din fonduri publice \u2013 ghidul le \u00eenva\u021b\u0103 pe educatoare s\u0103 priveasc\u0103 cu suspiciune comportamentele sau hainele copiilor. Astfel, feti\u021bele care poart\u0103 rochi\u021be [&hellip;]<\/p>\n","protected":false},"author":1,"featured_media":0,"comment_status":"open","ping_status":"","sticky":false,"template":"","format":"standard","meta":{"footnotes":""},"categories":[89],"tags":[226,96],"class_list":["post-2109997","post","type-post","status-publish","format-standard","hentry","category-romania","tag-crawlmanager","tag-radiogoldfm-ro"],"_links":{"self":[{"href":"https:\/\/analyse.optim.biz\/index.php?rest_route=\/wp\/v2\/posts\/2109997","targetHints":{"allow":["GET"]}}],"collection":[{"href":"https:\/\/analyse.optim.biz\/index.php?rest_route=\/wp\/v2\/posts"}],"about":[{"href":"https:\/\/analyse.optim.biz\/index.php?rest_route=\/wp\/v2\/types\/post"}],"author":[{"embeddable":true,"href":"https:\/\/analyse.optim.biz\/index.php?rest_route=\/wp\/v2\/users\/1"}],"replies":[{"embeddable":true,"href":"https:\/\/analyse.optim.biz\/index.php?rest_route=%2Fwp%2Fv2%2Fcomments&post=2109997"}],"version-history":[{"count":0,"href":"https:\/\/analyse.optim.biz\/index.php?rest_route=\/wp\/v2\/posts\/2109997\/revisions"}],"wp:attachment":[{"href":"https:\/\/analyse.optim.biz\/index.php?rest_route=%2Fwp%2Fv2%2Fmedia&parent=2109997"}],"wp:term":[{"taxonomy":"category","embeddable":true,"href":"https:\/\/analyse.optim.biz\/index.php?rest_route=%2Fwp%2Fv2%2Fcategories&post=2109997"},{"taxonomy":"post_tag","embeddable":true,"href":"https:\/\/analyse.optim.biz\/index.php?rest_route=%2Fwp%2Fv2%2Ftags&post=2109997"}],"curies":[{"name":"wp","href":"https:\/\/api.w.org\/{rel}","templated":true}]}}