{"id":2109977,"date":"2026-08-24T15:44:27","date_gmt":"2026-08-24T12:44:27","guid":{"rendered":"https:\/\/analyse.optim.biz\/?p=2109977"},"modified":"2026-08-24T15:44:27","modified_gmt":"2026-08-24T12:44:27","slug":"ultima-ora-autobuz-trans-bus-cuprins-de-flacari-in-mers-in-zona-orizont-calatorii-au-fost-evacuati-video","status":"publish","type":"post","link":"https:\/\/analyse.optim.biz\/?p=2109977","title":{"rendered":"ULTIMA OR\u0102 | Autobuz Trans Bus, cuprins de fl\u0103c\u0103ri \u00een mers, \u00een zona Orizont. C\u0103l\u0103torii au fost evacua\u021bi (VIDEO)"},"content":{"rendered":"<p>[analyse_image type=&#8221;featured&#8221; src=&#8221;https:\/\/gazetabuzoiana.ro\/wp-content\/uploads\/2026\/08\/A-5.jpeg&#8221;]<\/p>\n<div class=\"entry-content entry clearfix\">\n<p class=\"wp-block-paragraph\">Un autobuz al societ\u0103\u021bii de transport public local Trans Bus Buz\u0103u a luat foc \u00een aceast\u0103 dup\u0103-amiaz\u0103, \u00een timp ce se afla \u00een curs\u0103 pe direc\u021bia M\u0103r\u0103cineni. Incidentul s-a produs \u00een zona cartierului Orizont, din municipiul Buz\u0103u.<\/p>\n<p class=\"wp-block-paragraph\">C\u0103l\u0103torii afla\u021bi \u00een autobuz au fost evacua\u021bi, iar vehiculul a fost scos din circula\u021bie. Ulterior, autobuzul a fost tractat de asisten\u021ba rutier\u0103 a Trans Bus.<\/p>\n<p class=\"wp-block-paragraph\">Din informa\u021biile disponibile p\u00e2n\u0103 \u00een acest moment, nu sunt date despre persoane r\u0103nite \u00een urma incidentului.<\/p>\n<p class=\"wp-block-paragraph\">Fotografia realizat\u0103 \u00een zon\u0103 arat\u0103 autobuzul oprit pe marginea drumului, cu urme vizibile pe partea lateral\u0103 a vehiculului.<\/p>\n<p class=\"wp-block-paragraph\">Deocamdat\u0103 nu este clar ce a provocat incendiul. Cauza urmeaz\u0103 s\u0103 fie stabilit\u0103, iar un punct de vedere al Trans Bus este a\u0219teptat pentru a se vedea dac\u0103 a fost vorba despre o defec\u021biune tehnic\u0103 sau despre o alt\u0103 cauz\u0103.<\/p>\n<p class=\"wp-block-paragraph\">Vom reveni cu informa\u021bii.<\/p>\n<div class=\"post-bottom-meta post-bottom-tags post-tags-modern\">\n<div class=\"post-bottom-meta-title\"> Etichete<\/div>\n<p><span class=\"tagcloud\"><a href=\"https:\/\/gazetabuzoiana.ro\/tag\/autobuz-buzau\/\" rel=\"tag\">autobuz buzau<\/a><a href=\"https:\/\/gazetabuzoiana.ro\/tag\/autobuz-in-flacari\/\" rel=\"tag\">autobuz in flacari<\/a><a href=\"https:\/\/gazetabuzoiana.ro\/tag\/autobuz-trans-bus\/\" rel=\"tag\">autobuz trans bus<\/a><a href=\"https:\/\/gazetabuzoiana.ro\/tag\/buzau\/\" rel=\"tag\">Buzau<\/a><a href=\"https:\/\/gazetabuzoiana.ro\/tag\/cartier-orizont\/\" rel=\"tag\">cartier orizont<\/a><a href=\"https:\/\/gazetabuzoiana.ro\/tag\/incendiu-autobuz\/\" rel=\"tag\">incendiu autobuz<\/a><a href=\"https:\/\/gazetabuzoiana.ro\/tag\/incident-trans-bus\/\" rel=\"tag\">incident trans bus<\/a><a href=\"https:\/\/gazetabuzoiana.ro\/tag\/maracineni-2\/\" rel=\"tag\">Maracineni<\/a><a href=\"https:\/\/gazetabuzoiana.ro\/tag\/trans-bus\/\" rel=\"tag\">Trans Bus<\/a><a href=\"https:\/\/gazetabuzoiana.ro\/tag\/transport-public-buzau-2\/\" rel=\"tag\">transport public buzau<\/a><\/span><\/div>\n<\/div>\n<p>[analyse_source url=&#8221;https:\/\/gazetabuzoiana.ro\/2026\/08\/24\/ultima-ora-autobuz-trans-bus-cuprins-de-flacari-in-mers-in-zona-orizont-calatorii-au-fost-evacuati-video\/&#8221;]<\/p>\n","protected":false},"excerpt":{"rendered":"<p>[analyse_image type=&#8221;featured&#8221; src=&#8221;https:\/\/gazetabuzoiana.ro\/wp-content\/uploads\/2026\/08\/A-5.jpeg&#8221;] Un autobuz al societ\u0103\u021bii de transport public local Trans Bus Buz\u0103u a luat foc \u00een aceast\u0103 dup\u0103-amiaz\u0103, \u00een timp ce se afla \u00een curs\u0103 pe direc\u021bia M\u0103r\u0103cineni. Incidentul s-a produs \u00een zona cartierului Orizont, din municipiul Buz\u0103u. C\u0103l\u0103torii afla\u021bi \u00een autobuz au fost evacua\u021bi, iar vehiculul a fost scos din circula\u021bie. Ulterior, [&hellip;]<\/p>\n","protected":false},"author":1,"featured_media":0,"comment_status":"open","ping_status":"","sticky":false,"template":"","format":"standard","meta":{"footnotes":""},"categories":[2],"tags":[226,38],"class_list":["post-2109977","post","type-post","status-publish","format-standard","hentry","category-politics","tag-crawlmanager","tag-gazetabuzoiana-ro"],"_links":{"self":[{"href":"https:\/\/analyse.optim.biz\/index.php?rest_route=\/wp\/v2\/posts\/2109977","targetHints":{"allow":["GET"]}}],"collection":[{"href":"https:\/\/analyse.optim.biz\/index.php?rest_route=\/wp\/v2\/posts"}],"about":[{"href":"https:\/\/analyse.optim.biz\/index.php?rest_route=\/wp\/v2\/types\/post"}],"author":[{"embeddable":true,"href":"https:\/\/analyse.optim.biz\/index.php?rest_route=\/wp\/v2\/users\/1"}],"replies":[{"embeddable":true,"href":"https:\/\/analyse.optim.biz\/index.php?rest_route=%2Fwp%2Fv2%2Fcomments&post=2109977"}],"version-history":[{"count":0,"href":"https:\/\/analyse.optim.biz\/index.php?rest_route=\/wp\/v2\/posts\/2109977\/revisions"}],"wp:attachment":[{"href":"https:\/\/analyse.optim.biz\/index.php?rest_route=%2Fwp%2Fv2%2Fmedia&parent=2109977"}],"wp:term":[{"taxonomy":"category","embeddable":true,"href":"https:\/\/analyse.optim.biz\/index.php?rest_route=%2Fwp%2Fv2%2Fcategories&post=2109977"},{"taxonomy":"post_tag","embeddable":true,"href":"https:\/\/analyse.optim.biz\/index.php?rest_route=%2Fwp%2Fv2%2Ftags&post=2109977"}],"curies":[{"name":"wp","href":"https:\/\/api.w.org\/{rel}","templated":true}]}}