{"id":2109974,"date":"2026-08-24T14:26:32","date_gmt":"2026-08-24T11:26:32","guid":{"rendered":"https:\/\/analyse.optim.biz\/?p=2109974"},"modified":"2026-08-24T14:26:32","modified_gmt":"2026-08-24T11:26:32","slug":"oficiul-national-al-registrului-comertului-confirma-ipoteza-haritinei-craita-privind-continuarea-proiectelor-m100-prin-compania-de-apa","status":"publish","type":"post","link":"https:\/\/analyse.optim.biz\/?p=2109974","title":{"rendered":"Oficiul Na\u021bional al Registrului Comer\u021bului confirm\u0103 ipoteza Haritinei Crai\u021ba privind continuarea proiectelor M100 prin Compania de Ap\u0103"},"content":{"rendered":"<p>[analyse_image type=&#8221;featured&#8221; src=&#8221;https:\/\/gazetabuzoiana.ro\/wp-content\/uploads\/2026\/08\/images-1.jpeg&#8221;]<\/p>\n<div class=\"entry-content entry clearfix\">\n<p class=\"wp-block-paragraph\">Ipoteza formulat\u0103 de expertul juridic Haritina Crai\u021ba, potrivit c\u0103reia proiectele din Contractul Climatic M100 ar putea fi continuate prin Compania de Ap\u0103 Buz\u0103u, despre care Gazeta Buzoian\u0103 a scris<a href=\"https:\/\/gazetabuzoiana.ro\/2026\/08\/06\/contractul-climatic-continua-prin-compania-de-apa-haritina-craita-isi-sustine-acuzatia-cu-documente-si-o-cronologie-a-deciziilor\/\"><strong>AICI<\/strong><\/a>, a primit recent o prim\u0103 confirmare din documentele oficiale ale Oficiului Na\u021bional al Registrului Comer\u021bului.<\/p>\n<p class=\"wp-block-paragraph\">Haritina Crai\u021ba a cerut verificarea situa\u021biei Companiei de Ap\u0103 \u0219i a depus la ONRC documente prin care a contestat modul \u00een care au fost f\u0103cute unele dintre modific\u0103rile privind societatea. R\u0103spunsul primit de la Registrul Comer\u021bului, \u00eempreun\u0103 cu istoricul oficial al Companiei de Ap\u0103, confirm\u0103 c\u0103 modific\u0103rile despre care aceasta vorbea exist\u0103 \u0219i au fost \u00eenregistrate \u00een documentele societ\u0103\u021bii.<\/p>\n<p class=\"wp-block-paragraph\">Este vorba \u00een special despre schimbarea obiectului de activitate al Companiei de Ap\u0103. \u00cen august 2026 au fost introduse mai multe coduri CAEN din zona construc\u021biilor \u0219i lucr\u0103rilor inginere\u0219ti, printre care CAEN 4221, pentru lucr\u0103ri de construc\u021bii ale proiectelor utilitare pentru fluide. \u00cen aceast\u0103 categorie intr\u0103 \u0219i lucr\u0103ri pentru sisteme de iriga\u021bii. \u00cen noua list\u0103 apar, de asemenea, activit\u0103\u021bi privind proiecte utilitare de electricitate, alte proiecte inginere\u0219ti, demol\u0103ri \u0219i preg\u0103tirea terenului.<\/p>\n<p class=\"wp-block-paragraph\">Sunt exact codurile asupra c\u0103rora Haritina Crai\u021ba a atras aten\u021bia \u00een \u0219edin\u021ba Consiliului Local din 30 iulie. Ea a sus\u021binut atunci c\u0103 unele dintre noile activit\u0103\u021bi nu au leg\u0103tur\u0103 cu ceea ce face \u00een mod normal un operator regional de ap\u0103 \u0219i c\u0103 extinderea obiectului de activitate poate crea cadrul pentru preluarea unor proiecte r\u0103mase f\u0103r\u0103 suport dup\u0103 anularea Contractului Climatic M100.<\/p>\n<p class=\"wp-block-paragraph\">Documentele ONRC confirm\u0103 partea care poate fi verificat\u0103, respectiv faptul c\u0103 furnizorul municipal al serviciilor de ap\u0103 \u0219i canalizare \u0219i-a modificat obiectul de activitate, iar printre activit\u0103\u021bile introduse se afl\u0103 \u0219i cele despre care Haritina Crai\u021ba a vorbit public.<\/p>\n<p class=\"wp-block-paragraph\">Haritina Crai\u021ba mai sus\u021bine \u0219i c\u0103 schimbarea obiectului de activitate trebuie privit\u0103 \u00eempreun\u0103 cu momentul \u00een care a fost f\u0103cut\u0103 \u0219i cu proiectele care au r\u0103mas dup\u0103 anularea Contractului Climatic. \u00cen opinia sa, Compania de Ap\u0103 poate deveni astfel vehiculul prin care unele dintre aceste proiecte s\u0103 fie continuate pe un alt circuit administrativ.<\/p>\n<p class=\"wp-block-paragraph\">\u0218i demersul f\u0103cut de aceasta la ONRC este confirmat oficial. Pe 5 august 2026, Haritina Crai\u021ba a depus documentele \u00een dosarul Companiei de Ap\u0103, sub num\u0103rul 3079075\/05.08.2026. Cererea a fost admis\u0103 prin \u00cencheierea nr. 645660 din 14 august 2026.<\/p>\n<p class=\"wp-block-paragraph\"> \u00cencheierea confirm\u0103 c\u0103 \u00eenscrisurile au fost depuse \u0219i \u00eenregistrate \u00een dosarul societ\u0103\u021bii.<\/p>\n<p class=\"wp-block-paragraph\">Un alt aspect invocat de Haritina Crai\u021ba este expirarea mandatelor Consiliului de Administra\u021bie. Din istoricul oficial al societ\u0103\u021bii rezult\u0103 c\u0103 mandatele administratorilor au ajuns la termen pe 5 august 2026.<\/p>\n<p class=\"wp-block-paragraph\">Domnia sa mai spune c\u0103, dup\u0103 aceast\u0103 dat\u0103, Compania de Ap\u0103 \u0219i-a modificat obiectul de activitate \u0219i a introdus activit\u0103\u021bi care \u00eei permit s\u0103 fac\u0103, printre altele, lucr\u0103ri de construc\u021bii pentru proiecte utilitare, sisteme de iriga\u021bii \u0219i alte lucr\u0103ri de acest tip.<\/p>\n<p class=\"wp-block-paragraph\">Modificarea obiectului de activitate nu spune, de una singur\u0103, pentru ce vor fi folosite aceste noi activit\u0103\u021bi. Ele pot fi necesare pentru lucr\u0103rile obi\u0219nuite ale Companiei de Ap\u0103, dar pot avea leg\u0103tur\u0103 \u0219i cu proiecte care au f\u0103cut parte din M100.<\/p>\n<p class=\"wp-block-paragraph\">Leg\u0103tura cu Iazul Morilor sau cu alte proiecte din Contractul Climatic, anulat definitiv de instan\u021b\u0103, poate fi stabilit\u0103 doar \u00een func\u021bie de proiectele pentru care Compania de Ap\u0103 va folosi aceste activit\u0103\u021bi.<\/p>\n<p class=\"wp-block-paragraph\">Cert este c\u0103 modific\u0103rile semnalate de Haritina Crai\u021ba exist\u0103 \u0219i apar \u00een documentele oficiale ale Companiei de Ap\u0103. <\/p>\n<div class=\"post-bottom-meta post-bottom-tags post-tags-modern\">\n<div class=\"post-bottom-meta-title\"> Etichete<\/div>\n<p><span class=\"tagcloud\"><a href=\"https:\/\/gazetabuzoiana.ro\/tag\/administratie-locala-2\/\" rel=\"tag\">Administratie locala<\/a><a href=\"https:\/\/gazetabuzoiana.ro\/tag\/buzau\/\" rel=\"tag\">Buzau<\/a><a href=\"https:\/\/gazetabuzoiana.ro\/tag\/compania-de-apa-2\/\" rel=\"tag\">compania de apa<\/a><a href=\"https:\/\/gazetabuzoiana.ro\/tag\/consiliul-local-buzau-2\/\" rel=\"tag\">Consiliul Local Buzau<\/a><a href=\"https:\/\/gazetabuzoiana.ro\/tag\/contractul-climatic\/\" rel=\"tag\">contractul climatic<\/a><a href=\"https:\/\/gazetabuzoiana.ro\/tag\/fonduri-europene\/\" rel=\"tag\">fonduri europene<\/a><a href=\"https:\/\/gazetabuzoiana.ro\/tag\/haritina-craita\/\" rel=\"tag\">Haritina Craita<\/a><a href=\"https:\/\/gazetabuzoiana.ro\/tag\/iazul-morilor\/\" rel=\"tag\">Iazul Morilor<\/a><a href=\"https:\/\/gazetabuzoiana.ro\/tag\/m100\/\" rel=\"tag\">M100<\/a><a href=\"https:\/\/gazetabuzoiana.ro\/tag\/primaria-buzau-2\/\" rel=\"tag\">primaria Buzau<\/a><a href=\"https:\/\/gazetabuzoiana.ro\/tag\/proiecte-buzau\/\" rel=\"tag\">proiecte Buzau<\/a><\/span><\/div>\n<\/div>\n<p>[analyse_source url=&#8221;https:\/\/gazetabuzoiana.ro\/2026\/08\/24\/oficiul-national-al-registrului-comertului-confirma-ipoteza-haritinei-craita-privind-continuarea-proiectelor-m100-prin-compania-de-apa\/&#8221;]<\/p>\n","protected":false},"excerpt":{"rendered":"<p>[analyse_image type=&#8221;featured&#8221; src=&#8221;https:\/\/gazetabuzoiana.ro\/wp-content\/uploads\/2026\/08\/images-1.jpeg&#8221;] Ipoteza formulat\u0103 de expertul juridic Haritina Crai\u021ba, potrivit c\u0103reia proiectele din Contractul Climatic M100 ar putea fi continuate prin Compania de Ap\u0103 Buz\u0103u, despre care Gazeta Buzoian\u0103 a scrisAICI, a primit recent o prim\u0103 confirmare din documentele oficiale ale Oficiului Na\u021bional al Registrului Comer\u021bului. Haritina Crai\u021ba a cerut verificarea situa\u021biei Companiei de [&hellip;]<\/p>\n","protected":false},"author":1,"featured_media":0,"comment_status":"open","ping_status":"","sticky":false,"template":"","format":"standard","meta":{"footnotes":""},"categories":[2],"tags":[226,38],"class_list":["post-2109974","post","type-post","status-publish","format-standard","hentry","category-politics","tag-crawlmanager","tag-gazetabuzoiana-ro"],"_links":{"self":[{"href":"https:\/\/analyse.optim.biz\/index.php?rest_route=\/wp\/v2\/posts\/2109974","targetHints":{"allow":["GET"]}}],"collection":[{"href":"https:\/\/analyse.optim.biz\/index.php?rest_route=\/wp\/v2\/posts"}],"about":[{"href":"https:\/\/analyse.optim.biz\/index.php?rest_route=\/wp\/v2\/types\/post"}],"author":[{"embeddable":true,"href":"https:\/\/analyse.optim.biz\/index.php?rest_route=\/wp\/v2\/users\/1"}],"replies":[{"embeddable":true,"href":"https:\/\/analyse.optim.biz\/index.php?rest_route=%2Fwp%2Fv2%2Fcomments&post=2109974"}],"version-history":[{"count":0,"href":"https:\/\/analyse.optim.biz\/index.php?rest_route=\/wp\/v2\/posts\/2109974\/revisions"}],"wp:attachment":[{"href":"https:\/\/analyse.optim.biz\/index.php?rest_route=%2Fwp%2Fv2%2Fmedia&parent=2109974"}],"wp:term":[{"taxonomy":"category","embeddable":true,"href":"https:\/\/analyse.optim.biz\/index.php?rest_route=%2Fwp%2Fv2%2Fcategories&post=2109974"},{"taxonomy":"post_tag","embeddable":true,"href":"https:\/\/analyse.optim.biz\/index.php?rest_route=%2Fwp%2Fv2%2Ftags&post=2109974"}],"curies":[{"name":"wp","href":"https:\/\/api.w.org\/{rel}","templated":true}]}}