{"id":2109972,"date":"2026-08-24T16:05:21","date_gmt":"2026-08-24T13:05:21","guid":{"rendered":"https:\/\/analyse.optim.biz\/?p=2109972"},"modified":"2026-08-24T16:05:21","modified_gmt":"2026-08-24T13:05:21","slug":"exclusiv-primarul-din-cernatesti-presat-cu-un-dosar-penal-sa-dea-o-lucrare-unui-afacerist-de-aici-a-pornit-flagrantul-dna","status":"publish","type":"post","link":"https:\/\/analyse.optim.biz\/?p=2109972","title":{"rendered":"EXCLUSIV | Primarul din Cern\u0103te\u0219ti, presat cu un dosar penal s\u0103 dea o lucrare unui afacerist. De aici a pornit flagrantul DNA"},"content":{"rendered":"<p>[analyse_image type=&#8221;featured&#8221; src=&#8221;https:\/\/gazetabuzoiana.ro\/wp-content\/uploads\/2026\/08\/cernatesti.jpg&#8221;]<\/p>\n<div class=\"entry-content entry clearfix\">\n<p class=\"wp-block-paragraph\">Direc\u021bia Na\u021bional\u0103 Anticorup\u021bie a publicat ast\u0103zi, 24 august, pe site-ul institu\u021biei, comunicatul de pres\u0103 privind cazul lui \u0218.V.A., b\u0103rbatul arestat preventiv dup\u0103 ce ar fi pretins 25.000 de euro pentru a interveni pe l\u00e2ng\u0103 un procuror \u0219i un ofi\u021ber DNA. Comunicatul, pe care \u00eel pute\u021bi citi<strong><a href=\"https:\/\/www.dna.ro\/comunicat.xhtml?id=13916\"> AICI<\/a><\/strong>,  procurorilor ofer\u0103 pentru prima dat\u0103 detalii oficiale despre dosar, \u00eens\u0103 nu precizeaz\u0103 numele prim\u0103riei din jude\u021bul Buz\u0103u la care se refer\u0103 unul dintre episoade. Potrivit informa\u021biilor ob\u021binute de <em>Gazeta Buzoian\u0103<\/em>, este vorba despre Prim\u0103ria Cern\u0103te\u0219ti.<\/p>\n<p class=\"wp-block-paragraph\"> Primarul comunei Cern\u0103te\u0219ti ar fi fost presat de \u0218.V.A., omul de \u00eencredere al unui om de afaceri din Buz\u0103u, cu activitate \u00een domeniul balastierelor, s\u0103 \u00eei atribuie acestuia o lucrare. Presiunile ar fi fost \u00eenso\u021bite de referiri la un dosar penal pe care primarul l-ar fi avut \u0219i de promisiunea c\u0103 \u0218.V.A. poate interveni pentru ca edilul s\u0103 scape de probleme. \u00cen cele din urm\u0103, primarul ar fi sesizat DNA, iar denun\u021bul s\u0103u ar fi dus la opera\u021biunea care s-a \u00eencheiat cu flagrantul din 21 august.<\/p>\n<p class=\"wp-block-paragraph\">Comunicatul oficial al procurorilor vorbe\u0219te doar \u00een termeni generali. DNA spune c\u0103 b\u0103rbatul ar fi pretins 25.000 de euro pentru a interveni pe l\u00e2ng\u0103 un procuror \u0219i un ofi\u021ber DNA \u00eentr-un dosar care \u00eei viza pe func\u021bionarii unei prim\u0103rii din jude\u021bul Buz\u0103u. <\/p>\n<p class=\"wp-block-paragraph\">Din informa\u021biile pe care le-am ob\u021binut, povestea ar fi \u00eenceput de la o lucrare pe care un om de afaceri din Buz\u0103u, activ \u00een domeniul balastierelor, ar fi vrut s\u0103 o ob\u021bin\u0103 de la Prim\u0103ria Cern\u0103te\u0219ti. Pentru a-\u0219i atinge scopul, omul de afaceri s-ar fi folosit de \u0218.V.A., persoan\u0103 apropiat\u0103 \u0219i, potrivit informa\u021biilor noastre, omul s\u0103u de \u00eencredere.<\/p>\n<p class=\"wp-block-paragraph\">Presiunile asupra primarului ar fi mers \u00eens\u0103 mai departe dec\u00e2t o simpl\u0103 interven\u021bie pentru ob\u021binerea lucr\u0103rii. \u0218.V.A. i-ar fi spus edilului c\u0103 \u0219tie c\u0103 acesta are un dosar penal \u0219i c\u0103 poate interveni pentru ca problema s\u0103 fie rezolvat\u0103 favorabil. Cu alte cuvinte, primarul ar fi fost pus \u00een situa\u021bia de a alege \u00eentre a face ceea ce i se cerea \u0219i a se confrunta cu perspectiva unui dosar despre care interlocutorul s\u0103u sus\u021binea c\u0103 \u00eel poate \u201erezolva\u201d.<\/p>\n<p class=\"wp-block-paragraph\">Presiunile ar fi continuat p\u00e2n\u0103 c\u00e2nd primarul nu ar mai fi cedat \u0219i ar fi sesizat DNA. De aici, povestea a intrat \u00een aten\u021bia procurorilor anticorup\u021bie \u0219i a ajuns, \u00een cele din urm\u0103, la flagrantul din 21 august.<\/p>\n<p class=\"wp-block-paragraph\">Potrivit comunicatului oficial al DNA, \u0218.V.A. ar fi pretins 25.000 de euro, \u00een dou\u0103 tran\u0219e, sus\u021bin\u00e2nd c\u0103 are influen\u021b\u0103 asupra unui procuror \u0219i a unui comisar din cadrul DNA \u0219i c\u0103 poate interveni pentru ob\u021binerea unei solu\u021bii favorabile \u00eentr-o cauz\u0103 penal\u0103 care privea presupuse fapte ale unor func\u021bionari ai unei prim\u0103rii din jude\u021bul Buz\u0103u.<\/p>\n<p class=\"wp-block-paragraph\">Prima tran\u0219\u0103, de 10.000 de euro, ar fi fost remis\u0103 pe 21 august 2026. Atunci procurorii au intervenit \u0219i au constatat flagrantul.<\/p>\n<p class=\"wp-block-paragraph\">A doua zi, pe 22 august, Tribunalul Bucure\u0219ti a dispus arestarea preventiv\u0103 a lui \u0218.V.A. pentru 30 de zile.<\/p>\n<p class=\"wp-block-paragraph\">Cazul actual nu este un episod izolat. DNA precizeaz\u0103 c\u0103 \u0218.V.A. a mai fost condamnat pentru fapte similare \u00een trei cauze penale instrumentate de procurorii anticorup\u021bie.<\/p>\n<p class=\"wp-block-paragraph\">\u00cen dosarul actual sunt descrise mai multe episoade.<\/p>\n<p class=\"wp-block-paragraph\">\u00cen noiembrie 2024, \u0218.V.A. ar fi pretins 40.000 de euro \u0219i ar fi primit 28.000 de euro, sus\u021bin\u00e2nd c\u0103 poate interveni asupra unui procuror \u0219i a unor poli\u021bi\u0219ti DNA pentru solu\u021bionarea favorabil\u0103 a unui dosar.<\/p>\n<p class=\"wp-block-paragraph\">\u00cen mai 2026, acesta ar fi determinat \u0219i sprijinit o alt\u0103 persoan\u0103 s\u0103 pretind\u0103 40.000 de euro de la un primar, bani care ar fi fost destina\u021bi interven\u021biei pe l\u00e2ng\u0103 procurorul care instrumenta un dosar. Din aceast\u0103 sum\u0103, \u0218.V.A. ar fi primit 6.000 de euro.<\/p>\n<p class=\"wp-block-paragraph\">Iar \u00een august 2026 apare episodul de la Cern\u0103te\u0219ti, cu cei 25.000 de euro \u0219i flagrantul \u00een care au fost g\u0103si\u021bi 10.000 de euro.<\/p>\n<p class=\"wp-block-paragraph\">Dac\u0103 informa\u021biile despre modul \u00een care au fost exercitate presiunile asupra primarului din Cern\u0103te\u0219ti se confirm\u0103 \u00een documentele anchetei, mai r\u0103m\u00e2ne de stabilit care este dosarul penal invocat de \u0218.V.A. \u0219i ce anume li se repro\u0219a func\u021bionarilor din Prim\u0103ria Cern\u0103te\u0219ti.<\/p>\n<p class=\"wp-block-paragraph\">La fel de important este de aflat ce lucrare urma s\u0103 ajung\u0103 la omul de afaceri din domeniul balastierelor \u0219i \u00een ce condi\u021bii. Se \u0219tie doar c\u0103, \u00een momentul de fa\u021b\u0103, acel om de afaceri efectueaz\u0103 o lucrare edilitar\u0103 \u00een comuna respectiv\u0103. Sunt detalii pe care nu le reg\u0103sim \u00een comunicatul de pres\u0103 publicat azi de DNA.<\/p>\n<p class=\"wp-block-paragraph\">Gazeta Buzoian\u0103 va continua verific\u0103rile pentru a afla ce dosar se afla \u00een spatele presiunilor \u0219i care era, concret, lucrarea pentru care s-ar fi exercitat presiuni asupra edilului.<\/p>\n<p class=\"wp-block-paragraph\">\u0218.V.A. este cercetat \u00een stare de arest preventiv \u0219i beneficiaz\u0103 de prezum\u021bia de nevinov\u0103\u021bie p\u00e2n\u0103 la o eventual\u0103 condamnare definitiv\u0103.<\/p>\n<div class=\"post-bottom-meta post-bottom-tags post-tags-modern\">\n<div class=\"post-bottom-meta-title\"> Etichete<\/div>\n<p><span class=\"tagcloud\"><a href=\"https:\/\/gazetabuzoiana.ro\/tag\/balastiere\/\" rel=\"tag\">balastiere<\/a><a href=\"https:\/\/gazetabuzoiana.ro\/tag\/buzau-2\/\" rel=\"tag\">Buz\u0103u<\/a><a href=\"https:\/\/gazetabuzoiana.ro\/tag\/cernatesti\/\" rel=\"tag\">Cern\u0103te\u0219ti<\/a><a href=\"https:\/\/gazetabuzoiana.ro\/tag\/coruptie\/\" rel=\"tag\">corup\u021bie<\/a><a href=\"https:\/\/gazetabuzoiana.ro\/tag\/dna\/\" rel=\"tag\">DNA<\/a><a href=\"https:\/\/gazetabuzoiana.ro\/tag\/dosar-penal\/\" rel=\"tag\">dosar penal<\/a><a href=\"https:\/\/gazetabuzoiana.ro\/tag\/flagrant-dna\/\" rel=\"tag\">flagrant DNA<\/a><a href=\"https:\/\/gazetabuzoiana.ro\/tag\/om-de-afaceri\/\" rel=\"tag\">om de afaceri<\/a><a href=\"https:\/\/gazetabuzoiana.ro\/tag\/primar-cernatesti\/\" rel=\"tag\">primar Cern\u0103te\u0219ti<\/a><a href=\"https:\/\/gazetabuzoiana.ro\/tag\/primaria-cernatesti\/\" rel=\"tag\">Prim\u0103ria Cern\u0103te\u0219ti<\/a><a href=\"https:\/\/gazetabuzoiana.ro\/tag\/s-v-a\/\" rel=\"tag\">\u0218.V.A.<\/a><a href=\"https:\/\/gazetabuzoiana.ro\/tag\/trafic-de-influenta\/\" rel=\"tag\">trafic de influen\u021b\u0103<\/a><a href=\"https:\/\/gazetabuzoiana.ro\/tag\/tribunalul-bucuresti-2\/\" rel=\"tag\">Tribunalul Bucure\u0219ti<\/a><\/span><\/div>\n<\/div>\n<p>[analyse_source url=&#8221;https:\/\/gazetabuzoiana.ro\/2026\/08\/24\/exclusiv-primarul-din-cernatesti-presat-cu-un-dosar-penal-sa-dea-o-lucrare-unui-afacerist-de-aici-a-pornit-flagrantul-dna\/&#8221;]<\/p>\n","protected":false},"excerpt":{"rendered":"<p>[analyse_image type=&#8221;featured&#8221; src=&#8221;https:\/\/gazetabuzoiana.ro\/wp-content\/uploads\/2026\/08\/cernatesti.jpg&#8221;] Direc\u021bia Na\u021bional\u0103 Anticorup\u021bie a publicat ast\u0103zi, 24 august, pe site-ul institu\u021biei, comunicatul de pres\u0103 privind cazul lui \u0218.V.A., b\u0103rbatul arestat preventiv dup\u0103 ce ar fi pretins 25.000 de euro pentru a interveni pe l\u00e2ng\u0103 un procuror \u0219i un ofi\u021ber DNA. Comunicatul, pe care \u00eel pute\u021bi citi AICI, procurorilor ofer\u0103 pentru prima dat\u0103 [&hellip;]<\/p>\n","protected":false},"author":1,"featured_media":0,"comment_status":"open","ping_status":"","sticky":false,"template":"","format":"standard","meta":{"footnotes":""},"categories":[2],"tags":[226,38],"class_list":["post-2109972","post","type-post","status-publish","format-standard","hentry","category-politics","tag-crawlmanager","tag-gazetabuzoiana-ro"],"_links":{"self":[{"href":"https:\/\/analyse.optim.biz\/index.php?rest_route=\/wp\/v2\/posts\/2109972","targetHints":{"allow":["GET"]}}],"collection":[{"href":"https:\/\/analyse.optim.biz\/index.php?rest_route=\/wp\/v2\/posts"}],"about":[{"href":"https:\/\/analyse.optim.biz\/index.php?rest_route=\/wp\/v2\/types\/post"}],"author":[{"embeddable":true,"href":"https:\/\/analyse.optim.biz\/index.php?rest_route=\/wp\/v2\/users\/1"}],"replies":[{"embeddable":true,"href":"https:\/\/analyse.optim.biz\/index.php?rest_route=%2Fwp%2Fv2%2Fcomments&post=2109972"}],"version-history":[{"count":0,"href":"https:\/\/analyse.optim.biz\/index.php?rest_route=\/wp\/v2\/posts\/2109972\/revisions"}],"wp:attachment":[{"href":"https:\/\/analyse.optim.biz\/index.php?rest_route=%2Fwp%2Fv2%2Fmedia&parent=2109972"}],"wp:term":[{"taxonomy":"category","embeddable":true,"href":"https:\/\/analyse.optim.biz\/index.php?rest_route=%2Fwp%2Fv2%2Fcategories&post=2109972"},{"taxonomy":"post_tag","embeddable":true,"href":"https:\/\/analyse.optim.biz\/index.php?rest_route=%2Fwp%2Fv2%2Ftags&post=2109972"}],"curies":[{"name":"wp","href":"https:\/\/api.w.org\/{rel}","templated":true}]}}