{"id":210994,"date":"2014-02-26T22:59:25","date_gmt":"2014-02-26T19:59:25","guid":{"rendered":"https:\/\/analyse.optim.biz\/?p=210994"},"modified":"2014-02-26T22:59:25","modified_gmt":"2014-02-26T19:59:25","slug":"vasile-blaga-elena-basescu-nu-va-fi-pe-lista-pdl-la-europarlamentare","status":"publish","type":"post","link":"https:\/\/analyse.optim.biz\/?p=210994","title":{"rendered":"Vasile Blaga: Elena B\u0103sescu nu va fi pe lista PDL la europarlamentare"},"content":{"rendered":"<div class=\"entry data-app-meta data-app-meta-article\" data-embed-base-url-canonical=\"https:\/\/www.digi24.ro\/embed\/stiri\/actualitate\/politica\/vasile-blaga-elena-basescu-nu-va-fi-pe-lista-pdl-la-europarlamentare-206627\">\n<p data-index=\"1\"><strong>Vasile Blaga<\/strong> a declarat c\u0103 Elena B\u0103sescu nu \u0219i-a manifestat interesul de a candida la alagerile europarlamentare.<\/p>\n<p data-index=\"2\">\u201e<span>Nu am avut o cerere din partea domniei sale\u201d, a spus Vasile Blaga, \u00een emisiunea Impar\u021bial, de la Digi24.<\/span><\/p>\n<p data-index=\"3\"><strong>Elena B\u0103sescu<\/strong> a devenit parlamentar european \u00een urma alegerile din 2009.<\/p>\n<p data-index=\"4\">Totodat\u0103, liderul democrat-liberalilor a ad\u0103ugat c\u0103 luni va fi gata lista candida\u021bilor la alegerile europarlamentare.<\/p>\n<p data-index=\"5\">\u201e<span>Va fi gata \u00eentr-o prim\u0103 form\u0103, pentru c\u0103 vrem s\u0103 vedem cum se manifest\u0103 colegii de pe list\u0103 \u00een precampanie. P\u00e2n\u0103 \u00een campanie mai e mult. E adev\u0103rat c\u0103 listele se depun p\u00e2n\u0103 \u00een 26 martie, dar p\u00e2n\u0103 \u0219i \u00een 26 martie mai e mult. S\u0103 vedem cum ac\u021bioneaz\u0103 fiecare, cum se comport\u0103, c\u00e2t de combativi sunt fiecare dintre ei\u201d, a punctat Blaga.<\/span><\/p>\n<p data-index=\"6\">El a subliniat c\u0103 aceast\u0103 list\u0103 pe care \u0219i-ar dori s\u0103 fie b\u0103tut\u0103 \u00een cuie, dar \u201edepinde de ce face fiecare\u201d.<\/p>\n<\/div>\n<p> Source URL: https:\/\/www.digi24.ro\/stiri\/actualitate\/politica\/vasile-blaga-elena-basescu-nu-va-fi-pe-lista-pdl-la-europarlamentare-206627<\/p>\n","protected":false},"excerpt":{"rendered":"<p>Vasile Blaga a declarat c\u0103 Elena B\u0103sescu nu \u0219i-a manifestat interesul de a candida la alagerile europarlamentare. \u201eNu am avut o cerere din partea domniei sale\u201d, a spus Vasile Blaga, \u00een emisiunea Impar\u021bial, de la Digi24. Elena B\u0103sescu a devenit parlamentar european \u00een urma alegerile din 2009. Totodat\u0103, liderul democrat-liberalilor a ad\u0103ugat c\u0103 luni va [&hellip;]<\/p>\n","protected":false},"author":1,"featured_media":210995,"comment_status":"open","ping_status":"","sticky":false,"template":"","format":"standard","meta":{"footnotes":""},"categories":[2],"tags":[11],"class_list":["post-210994","post","type-post","status-publish","format-standard","has-post-thumbnail","hentry","category-politics","tag-digi24"],"_links":{"self":[{"href":"https:\/\/analyse.optim.biz\/index.php?rest_route=\/wp\/v2\/posts\/210994","targetHints":{"allow":["GET"]}}],"collection":[{"href":"https:\/\/analyse.optim.biz\/index.php?rest_route=\/wp\/v2\/posts"}],"about":[{"href":"https:\/\/analyse.optim.biz\/index.php?rest_route=\/wp\/v2\/types\/post"}],"author":[{"embeddable":true,"href":"https:\/\/analyse.optim.biz\/index.php?rest_route=\/wp\/v2\/users\/1"}],"replies":[{"embeddable":true,"href":"https:\/\/analyse.optim.biz\/index.php?rest_route=%2Fwp%2Fv2%2Fcomments&post=210994"}],"version-history":[{"count":0,"href":"https:\/\/analyse.optim.biz\/index.php?rest_route=\/wp\/v2\/posts\/210994\/revisions"}],"wp:featuredmedia":[{"embeddable":true,"href":"https:\/\/analyse.optim.biz\/index.php?rest_route=\/wp\/v2\/media\/210995"}],"wp:attachment":[{"href":"https:\/\/analyse.optim.biz\/index.php?rest_route=%2Fwp%2Fv2%2Fmedia&parent=210994"}],"wp:term":[{"taxonomy":"category","embeddable":true,"href":"https:\/\/analyse.optim.biz\/index.php?rest_route=%2Fwp%2Fv2%2Fcategories&post=210994"},{"taxonomy":"post_tag","embeddable":true,"href":"https:\/\/analyse.optim.biz\/index.php?rest_route=%2Fwp%2Fv2%2Ftags&post=210994"}],"curies":[{"name":"wp","href":"https:\/\/api.w.org\/{rel}","templated":true}]}}