{"id":2109829,"date":"2026-08-24T21:00:00","date_gmt":"2026-08-24T18:00:00","guid":{"rendered":"https:\/\/analyse.optim.biz\/?p=2109829"},"modified":"2026-08-24T21:00:00","modified_gmt":"2026-08-24T18:00:00","slug":"plenul-senatului-a-aprobat-desfasurarea-unei-anchete-parlamentare-privind-intalnirea-ilie-bolojan-simina-tanasescu-2","status":"publish","type":"post","link":"https:\/\/analyse.optim.biz\/?p=2109829","title":{"rendered":"Plenul Senatului a aprobat desf\u0103\u0219urarea unei anchete parlamentare privind \u00eent\u00e2lnirea Ilie Bolojan \u2013 Simina T\u0103n\u0103sescu"},"content":{"rendered":"<p>[analyse_image type=&#8221;featured&#8221; src=&#8221;https:\/\/www.monitoruldevrancea.ro\/wp-content\/uploads\/2026\/08\/senat.jpg&#8221;]<\/p>\n<div class=\"td_block_wrap tdb_single_content tdi_123 td-pb-border-top td_block_template_1 td-post-content tagdiv-type\" data-td-block-uid=\"tdi_123\">\n<div class=\"tdb-block-inner td-fix-index\">\n<p>Plenul Senatului, reunit luni, a aprobat desf\u0103\u0219urarea unei anchete parlamentare de c\u0103tre Comisia pentru constitu\u021bionalitate cu privire la \u00eent\u00e2lnirea care a avut loc pe 14 august \u00eentre premierul interimar <strong><em>Ilie Bolojan<\/em><\/strong> \u0219i pre\u0219edinta Cur\u021bii Constitu\u021bionale, <strong><em>Simina T\u0103n\u0103sescu<\/em><\/strong>.<\/p>\n<p>\u201e<strong><em>Ancheta parlamentar\u0103 (\u2026) are drept scop \u0219i obiective analizarea \u0219i clarificarea cu privire la \u00eemprejur\u0103rile \u00een care a avut loc \u00eent\u00e2lnirea, la natura \u0219i scopul acesteia, la motivul pentru care \u00eentrevederea s-a desf\u0103\u0219urat Biroul pre\u0219edintelui Senatului, precum \u0219i temele discutate cu ocazia acestei \u00eent\u00e2lniri din ziua de 14 august 2026, \u00een vederea afl\u0103rii adev\u0103rului, pentru men\u021binerea \u00eencrederii publice \u00een impar\u021bialitatea \u0219i integritatea actului jurisdic\u021bional al Cur\u021bii Constitu\u021bionale.\u00a0<\/em><\/strong><\/p>\n<p><strong><em>Explica\u021bia privind natura \u00eent\u00e2lnirii devine legitim necesar\u0103 deoarece, \u00een raport de locul \u0219i momentul la care a avut loc aceasta, Curtea Constitu\u021bional\u0103 urma s\u0103 se pronun\u021be asupra unor cauze cu mize institu\u021bionale, inclusiv pentru forma\u021biunea politic\u0103 reprezentat\u0103 de Ilie Bolojan.\u00a0<\/em><\/strong><\/p>\n<p><strong><em>Scopul \u00eent\u00e2lnirii trebuie clarificat transparent av\u00e2nd \u00een vedere c\u0103 independen\u021ba unei jurisdic\u021bii depinde \u00een egal\u0103 m\u0103sur\u0103 de conduita celor care exercit\u0103 func\u021bii \u00een cadrul acesteia. Curtea Constitu\u021bional\u0103 nu este o autoritate politic\u0103 ea este garantul suprema\u021biei Constitu\u021biei \u0219i unica autoritate de jurisdic\u021bie constitu\u021bional\u0103<\/em><\/strong>\u2018\u201d prevede hot\u0103r\u00e2rea adoptat\u0103 de Senat, aflat \u00een sesiune extraordinar\u0103.<\/p>\n<p>Concluziile anchetei parlamentare vor fi cuprinse \u00eentr-un raport ce va fi prezentat Biroului permanent al Senatului \u00een termen de 14 zile.<\/p>\n<\/div>\n<\/div>\n<p>[analyse_source url=&#8221;https:\/\/www.monitoruldevrancea.ro\/2026\/08\/25\/plenul-senatului-a-aprobat-desfasurarea-unei-anchete-parlamentare-privind-intalnirea-ilie-bolojan-simina-tanasescu\/&#8221;]<\/p>\n","protected":false},"excerpt":{"rendered":"<p>[analyse_image type=&#8221;featured&#8221; src=&#8221;https:\/\/www.monitoruldevrancea.ro\/wp-content\/uploads\/2026\/08\/senat.jpg&#8221;] Plenul Senatului, reunit luni, a aprobat desf\u0103\u0219urarea unei anchete parlamentare de c\u0103tre Comisia pentru constitu\u021bionalitate cu privire la \u00eent\u00e2lnirea care a avut loc pe 14 august \u00eentre premierul interimar Ilie Bolojan \u0219i pre\u0219edinta Cur\u021bii Constitu\u021bionale, Simina T\u0103n\u0103sescu. \u201eAncheta parlamentar\u0103 (\u2026) are drept scop \u0219i obiective analizarea \u0219i clarificarea cu privire la \u00eemprejur\u0103rile [&hellip;]<\/p>\n","protected":false},"author":1,"featured_media":0,"comment_status":"open","ping_status":"","sticky":false,"template":"","format":"standard","meta":{"footnotes":""},"categories":[89],"tags":[226,209],"class_list":["post-2109829","post","type-post","status-publish","format-standard","hentry","category-romania","tag-crawlmanager","tag-monitoruldevrancea-ro"],"_links":{"self":[{"href":"https:\/\/analyse.optim.biz\/index.php?rest_route=\/wp\/v2\/posts\/2109829","targetHints":{"allow":["GET"]}}],"collection":[{"href":"https:\/\/analyse.optim.biz\/index.php?rest_route=\/wp\/v2\/posts"}],"about":[{"href":"https:\/\/analyse.optim.biz\/index.php?rest_route=\/wp\/v2\/types\/post"}],"author":[{"embeddable":true,"href":"https:\/\/analyse.optim.biz\/index.php?rest_route=\/wp\/v2\/users\/1"}],"replies":[{"embeddable":true,"href":"https:\/\/analyse.optim.biz\/index.php?rest_route=%2Fwp%2Fv2%2Fcomments&post=2109829"}],"version-history":[{"count":0,"href":"https:\/\/analyse.optim.biz\/index.php?rest_route=\/wp\/v2\/posts\/2109829\/revisions"}],"wp:attachment":[{"href":"https:\/\/analyse.optim.biz\/index.php?rest_route=%2Fwp%2Fv2%2Fmedia&parent=2109829"}],"wp:term":[{"taxonomy":"category","embeddable":true,"href":"https:\/\/analyse.optim.biz\/index.php?rest_route=%2Fwp%2Fv2%2Fcategories&post=2109829"},{"taxonomy":"post_tag","embeddable":true,"href":"https:\/\/analyse.optim.biz\/index.php?rest_route=%2Fwp%2Fv2%2Ftags&post=2109829"}],"curies":[{"name":"wp","href":"https:\/\/api.w.org\/{rel}","templated":true}]}}