{"id":2109777,"date":"2026-08-24T21:10:44","date_gmt":"2026-08-24T18:10:44","guid":{"rendered":"https:\/\/analyse.optim.biz\/?p=2109777"},"modified":"2026-08-24T21:10:44","modified_gmt":"2026-08-24T18:10:44","slug":"padina-proiectul-de-gaze-sta-in-decizia-judecatorului","status":"publish","type":"post","link":"https:\/\/analyse.optim.biz\/?p=2109777","title":{"rendered":"Padina: Proiectul de gaze st\u0103 \u00een\u2026 decizia judec\u0103torului!"},"content":{"rendered":"<p>[analyse_image type=&#8221;featured&#8221; src=&#8221;https:\/\/opiniabuzau.ro\/wp-content\/uploads\/2026\/08\/gaze-scaled.webp&#8221;]<\/p>\n<div class=\"entry-content entry clearfix\">\n<blockquote>\n<p><strong>Povestea aduc\u021biunii gazelor \u00een comuna Padina este construit\u0103 pe acela\u0219i paradox al unei realit\u0103\u021bi c\u0103reia prezentul nu-i poate decide un curs normal. Jum\u0103tatea de sud a jude\u021bului Buz\u0103u beneficiaz\u0103 de una dintre facilit\u0103\u021bile la care multe alte zone din \u021bar\u0103 ar fi sperat: posibilitatea ca cele mai multe dintre localit\u0103\u021bi s\u0103 fie racordate la magistrala de gaze naturale care traverseaz\u0103 jude\u021bul de la Vest la Est. \u0218i, totu\u0219i, la acest moment sunt sub zece unit\u0103\u021bi administrativ-teritorialebuzoiene din zona specificat\u0103 \u00een care s\u0103 fie amenejate re\u021belele pentru aduc\u021biunea \u0219i distribuirea gazelor naturale c\u0103tre popula\u021bie.<\/strong><\/p>\n<\/blockquote>\n<p>La Padina, administra\u021biile publice, de-a lungul ultimelor patru mandate electorale, au lucrat la \u00eentocmirea documenta\u021biilor tehnice \u00een baza c\u0103rora s\u0103 poat\u0103 fi accesate finan\u021b\u0103ri care s\u0103 permit\u0103 implementarea unei astfel de investi\u021bii. Fiind vorba despre costuri financiare importante, care ar fi supus bugetul local la presiuni importante, s-a convenit ca UAT Padina s\u0103 acceseze o asemenea investi\u021bie al\u0103turi de alte administra\u021bii din vecin\u0103tate; astfel c\u0103 la un moment dat s-a convenit ca triunghiul Padina-Br\u0103deanu-Scutelnici s\u0103 constituie nucleul prin care proiectul pentru investi\u021bii \u00een re\u021belele de gaze s\u0103 deserveasc\u0103, propor\u021bional, fiecare dintre cele trei comunit\u0103\u021bi mari.<\/p>\n<p>\u00cen zon\u0103, compania na\u021bional\u0103 Trans Gaz avea \u00een administrare o magistral\u0103 de transport, ceea ce constituia un atu pentru ob\u021binerea finan\u021b\u0103rii. Conform procedurilor convenite la ministerul de resort, finan\u021b\u0103rile ar fi trebuit s\u0103 fie alocate \u00een dou\u0103 tran\u0219e, valoarea maxim\u0103 a unui proiect fiind \u00een jurul a 40 de milioane de lei. \u00cen cazul comunei Padina, fiind vorba despre o singur\u0103 localitate, nivelul finan\u021b\u0103rii ar fi fost sensibil mai mic. Numai c\u0103 la un\u00a0 moment dat trebuia s\u0103 intervin\u0103 \u0219i\u2026 factorul politic. Mai ales c\u0103 toate acestea se \u00eent\u00e2mplau \u00een perioada alegerilor din vara lui 2024.<\/p>\n<p>OPINIA a ar\u0103tat, la acel moment, povestea trocului electoral \u00een urma c\u0103ruia \u00een triunghiul Br\u0103deanu-Padina-Scutelnici, c\u00e2\u0219tig\u0103tor pentru realizarea re\u021belei de gaze avea s\u0103 fie primarul de Scutelnici \u0219i comunit\u0103\u021bile care alc\u0103tuiesc UAT respectiv, a\u0219azisele calcule politice indic\u00e2nd orientarea unei astfel de finan\u021b\u0103ri c\u0103tre comuna amintit\u0103 pentru asigurarea continuit\u0103\u021bii administra\u021biei liberale \u00een plan local. Cel care a instrumentat scenariul investi\u021biilor \u00een re\u021belele de gaze \u00een zona comunelor Padina-Br\u0103deanu-Scutelnici a fost, spun surse din interiorul proiectului, Gabriel Avr\u0103mescu, fost deputat liberal de Buz\u0103u, actualmente prim-vicepre\u0219edinte la\u00a0 Autorit\u0103\u021bii de Supraveghere Financiar\u0103 (ASF).<\/p>\n<p>Odat\u0103 abandonat\u0103 strategia aduc\u021biunii de gaze al\u0103turi de comunele Br\u0103deanu \u0219i Scutelnici, noul primar de la Padina, Gheorghe Miu, a ini\u021biat demersuri pentru o nou\u0103 asociere, de data aceasta cu ora\u0219ul Pogoanele, condi\u021bia comunit\u0103\u021bii de la Padina fiind, oarecum, de beneficiar secundar, av\u00e2nd \u00een vedere c\u0103 Pogoanele are avantajul demografic, o component\u0103 definitorie \u00een procedurile de evaluare a documenta\u021biilor tehnice. \u00cen prima lun\u0103 a anului 2026, mai exact pe 19 ianuarie, primarul de Padina anun\u021ba organizarea unei licita\u021bii deschise, la sediul Prim\u0103riei, pentru concesionarea viitoarei re\u021bele de gaze.<\/p>\n<div class=\"stream-item stream-item-in-post stream-item-inline-post aligncenter\"><a href=\"https:\/\/vreaulanova.ro\/?utm_source=opiniabuzau&amp;utm_medium=image\" title target=\"_blank\"><img loading=\"lazy\" decoding=\"async\" data-od-unknown-tag data-od-xpath=\"\/HTML\/BODY\/DIV[@class=&apos;background-overlay&apos;]\/*[1][self::DIV]\/*[1][self::DIV]\/*[4][self::DIV]\/*[1][self::DIV]\/*[1][self::DIV]\/*[2][self::ARTICLE]\/*[3][self::DIV]\/*[7][self::DIV]\/*[1][self::A]\/*[1][self::IMG]\" src=\"https:\/\/opiniabuzau.ro\/wp-content\/smush-webp\/2022\/02\/MicrosoftTeams-image-4-1.jpg.webp\" alt width=\"728\" height=\"91\" class=\"perfmatters-lazy\"><img loading=\"lazy\" decoding=\"async\" data-od-unknown-tag data-od-xpath=\"\/HTML\/BODY\/DIV[@class=&apos;background-overlay&apos;]\/*[1][self::DIV]\/*[1][self::DIV]\/*[4][self::DIV]\/*[1][self::DIV]\/*[1][self::DIV]\/*[2][self::ARTICLE]\/*[3][self::DIV]\/*[7][self::DIV]\/*[1][self::A]\/*[1][self::IMG]\" src=\"https:\/\/opiniabuzau.ro\/wp-content\/smush-webp\/2022\/02\/MicrosoftTeams-image-4-1.jpg.webp\" alt width=\"728\" height=\"91\"><\/a><\/div>\n<p><em>\u201eS-a f\u0103cut \u00eenc\u0103 un pas \u00een direc\u021bia implement\u0103rii la Padina, Buz\u0103u, a proiectului de gaze \u2013 &lt;\u00cenfiin\u021bare re\u021bea alimentare cu gaze naturale \u00een Comuna Padina, Jude\u021bul Buz\u0103u&gt;. La sediul Prim\u0103riei Comunei Padina, a avut loc \u0219edin\u021ba de licita\u021bie public\u0103 deschis\u0103, obiectul fiind concesionarea &lt;\u00cenfiin\u021bare re\u021bea alimentare cu gaze naturale \u00een Comuna Padina, Jude\u021bul Buz\u0103u&gt;. Dup\u0103 concesiunea serviciului public de distribu\u021bie gaze naturale din Comuna Padina, lucr\u0103rile la re\u021bea vor \u00eencepe \u00een cursul anului 2026. SRMP <\/em>(sta\u021bia de reglare-m\u0103surare a presiunii gazelor naturale, n.r.)<em> va fi construit pe teritoriul Comunei Padina, deriv\u00e2nd din conducta magistral\u0103 de gaz Sili\u0219tea-Bucure\u0219ti \u0219i av\u00e2nd dou\u0103 bifurca\u021bii: spre Padina \u0219i Pogoanele\u201d<\/em>, se ar\u0103ta \u00een postarea primarului Miu de la acea dat\u0103.<\/p>\n<p>De atunci, lucrurile au r\u0103mas neschimbate, cauza fiind conform, unor informa\u021bii din apropierea Prim\u0103riei Padina, decizia viitorului concesionar, care se pare c\u0103 \u00ee\u0219i va asuma inclusiv execu\u021bia re\u021belei de gaze, de a contesta devizul general privind costurile totale ale investi\u021biei. Aduc\u021biunea de gaze, de la punctul SRMP, va continua cu dou\u0103 conducte principale, dezvoltate de-a lungul drumului jude\u021bean care traverseaz\u0103 localitatea, \u0219i din care se vor desprinde ramifica\u021biile pe str\u0103zile laterale (secundare).<\/p>\n<p>Dup\u0103 cum se \u0219tie, actuala administra\u021bie de la Padina \u0219i-a asumat continuarea unor proiecte de interes local, \u00een plan edilitar, dar \u0219i \u00een perspectiva moderniz\u0103rii zonelor adiacente drumului jude\u021bean, prin amenajarea de trotuare, pentru pietoni \u0219i bicicli\u0219ti, o investi\u021bie care se afl\u0103 \u00een etapa final\u0103 de execu\u021bie, cu o sus\u021binere financiar\u0103 european\u0103, printr-un program PNRR. S-ar p\u0103rea c\u0103 tocmai aceste investi\u021bii au modificat coordonate \u00een proiectul de aduc\u021biune a gazelor, iar contestarea \u00een Instan\u021b\u0103 din partea concesionarului (constructor) las\u0103 de \u00een\u021beles c\u0103 ar putea fi vorba de majorare de costuri, iar judec\u0103torul va decide care dintre p\u0103r\u021bi \u0219i le va asuma!<\/p>\n<\/div>\n<p>[analyse_source url=&#8221;https:\/\/opiniabuzau.ro\/padina-proiectul-de-gaze-sta-in-decizia-judecatorului\/&#8221;]<\/p>\n","protected":false},"excerpt":{"rendered":"<p>[analyse_image type=&#8221;featured&#8221; src=&#8221;https:\/\/opiniabuzau.ro\/wp-content\/uploads\/2026\/08\/gaze-scaled.webp&#8221;] Povestea aduc\u021biunii gazelor \u00een comuna Padina este construit\u0103 pe acela\u0219i paradox al unei realit\u0103\u021bi c\u0103reia prezentul nu-i poate decide un curs normal. Jum\u0103tatea de sud a jude\u021bului Buz\u0103u beneficiaz\u0103 de una dintre facilit\u0103\u021bile la care multe alte zone din \u021bar\u0103 ar fi sperat: posibilitatea ca cele mai multe dintre localit\u0103\u021bi s\u0103 fie [&hellip;]<\/p>\n","protected":false},"author":1,"featured_media":0,"comment_status":"open","ping_status":"","sticky":false,"template":"","format":"standard","meta":{"footnotes":""},"categories":[2],"tags":[226,44],"class_list":["post-2109777","post","type-post","status-publish","format-standard","hentry","category-politics","tag-crawlmanager","tag-opiniabuzau-ro"],"_links":{"self":[{"href":"https:\/\/analyse.optim.biz\/index.php?rest_route=\/wp\/v2\/posts\/2109777","targetHints":{"allow":["GET"]}}],"collection":[{"href":"https:\/\/analyse.optim.biz\/index.php?rest_route=\/wp\/v2\/posts"}],"about":[{"href":"https:\/\/analyse.optim.biz\/index.php?rest_route=\/wp\/v2\/types\/post"}],"author":[{"embeddable":true,"href":"https:\/\/analyse.optim.biz\/index.php?rest_route=\/wp\/v2\/users\/1"}],"replies":[{"embeddable":true,"href":"https:\/\/analyse.optim.biz\/index.php?rest_route=%2Fwp%2Fv2%2Fcomments&post=2109777"}],"version-history":[{"count":0,"href":"https:\/\/analyse.optim.biz\/index.php?rest_route=\/wp\/v2\/posts\/2109777\/revisions"}],"wp:attachment":[{"href":"https:\/\/analyse.optim.biz\/index.php?rest_route=%2Fwp%2Fv2%2Fmedia&parent=2109777"}],"wp:term":[{"taxonomy":"category","embeddable":true,"href":"https:\/\/analyse.optim.biz\/index.php?rest_route=%2Fwp%2Fv2%2Fcategories&post=2109777"},{"taxonomy":"post_tag","embeddable":true,"href":"https:\/\/analyse.optim.biz\/index.php?rest_route=%2Fwp%2Fv2%2Ftags&post=2109777"}],"curies":[{"name":"wp","href":"https:\/\/api.w.org\/{rel}","templated":true}]}}