{"id":210971,"date":"2014-02-27T03:47:33","date_gmt":"2014-02-27T00:47:33","guid":{"rendered":"https:\/\/analyse.optim.biz\/?p=210971"},"modified":"2014-02-27T03:47:33","modified_gmt":"2014-02-27T00:47:33","slug":"mircea-ionescu-quintus-e-o-zi-trista-am-ramas-singurul-fost-presedinte-in-pnl-toti-ceilalti-s-au-dat-deoparte-intr-un-fel-sau-altul","status":"publish","type":"post","link":"https:\/\/analyse.optim.biz\/?p=210971","title":{"rendered":"Mircea Ionescu Quintus: \u201eE o zi trist\u0103. Am r\u0103mas singurul fost pre\u015fedinte \u00een PNL. To\u0163i ceilal\u0163i s-au dat deoparte \u00eentr-un fel sau altul\u201d"},"content":{"rendered":"<div class=\"entry data-app-meta data-app-meta-article\" data-embed-base-url-canonical=\"https:\/\/www.digi24.ro\/embed\/stiri\/actualitate\/politica\/mircea-ionescu-quintus-e-o-zi-trista-am-ramas-singurul-fost-presedinte-in-pnl-toti-ceilalti-s-au-dat-deoparte-intr-un-fel-sau-altul-206658\">\n<p data-index=\"1\"><span><strong>\u201e<em>Trebuie s\u0103 ne amintim de lucrurile bune \u015fi importante pe care le-a f\u0103cut C\u0103lin Popescu T\u0103riceanu \u00een partid, singurul prim-ministru liberal \u00een ultimii 80 de ani<\/em>\u201d, afirm\u0103 cel mai longeviv pre\u015fedinte liberal post-decembrist, Mircea Ionescu Quintus. \u00centr-o interven\u0163ie telefonic\u0103 la <span>Digi24<\/span>, Mircea Ionescu Quintus \u015fi-a exprimat dezam\u0103girea fa\u0163\u0103 de gestul lui C\u0103lin Popescu T\u0103riceanu, \u201e<em>uluitor<\/em>\u201d \u015fi \u201e<em>regretabil<\/em>\u201d, de a merge s\u0103 negocieze cu premierul Victor Ponta, f\u0103r\u0103 a avea mandatul PNL. \u201e<em>M-a \u00eentristat mai mult dec\u00e2t demisia sa<\/em>\u201d, spune veteranul liberal, care a \u00eencercat s\u0103 g\u0103seasc\u0103 \u015fi o motiva\u0163ie: \u201e<em>Am impresia c\u0103 e \u00eentr-o stare de emotivitate. El asemenea gre\u015feli nu a f\u0103cut. Are o stare de \u00eenc\u0103p\u0103\u0163\u00e2nare.<\/em>\u201d<\/strong><\/span><\/p>\n<p data-index=\"2\"><img decoding=\"async\" src=\"https:\/\/analyse.optim.biz\/wp-content\/uploads\/2024\/09\/agfzad1jnzyxodi3ztq0mmuzodhmnje1nzhmmznlzta2nwe2oq-thumb_.jpg\" data-skip-htmlfix=\"1\" title=\"agfzad1jnzyxodi3ztq0mmuzodhmnje1nzhmmznlzta2nwe2oq-thumb_\">\u00a0<\/p>\n<p data-index=\"3\">Pre\u015fedintele de onoare al Partidului Na\u0163ional Liberal a vorbit la <span><strong>Digi24<\/strong><\/span> despre ruperea Uniunii Social Liberale \u015fi consider\u0103 c\u0103 retragerea PNL a fost un gest just, necesar pentru unitatea \u015fi demnitatea forma\u0163iunii. \u201e<em>Am t\u0103cut timp de o s\u0103pt\u0103m\u00e2n\u0103 de la ultima \u015fedin\u0163\u0103 a Biroului Politic Central \u015fi p\u00e2n\u0103 la Delega\u0163ia Permanent\u0103 de asear\u0103 <\/em>(mar\u0163i sear\u0103, n.red.)<em>, pentru c\u0103 <\/em><em><strong>se luase o hot\u0103r\u00e2re cu care eram de acord<\/strong><\/em><em>. Adic\u0103 <\/em><em><strong>s\u0103 \u00eencerc\u0103m tot ce este posibil s\u0103 continu\u0103m colaborarea \u00een cadrul USL \u015fi \u00een guvern, p\u0103str\u00e2ndu-ne propunerile pe care le-am f\u0103cut<\/strong><\/em><em>. \u015ei am zis, refuz\u00e2nd orice alt\u0103 discu\u0163ie, c\u0103 tac o s\u0103pt\u0103m\u00e2n\u0103, pentru c\u0103 de acum \u00eencolo \u015ftim ce avem de f\u0103cut.<\/em><\/p>\n<p data-index=\"4\"><em>Acum, dup\u0103 \u00eent\u00e2mplarea de asear\u0103, zic c\u0103 acum am dreptul s\u0103 vorbesc, pentru c\u0103 sunt cu totul de acord cu ce s-a hot\u0103r\u00e2t asear\u0103 pentru demnitatea \u015fi trecutul acestui mare partid \u00een care m\u0103 g\u0103sesc de vreo 75 de ani. Deci de acum vorbesc \u015fi <strong>aveam de ales \u00eentre unitatea USL \u015fi unitatea Partidului Na\u0163ional Liberal<\/strong>. Ori <strong>votul cople\u015fitor majoritar de asear\u0103 arat\u0103 c\u0103 partidul este unit, face fa\u0163\u0103 acestei \u00eencerc\u0103ri, \u015fi mai ales acum, dup\u0103 ce am auzit cu surprindere \u015fi cu am\u0103r\u0103ciune c\u0103 T\u0103riceanu \u015fi-a dat demisia<\/strong><\/em>\u201d, afirm\u0103 fostul lider al partidului.<\/p>\n<p data-index=\"5\"><strong><span>C\u0103lin Popescu T\u0103riceanu, singurul prim-ministru liberal \u00een ultimii 80 de ani<\/span><\/strong><\/p>\n<p data-index=\"6\">Reac\u0163ia sa fa\u0163\u0103 de evenimentele zilei de miercuri, soldate cu o \u00eent\u00e2lnire cu premierul Victor Ponta, nedorit\u0103 de liberali, urmat\u0103 de demisia altui fost lider, se situeaz\u0103 \u00eentre dezam\u0103gire \u015fi recuno\u015ftin\u0163\u0103: \u201e<em>C\u0103lin Popescu T\u0103riceanu mi-este un apropiat nu numai politic, ne cunoa\u015ftem de 20 \u015fi ceva de ani, ne-am \u00een\u0163eles \u00een foarte multe privin\u0163e. Nu ne-am \u00een\u0163eles \u00een anumite atitudini. Iar <\/em><em><strong>ce a f\u0103cut azi diminea\u0163\u0103<\/strong><\/em><em> (miercuri, n.red.), <\/em><em><strong>s\u0103 se duc\u0103 \u00eentr-o stare de umilin\u0163\u0103 la primul ministru f\u0103r\u0103 nici un mandat din partea nim\u0103nui, m-a \u00eentristat mai mult dec\u00e2t demisia sa, care f\u0103r\u0103 \u00eendoial\u0103 nu e de trecut cu vederea<\/strong><\/em><em>. A\u015fa cum pe drept cuv\u00e2nt spunea Crin Antonescu, <\/em><em><strong>trebuie s\u0103 ne amintim de lucrurile bune \u015fi importante pe care le-a f\u0103cut C\u0103lin Popescu T\u0103riceanu \u00een partid, singurul prim-ministru liberal \u00een ultimii 80 de ani<\/strong><\/em>\u201d, crede Mircea Ionescu Quintus.<\/p>\n<p data-index=\"7\">Politicianul a relatat \u015fi cum s-ar fi ajuns la <a href=\"https:\/\/www.digi24.ro\/Stiri\/Digi24\/Actualitate\/Politica\/Calin+Popescu+Tariceanu+Ii+vor+cere+premierului+sa+isi+tina+toat\" target=\"_blank\" data-skip-linkfix=\"1\" rel=\"noopener\"><strong>discu\u0163ia cu premierul Victor Ponta de miercuri diminea\u0163\u0103<\/strong><\/a>. T\u0103riceanu \u201e<em>l-a sunat pe Crin Antonescu s\u0103 \u00eencerce s\u0103 stea de vorb\u0103 cu Ponta \u015fi cu el. Ori, pre\u015fedintele \u0103sta al nostru, de\u015fi t\u00e2n\u0103r, cu foarte mult\u0103 \u00een\u0163elepciune a spus: <\/em><em><strong>oric\u00e2nd stau de vorb\u0103 cu Ponta separat, oric\u00e2nd stau de vorb\u0103 cu tine, oriunde, dar nu \u00eempreun\u0103, c\u0103 n-am ce c\u0103uta acolo<\/strong><\/em><em>. <\/em><em><strong>Te-ai dus f\u0103r\u0103 nici un fel de mandat<\/strong><\/em><em>, te-ai dus, m\u0103 rog, ca un simplu&#8230; sau ca un fost pre\u015fedinte al PNL, dar asta nu \u00eenseamn\u0103 c\u0103 eu sunt de acord cu ceea ce \u00eencerci tu, imposibil de f\u0103cut acum. Asta a fost discu\u0163ia<\/em>\u201d, a spus pre\u015fedintele de onoare al PNL.<\/p>\n<p data-index=\"8\"><span>\u201e<strong><span><em>E o zi trist\u0103 pentru mine. Am r\u0103mas singurul fost pre\u015fedinte \u00een partidul acesta, to\u0163i ceilal\u0163i s-au dat deoparte \u00eentr-un fel sau altul<\/em>\u201d<\/span><\/strong><\/span><\/p>\n<p data-index=\"9\">Mircea Ionescu Quintus pune deciziile lui T\u0103riceanu pe seama unei \u00eenc\u0103p\u0103\u0163\u00e2n\u0103ri pe care a recunoscut-o \u015fi cu alte ocazii, dar nu numai: \u201e<em>Am impresia c\u0103, nu \u015ftiu&#8230; <\/em><em><strong>e \u00eentr-o stare de emotivitate, nu \u015ftiu<\/strong><\/em><em>. El asemenea gre\u015feli nu a f\u0103cut. \u00cel cunosc \u015fi ca pre\u015fedinte, eu de partid \u015fi el de partid, \u015fi am colaborat ani de zile. <\/em><em><strong>Asemenea gre\u015feli n-a f\u0103cut. El are o stare de \u00eenc\u0103p\u0103\u0163\u00e2nare \u015fi de multe ori din cauza asta n-am izbutit s\u0103 \u00eel conving s\u0103 \u00ee\u015fi schimbe anumite atitudini. Dar treaba asta&#8230; n-a \u00eentrebat pe nimeni, n-a primit mandat de la nimeni&#8230; Uluitor.<\/strong><\/em><em> Oric\u00e2t a\u015f \u00eencerca s\u0103 explic aceast\u0103 gre\u015feal\u0103, mult mai mare dec\u00e2t demisia&#8230; E regretabil c\u0103 se \u00eent\u00e2mpl\u0103 asta.<\/em>\u201d<\/p>\n<p data-index=\"10\">Din ceilal\u0163i cinci fo\u015fti pre\u015fedin\u0163i liberali, trei au p\u0103r\u0103sit partidul, iar al patrulea nu mai are activitate politic\u0103 din ra\u0163iuni de s\u0103n\u0103tate. Este \u015fi motivul pentru care Mircea Ionescu Quintus, la aproape 97 de ani, pe care \u00eei \u00eempline\u015fte vineri, \u00ee\u015fi manifest\u0103 din nou dezam\u0103girea: \u201e<em><strong>E o zi trist\u0103, cel pu\u0163in pentru mine. Am r\u0103mas singurul fost pre\u015fedinte \u015fi de at\u00e2ta amar de vreme \u00een partidul acesta. To\u0163i ceilal\u0163i, \u00eentr-un fel sau \u00een altul, s-au dat deoparte&#8230;<\/strong><\/em>\u201d<\/p>\n<p data-index=\"11\"><span><strong>\u00cen total, din ianuarie 1990, \u015fase politicieni au ocupat fotoliul de pre\u015fedinte al PNL, dar numai trei mai fac parte oficial din forma\u0163iune:<\/strong><\/span><\/p>\n<p data-index=\"12\">&#8211; <strong>Radu C\u00e2mpeanu<\/strong> (92 de ani) este pre\u015fedintele fondator al PNL 1990 \u015fi a condus partidul din 15 ianuarie 1990 p\u00e2n\u0103 pe 28 februarie 1993. <strong><a href=\"https:\/\/www.digi24.ro\/Stiri\/Digi24\/Actualitate\/Sanatate\/Radu+Campeanu+internat+la+terapie+intensiva+la+Spitalul+Floreasc\" target=\"_blank\" data-skip-linkfix=\"1\" rel=\"noopener\">Starea sa de s\u0103n\u0103tate<\/a><\/strong> nu \u00eei mai permite s\u0103 se implice \u00een deciziile politice.<\/p>\n<p data-index=\"13\">&#8211; <strong>Mircea Ionescu Quintus<\/strong> (96 de ani) este <strong>cel mai longeviv pre\u015fedinte liberal post-decembrist<\/strong>, ocup\u00e2nd pozi\u0163ia de lider aproape <strong>opt ani<\/strong>, mai exact din <strong>28 februarie 1993<\/strong> p\u00e2n\u0103 \u00een <strong>18 februarie 2001<\/strong>. \u00cen prezent, este pre\u015fedinte de onoare al PNL.<\/p>\n<p data-index=\"14\">&#8211; <strong>Valeriu Stoica<\/strong> a ocupat pozi\u0163ia de lider liberal mai pu\u0163in de doi ani, \u00eentre 18 februarie 2001 \u015fi 24 august 2002. A fost exclus din partid \u00een 18 octombrie 2006 pentru atacuri repetate lansate la adresa PNL, ca \u015fi pentru faptul c\u0103 a ales s\u0103 prezinte al\u0103turi de Theodor Stolojan (exclus cu o s\u0103pt\u0103m\u00e2n\u0103 \u00eenaintea sa) o platform\u0103 de relansare a partidului pe care nu au supus-o dezbaterilor \u00een cadrul conducerii. \u00cen decembrie 2006, fondeaz\u0103 Partidul Liberal Democrat (PLD) al\u0103turi de acela\u015fi Theodor Stolojan. \u00cen decembrie 2007, PLD fuzioneaz\u0103 cu Partidul Democrat Liberal (PD-L), denumit anterior Partidul Democrat (PD).<\/p>\n<p data-index=\"15\">&#8211; <strong>Theodor Stolojan<\/strong> a condus PNL \u00eentre 24 august 2002 \u015fi 2 octombrie 2004, c\u00e2nd i-a predat mandatul lui C\u0103lin Popescu T\u0103riceanu. Un artizan al Alian\u0163ei PNL-PD, Stolojan a fost exclus \u00een 10 octombrie 2006, el acuz\u00e2nd c\u0103 ar fi vorba de o \u201e<em>lucr\u0103tur\u0103 a camarilei T\u0103riceanu \u2013 Bogdan Olteanu \u2013 Ludovic Orban<\/em>\u201d.<\/p>\n<p data-index=\"16\">&#8211; <strong>C\u0103lin Popescu T\u0103riceanu<\/strong> a fost pre\u015fedinte al PNL \u00eentre 2 octombrie 2004 \u015fi 20 martie 2009. <a href=\"https:\/\/www.digi24.ro\/Stiri\/Digi24\/Actualitate\/Politica\/Calin+Popescu+Tariceanu+a+demisionat+din+PNL\" target=\"_blank\" data-skip-linkfix=\"1\" rel=\"noopener\"><strong>A demisionat pe 26 februarie 2014<\/strong><\/a>, la o zi dup\u0103 <a href=\"https:\/\/www.digi24.ro\/Stiri\/Digi24\/Actualitate\/Politica\/USL+prima+zi+dupa+divort+Planurile+liberalilor+la+despartire\" target=\"_blank\" data-skip-linkfix=\"1\" rel=\"noopener\"><strong>ruperea Uniunii Social Liberale<\/strong><\/a>.<\/p>\n<p data-index=\"17\">&#8211; <strong>Crin Antonescu<\/strong> conduce PNL de aproape cinci ani, mai exact din 20 martie 2009.<\/p>\n<p data-index=\"18\"><span><strong>Ella Moroiu<\/strong><\/span><\/p>\n<\/div>\n<p> Source URL: https:\/\/www.digi24.ro\/stiri\/actualitate\/politica\/mircea-ionescu-quintus-e-o-zi-trista-am-ramas-singurul-fost-presedinte-in-pnl-toti-ceilalti-s-au-dat-deoparte-intr-un-fel-sau-altul-206658<\/p>\n","protected":false},"excerpt":{"rendered":"<p>\u201eTrebuie s\u0103 ne amintim de lucrurile bune \u015fi importante pe care le-a f\u0103cut C\u0103lin Popescu T\u0103riceanu \u00een partid, singurul prim-ministru liberal \u00een ultimii 80 de ani\u201d, afirm\u0103 cel mai longeviv pre\u015fedinte liberal post-decembrist, Mircea Ionescu Quintus. \u00centr-o interven\u0163ie telefonic\u0103 la Digi24, Mircea Ionescu Quintus \u015fi-a exprimat dezam\u0103girea fa\u0163\u0103 de gestul lui C\u0103lin Popescu T\u0103riceanu, \u201euluitor\u201d [&hellip;]<\/p>\n","protected":false},"author":1,"featured_media":210972,"comment_status":"open","ping_status":"","sticky":false,"template":"","format":"standard","meta":{"footnotes":""},"categories":[2],"tags":[11],"class_list":["post-210971","post","type-post","status-publish","format-standard","has-post-thumbnail","hentry","category-politics","tag-digi24"],"_links":{"self":[{"href":"https:\/\/analyse.optim.biz\/index.php?rest_route=\/wp\/v2\/posts\/210971","targetHints":{"allow":["GET"]}}],"collection":[{"href":"https:\/\/analyse.optim.biz\/index.php?rest_route=\/wp\/v2\/posts"}],"about":[{"href":"https:\/\/analyse.optim.biz\/index.php?rest_route=\/wp\/v2\/types\/post"}],"author":[{"embeddable":true,"href":"https:\/\/analyse.optim.biz\/index.php?rest_route=\/wp\/v2\/users\/1"}],"replies":[{"embeddable":true,"href":"https:\/\/analyse.optim.biz\/index.php?rest_route=%2Fwp%2Fv2%2Fcomments&post=210971"}],"version-history":[{"count":0,"href":"https:\/\/analyse.optim.biz\/index.php?rest_route=\/wp\/v2\/posts\/210971\/revisions"}],"wp:featuredmedia":[{"embeddable":true,"href":"https:\/\/analyse.optim.biz\/index.php?rest_route=\/wp\/v2\/media\/210972"}],"wp:attachment":[{"href":"https:\/\/analyse.optim.biz\/index.php?rest_route=%2Fwp%2Fv2%2Fmedia&parent=210971"}],"wp:term":[{"taxonomy":"category","embeddable":true,"href":"https:\/\/analyse.optim.biz\/index.php?rest_route=%2Fwp%2Fv2%2Fcategories&post=210971"},{"taxonomy":"post_tag","embeddable":true,"href":"https:\/\/analyse.optim.biz\/index.php?rest_route=%2Fwp%2Fv2%2Ftags&post=210971"}],"curies":[{"name":"wp","href":"https:\/\/api.w.org\/{rel}","templated":true}]}}