{"id":2109644,"date":"2026-08-24T21:00:00","date_gmt":"2026-08-24T18:00:00","guid":{"rendered":"https:\/\/analyse.optim.biz\/?p=2109644"},"modified":"2026-08-24T21:00:00","modified_gmt":"2026-08-24T18:00:00","slug":"invitatie-la-salonul-auto-focsani-2","status":"publish","type":"post","link":"https:\/\/analyse.optim.biz\/?p=2109644","title":{"rendered":"Invita\u021bie la Salonul Auto Foc\u0219ani\u00a0 \u00a0"},"content":{"rendered":"<p>[analyse_image type=&#8221;featured&#8221; src=&#8221;https:\/\/www.monitoruldevrancea.ro\/wp-content\/uploads\/2026\/08\/salon.jpg&#8221;]<\/p>\n<div class=\"td_block_wrap tdb_single_content tdi_123 td-pb-border-top td_block_template_1 td-post-content tagdiv-type\" data-td-block-uid=\"tdi_123\">\n<div class=\"tdb-block-inner td-fix-index\">\n<p><strong>Comunicat de pres\u0103:<\/strong><\/p>\n<p>Prim\u0103ria Municipiului Foc\u015fani, \u00een parteneriat cu reprezentan\u0163ele Auto-Moto-ATV din ora\u015f, organizeaz\u0103 o nou\u0103 edi\u0163ie a \u201eSalonului Auto Foc\u015fani\u201d. Evenimentul din acest an va fi organizat \u00een weekend-ul 28 \u2013 30 august, \u00een Pia\u0163a Unirii.\u00a0<\/p>\n<p>Un spa\u021biu generos unde vor fi expuse aproape 100 autoturisme noi, 15 motociclete, 30 ATV-uri, pe parcursul celor trei zile de la sf\u00e2r\u0219itul acestei s\u0103pt\u0103m\u00e2ni. Invitatul special al Salonului Auto din acest an va fi pilotul foc\u0219\u0103nean <strong><em>Florin B\u00eerl\u0103deanu<\/em><\/strong>, care va fi prezent \u00eempreun\u0103 cu motocicleta sa de concurs.<\/p>\n<p>Vor fi prezen\u0163i to\u0163i dealerii de autoturisme din Municipiul Foc\u0219ani dar \u015fi dou\u0103 reprezentan\u0163e ATV&amp;Moto, care \u00eei vor \u00eenc\u00e2nta pe pasiona\u021bii de off-road. Spre deosebire de edi\u0163iile anterioare, ma\u015finile pentru test drive vor pleca din zona parc\u0103rii de pe strada Mihail Kog\u0103lniceanu, l\u00e2ng\u0103 Gr\u0103dina Public\u0103.<\/p>\n<p>Duminic\u0103 vom \u00eencheia Salonul Auto cu o colec\u021bie de excep\u021bie a clubului Retromobil din Vrancea care vor expune diminea\u021b\u0103, \u00een parcarea de la Casa de Cultur\u0103, cele mai frumoase ma\u0219ini de epoc\u0103.<\/p>\n<p><strong>Biroul de Pres\u0103 al Prim\u0103riei Municipiului Foc\u015fani<\/strong><\/p>\n<\/div>\n<\/div>\n<p>[analyse_source url=&#8221;https:\/\/www.monitoruldevrancea.ro\/2026\/08\/25\/invitatie-la-salonul-auto-focsani-2\/&#8221;]<\/p>\n","protected":false},"excerpt":{"rendered":"<p>[analyse_image type=&#8221;featured&#8221; src=&#8221;https:\/\/www.monitoruldevrancea.ro\/wp-content\/uploads\/2026\/08\/salon.jpg&#8221;] Comunicat de pres\u0103: Prim\u0103ria Municipiului Foc\u015fani, \u00een parteneriat cu reprezentan\u0163ele Auto-Moto-ATV din ora\u015f, organizeaz\u0103 o nou\u0103 edi\u0163ie a \u201eSalonului Auto Foc\u015fani\u201d. Evenimentul din acest an va fi organizat \u00een weekend-ul 28 \u2013 30 august, \u00een Pia\u0163a Unirii.\u00a0 Un spa\u021biu generos unde vor fi expuse aproape 100 autoturisme noi, 15 motociclete, 30 ATV-uri, [&hellip;]<\/p>\n","protected":false},"author":1,"featured_media":0,"comment_status":"open","ping_status":"","sticky":false,"template":"","format":"standard","meta":{"footnotes":""},"categories":[89],"tags":[226,209],"class_list":["post-2109644","post","type-post","status-publish","format-standard","hentry","category-romania","tag-crawlmanager","tag-monitoruldevrancea-ro"],"_links":{"self":[{"href":"https:\/\/analyse.optim.biz\/index.php?rest_route=\/wp\/v2\/posts\/2109644","targetHints":{"allow":["GET"]}}],"collection":[{"href":"https:\/\/analyse.optim.biz\/index.php?rest_route=\/wp\/v2\/posts"}],"about":[{"href":"https:\/\/analyse.optim.biz\/index.php?rest_route=\/wp\/v2\/types\/post"}],"author":[{"embeddable":true,"href":"https:\/\/analyse.optim.biz\/index.php?rest_route=\/wp\/v2\/users\/1"}],"replies":[{"embeddable":true,"href":"https:\/\/analyse.optim.biz\/index.php?rest_route=%2Fwp%2Fv2%2Fcomments&post=2109644"}],"version-history":[{"count":0,"href":"https:\/\/analyse.optim.biz\/index.php?rest_route=\/wp\/v2\/posts\/2109644\/revisions"}],"wp:attachment":[{"href":"https:\/\/analyse.optim.biz\/index.php?rest_route=%2Fwp%2Fv2%2Fmedia&parent=2109644"}],"wp:term":[{"taxonomy":"category","embeddable":true,"href":"https:\/\/analyse.optim.biz\/index.php?rest_route=%2Fwp%2Fv2%2Fcategories&post=2109644"},{"taxonomy":"post_tag","embeddable":true,"href":"https:\/\/analyse.optim.biz\/index.php?rest_route=%2Fwp%2Fv2%2Ftags&post=2109644"}],"curies":[{"name":"wp","href":"https:\/\/api.w.org\/{rel}","templated":true}]}}