{"id":2109619,"date":"2026-08-24T16:01:46","date_gmt":"2026-08-24T13:01:46","guid":{"rendered":"https:\/\/analyse.optim.biz\/?p=2109619"},"modified":"2026-08-24T16:01:46","modified_gmt":"2026-08-24T13:01:46","slug":"legea-ani-a-primit-unda-verde-in-camera-deputatilor-amendamentul-care-il-lasa-pe-fritz-fara-mandat-a-ramas","status":"publish","type":"post","link":"https:\/\/analyse.optim.biz\/?p=2109619","title":{"rendered":"Legea ANI a primit und\u0103 verde \u00een Camera Deputa\u021bilor! Amendamentul care \u00eel las\u0103 pe Fritz f\u0103r\u0103 mandat a r\u0103mas."},"content":{"rendered":"<p>[analyse_image type=&#8221;featured&#8221; src=&#8221;https:\/\/renasterea.ro\/ro\/wp-content\/uploads\/2026\/08\/legea-ani.jpghttps:\/\/renasterea.ro\/ro\/wp-content\/uploads\/2026\/08\/legea-ani.jpg&#8221;]<\/p>\n<div class=\"entry-content\"><img loading=\"lazy\" decoding=\"async\" width=\"650\" height=\"365\" src=\"https:\/\/renasterea.ro\/ro\/wp-content\/uploads\/2026\/08\/legea-ani.jpg\" class=\"attachment-medium size-medium wp-post-image\" alt=\"Legea ANI a primit und\u0103 verde \u00een Camera Deputa\u021bilor! Amendamentul care \u00eel las\u0103 pe Fritz f\u0103r\u0103 mandat a r\u0103mas. Averile demnitarilor ar urma s\u0103 fie desecretizate. AUR \u0219i USR au votat \u00eempotriv\u0103 (foto)\" title=\"Legea ANI a primit und\u0103 verde \u00een Camera Deputa\u021bilor! Amendamentul care \u00eel las\u0103 pe Fritz f\u0103r\u0103 mandat a r\u0103mas. Averile demnitarilor ar urma s\u0103 fie desecretizate. AUR \u0219i USR au votat \u00eempotriv\u0103 (foto) 1\"><\/p>\n<h4>Camera Deputa\u021bilor a adoptat, luni, noua form\u0103 a Legii ANI, reexaminat\u0103 \u00een contextul deciziei Cur\u021bii Constitu\u021bionale a Rom\u00e2niei.<\/h4>\n<p>183 de deputa\u021bi au votat pentru, 84 s-au exprimat \u00eempotriva proiectului de lege, iar trei s-au ab\u021binut.<\/p>\n<p>Rezultatul votului a fost citit de pre\u0219edintele Camerei Deputa\u021bilor, Sorin Grindeanu.<\/p>\n<p>Conform <a href=\"https:\/\/www.stiripesurse.ro\/legea-ani-averile-demnitarilor-desecretizate_3914643\" rel=\"noopener\">stiripesurse.ro<\/a>, AUR \u0219i USR s-au aliat \u0219i au votat \u00eempotriva Legii ANI.<\/p>\n<p><img loading=\"lazy\" decoding=\"async\" class=\"alignnone wp-image-304432 size-full\" src=\"https:\/\/renasterea.ro\/ro\/wp-content\/uploads\/2026\/08\/legea-ani-vot.jpg\" alt=\"Legea ANI a primit und\u0103 verde \u00een Camera Deputa\u021bilor! Amendamentul care \u00eel las\u0103 pe Fritz f\u0103r\u0103 mandat a r\u0103mas. Averile demnitarilor ar urma s\u0103 fie desecretizate. AUR \u0219i USR au votat \u00eempotriv\u0103 (foto)\" width=\"650\" height=\"399\" title=\"Legea ANI a primit und\u0103 verde \u00een Camera Deputa\u021bilor! Amendamentul care \u00eel las\u0103 pe Fritz f\u0103r\u0103 mandat a r\u0103mas. Averile demnitarilor ar urma s\u0103 fie desecretizate. AUR \u0219i USR au votat \u00eempotriv\u0103 (foto) 2\"><\/p>\n<p>Reamintim c\u0103 amendamentul care \u00eel las\u0103 f\u0103r\u0103 mandatul de primar pe Dominic Fritz, liderul USR, a fost declarat constitu\u021bional de judec\u0103torii CCR.<\/p>\n<p>Potrivit unui amendament comun sus\u021binut de parlamentarii fostei Coali\u021bii PSD, PNL, USR, UDMR \u0219i Minorit\u0103\u021bi, la recomandarea Agen\u021biei Na\u021bionale de Integritate, s-a g\u0103sit o solu\u021bie pentru ca averile demnitarilor s\u0103 fie din nou publice.<\/p>\n<p>\u00cen urma declara\u021biilor de interese \u0219i a celor de avere completate de demnitari, ANI va genera o fi\u0219\u0103 de interese financiare.<\/p>\n<p>Noua fi\u0219\u0103 de interese financiare nu va ar\u0103ta c\u00e2te terenuri \u0219i case are, spre exemplu, un parlamentar, ci valoarea total\u0103 a acestora.<\/p>\n<p>\u00cen plus, \u0219i la active financiare va ap\u0103rea valoarea total\u0103 a acestor active.<\/p>\n<p>Fie c\u0103 vorbim de numerar, fie de conturi bancare, sumele vor ap\u0103rea cumulat \u00een nou fi\u0219\u0103 generat\u0103 de ANI.<\/p>\n<h3>Amendamentul care \u00eel las\u0103 pe Fritz f\u0103r\u0103 mandat a r\u0103mas \u00een noua Lege ANI<\/h3>\n<p>Dominic Fritz, liderul USR, ar urma s\u0103 r\u0103m\u00e2n\u0103 f\u0103r\u0103 mandatul de primar, dac\u0103 legea va trece \u0219i de votul Senatului.<\/p>\n<p>Conform Legii ANI, \u201epersoanelor fa\u021b\u0103 de care care, p\u00e2n\u0103 la data intr\u0103rii \u00een vigoare a prezentei, s-a constatat \u00een mod definitiv starea de incompatibilitate sau de conflictul de interese \u0219i pentru care nu s-a \u00eemplinit termenul de 3 ani aferent interdic\u021biei prev\u0103zute de lege, calculate de la data r\u0103m\u00e2nerii definitive a raportului de evaluare respective a hot\u0103r\u00e2rii judec\u0103tore\u0219ti, le \u00eenceteaz\u0103 de drept func\u021bia, demnitate public\u0103 ori mandatul, la 30 de zile de la data intr\u0103rii \u00een vigoare a prezentei legi\u201d, potrivit stiripesurse.ro.<\/p>\n<p><em>Sursa imagini: stiripesurse.ro<\/em><\/p>\n<\/div>\n<p>[analyse_source url=&#8221;https:\/\/renasterea.ro\/legea-ani-a-primit-unda-verde-in-camera-deputatilor-amendamentul-care-il-lasa-pe-fritz-fara-mandat-a-ramas-averile-demnitarilor-ar-urma-sa-fie-desecretizate-aur-si-usr-au-votat-impotriva-foto\/&#8221;]<\/p>\n","protected":false},"excerpt":{"rendered":"<p>[analyse_image type=&#8221;featured&#8221; src=&#8221;https:\/\/renasterea.ro\/ro\/wp-content\/uploads\/2026\/08\/legea-ani.jpghttps:\/\/renasterea.ro\/ro\/wp-content\/uploads\/2026\/08\/legea-ani.jpg&#8221;] Camera Deputa\u021bilor a adoptat, luni, noua form\u0103 a Legii ANI, reexaminat\u0103 \u00een contextul deciziei Cur\u021bii Constitu\u021bionale a Rom\u00e2niei. 183 de deputa\u021bi au votat pentru, 84 s-au exprimat \u00eempotriva proiectului de lege, iar trei s-au ab\u021binut. Rezultatul votului a fost citit de pre\u0219edintele Camerei Deputa\u021bilor, Sorin Grindeanu. Conform stiripesurse.ro, AUR \u0219i USR s-au [&hellip;]<\/p>\n","protected":false},"author":1,"featured_media":0,"comment_status":"open","ping_status":"","sticky":false,"template":"","format":"standard","meta":{"footnotes":""},"categories":[89],"tags":[226,188],"class_list":["post-2109619","post","type-post","status-publish","format-standard","hentry","category-romania","tag-crawlmanager","tag-renasterea-ro"],"_links":{"self":[{"href":"https:\/\/analyse.optim.biz\/index.php?rest_route=\/wp\/v2\/posts\/2109619","targetHints":{"allow":["GET"]}}],"collection":[{"href":"https:\/\/analyse.optim.biz\/index.php?rest_route=\/wp\/v2\/posts"}],"about":[{"href":"https:\/\/analyse.optim.biz\/index.php?rest_route=\/wp\/v2\/types\/post"}],"author":[{"embeddable":true,"href":"https:\/\/analyse.optim.biz\/index.php?rest_route=\/wp\/v2\/users\/1"}],"replies":[{"embeddable":true,"href":"https:\/\/analyse.optim.biz\/index.php?rest_route=%2Fwp%2Fv2%2Fcomments&post=2109619"}],"version-history":[{"count":0,"href":"https:\/\/analyse.optim.biz\/index.php?rest_route=\/wp\/v2\/posts\/2109619\/revisions"}],"wp:attachment":[{"href":"https:\/\/analyse.optim.biz\/index.php?rest_route=%2Fwp%2Fv2%2Fmedia&parent=2109619"}],"wp:term":[{"taxonomy":"category","embeddable":true,"href":"https:\/\/analyse.optim.biz\/index.php?rest_route=%2Fwp%2Fv2%2Fcategories&post=2109619"},{"taxonomy":"post_tag","embeddable":true,"href":"https:\/\/analyse.optim.biz\/index.php?rest_route=%2Fwp%2Fv2%2Ftags&post=2109619"}],"curies":[{"name":"wp","href":"https:\/\/api.w.org\/{rel}","templated":true}]}}