{"id":210959,"date":"2014-02-27T04:10:54","date_gmt":"2014-02-27T01:10:54","guid":{"rendered":"https:\/\/analyse.optim.biz\/?p=210959"},"modified":"2014-02-27T04:10:54","modified_gmt":"2014-02-27T01:10:54","slug":"animatie-guvern-cu-zece-interimari-raed-arafat-a-refuzat-portofoliul-sanatatii","status":"publish","type":"post","link":"https:\/\/analyse.optim.biz\/?p=210959","title":{"rendered":"ANIMA\u0162IE Guvern cu zece interimari. Raed Arafat a refuzat portofoliul S\u0103n\u0103t\u0103\u0163ii"},"content":{"rendered":"<div class=\"entry data-app-meta data-app-meta-article\" data-embed-base-url-canonical=\"https:\/\/www.digi24.ro\/embed\/stiri\/actualitate\/politica\/animatie-guvern-cu-zece-interimari-raed-arafat-a-refuzat-portofoliul-sanatatii-206661\">\n<p data-index=\"1\"><span><strong>Dup\u0103 ce to\u0163i <a href=\"https:\/\/www.digi24.ro\/Stiri\/Digi24\/Actualitate\/Politica\/Victor+Ponta+Inteleg+disciplina+de+partid+si+nu+am+ce+sa+le+repr\" target=\"_blank\" data-skip-linkfix=\"1\" rel=\"noopener\">mini\u015ftrii liberali au demisionat<\/a>, premierul Victor Ponta a \u00eenceput s\u0103 caute \u00eenlocuitori, pentru c\u0103 deocamdat\u0103 zece din 17 ministere sunt conduse de interimari. Unul dintre oamenii pe care \u015fi i-ar fi dorit la Palatul Victoria este Raed Arafat, c\u0103ruia i-a \u015fi propus, din nou, s\u0103 preia Ministerul S\u0103n\u0103t\u0103\u0163ii. Primul ministru spune c\u0103 acesta a refuzat \u00eens\u0103 postul, pe motiv c\u0103 vrea s\u0103 \u00ee\u015fi continue activitatea la proasp\u0103tul Departament pentru Situa\u0163ii de Urgen\u0163\u0103 din Ministerul de Interne.<\/strong><\/span><\/p>\n<p data-index=\"2\"><img decoding=\"async\" src=\"https:\/\/analyse.optim.biz\/wp-content\/uploads\/2024\/09\/yxnopwzln2rioteymgiyzjdhzwq5m2jizddmmmq4nda5nznh-thumb_.jpg\" data-skip-htmlfix=\"1\" title=\"yxnopwzln2rioteymgiyzjdhzwq5m2jizddmmmq4nda5nznh-thumb_\">\u00a0<\/p>\n<p data-index=\"3\">Prim-ministrul a anun\u0163at c\u0103 mar\u0163i va merge \u00een Parlament cu noua formul\u0103 a Executivului. P\u00e2n\u0103 atunci \u00eens\u0103, zece din cele 17 ministere sunt conduse de interimari.<\/p>\n<p data-index=\"4\">\u015eapte dintre ei au fost numi\u0163i miercuri: \u00een locul <strong>Ramonei M\u0103nescu<\/strong>, la <strong>Transporturi<\/strong>, se afl\u0103 <strong>Dan \u015eova<\/strong>. <strong>S\u0103n\u0103tatea<\/strong> a fost preluat\u0103 de <strong>Nicolae B\u0103nicioiu<\/strong>, iar de <strong>Rela\u0163ia cu Parlamentul<\/strong> se ocup\u0103 ministrul Justi\u0163iei, <strong>Robert Cazanciuc<\/strong>. <strong>Rovana Plumb<\/strong> a \u00eenlocuit-o pe <strong>Lucia Varga<\/strong> la <strong>Ape \u015fi P\u0103duri<\/strong>, iar la <strong>Ministerul Muncii<\/strong> interimar este <strong>Doina Pan\u0103<\/strong>.\u00a0<strong>Mihnea Cosmin Costoiu<\/strong>, ministru delegat pentru Cercetare, este interimar la <strong>Cultur\u0103<\/strong>, iar <strong>Titus Corl\u0103\u0163ean<\/strong>, ministru de Externe, asigur\u0103 interimatul pentru <strong>Rom\u00e2nii de Pretutindeni<\/strong>.<\/p>\n<p data-index=\"5\">De asenemea, vicepremierul <strong>Gabriel Oprea<\/strong> asigur\u0103 interimatul la <strong>Interne<\/strong>\u00a0\u00een locul lui\u00a0<strong>Radu Stroe<\/strong>, care a plecat dup\u0103 problemele legate de opera\u0163iunea de salvare din Apuseni.\u00a0<strong>Constantin Ni\u021b\u0103<\/strong>, delegat la Energie, asigur\u0103 interimatul la <strong>Ministerul Economiei<\/strong>.<\/p>\n<p data-index=\"6\">\u015ei premierul <strong>Victor Ponta<\/strong> a preluat un minister: cel al <strong>Finan\u0163elor<\/strong>, r\u0103mas f\u0103r\u0103 conducere de aproape trei s\u0103pt\u0103m\u00e2ni, de la demisia lui <strong>Daniel Chi\u0163oiu<\/strong>.<\/p>\n<\/div>\n<p> Source URL: https:\/\/www.digi24.ro\/stiri\/actualitate\/politica\/animatie-guvern-cu-zece-interimari-raed-arafat-a-refuzat-portofoliul-sanatatii-206661<\/p>\n","protected":false},"excerpt":{"rendered":"<p>Dup\u0103 ce to\u0163i mini\u015ftrii liberali au demisionat, premierul Victor Ponta a \u00eenceput s\u0103 caute \u00eenlocuitori, pentru c\u0103 deocamdat\u0103 zece din 17 ministere sunt conduse de interimari. Unul dintre oamenii pe care \u015fi i-ar fi dorit la Palatul Victoria este Raed Arafat, c\u0103ruia i-a \u015fi propus, din nou, s\u0103 preia Ministerul S\u0103n\u0103t\u0103\u0163ii. Primul ministru spune c\u0103 [&hellip;]<\/p>\n","protected":false},"author":1,"featured_media":210960,"comment_status":"open","ping_status":"","sticky":false,"template":"","format":"standard","meta":{"footnotes":""},"categories":[2],"tags":[11],"class_list":["post-210959","post","type-post","status-publish","format-standard","has-post-thumbnail","hentry","category-politics","tag-digi24"],"_links":{"self":[{"href":"https:\/\/analyse.optim.biz\/index.php?rest_route=\/wp\/v2\/posts\/210959","targetHints":{"allow":["GET"]}}],"collection":[{"href":"https:\/\/analyse.optim.biz\/index.php?rest_route=\/wp\/v2\/posts"}],"about":[{"href":"https:\/\/analyse.optim.biz\/index.php?rest_route=\/wp\/v2\/types\/post"}],"author":[{"embeddable":true,"href":"https:\/\/analyse.optim.biz\/index.php?rest_route=\/wp\/v2\/users\/1"}],"replies":[{"embeddable":true,"href":"https:\/\/analyse.optim.biz\/index.php?rest_route=%2Fwp%2Fv2%2Fcomments&post=210959"}],"version-history":[{"count":0,"href":"https:\/\/analyse.optim.biz\/index.php?rest_route=\/wp\/v2\/posts\/210959\/revisions"}],"wp:featuredmedia":[{"embeddable":true,"href":"https:\/\/analyse.optim.biz\/index.php?rest_route=\/wp\/v2\/media\/210960"}],"wp:attachment":[{"href":"https:\/\/analyse.optim.biz\/index.php?rest_route=%2Fwp%2Fv2%2Fmedia&parent=210959"}],"wp:term":[{"taxonomy":"category","embeddable":true,"href":"https:\/\/analyse.optim.biz\/index.php?rest_route=%2Fwp%2Fv2%2Fcategories&post=210959"},{"taxonomy":"post_tag","embeddable":true,"href":"https:\/\/analyse.optim.biz\/index.php?rest_route=%2Fwp%2Fv2%2Ftags&post=210959"}],"curies":[{"name":"wp","href":"https:\/\/api.w.org\/{rel}","templated":true}]}}