{"id":2109588,"date":"2026-08-24T06:55:21","date_gmt":"2026-08-24T03:55:21","guid":{"rendered":"https:\/\/analyse.optim.biz\/?p=2109588"},"modified":"2026-08-24T06:55:21","modified_gmt":"2026-08-24T03:55:21","slug":"dan-diaconu-gandeste-te-cat-de-mare-e-prostia-medie-apoi-vei-realiza-ca-jumatate-dintre-oameni-sunt-chiar-mai-prosti-decat-atat-viralizarea-cu-nabadai","status":"publish","type":"post","link":"https:\/\/analyse.optim.biz\/?p=2109588","title":{"rendered":"Dan Diaconu: \u201dG\u00e2nde\u0219te-te c\u00e2t de mare e prostia medie, apoi vei realiza c\u0103 jum\u0103tate dintre oameni sunt chiar mai pro\u0219ti dec\u00e2t at\u00e2t!\u201d Viralizarea cu n\u0103b\u0103d\u0103i"},"content":{"rendered":"<p>[analyse_image type=&#8221;featured&#8221; src=&#8221;https:\/\/solidnews.ro\/wp-content\/uploads\/2026\/08\/unnamed-1.jpg&#8221;]<\/p>\n<div class=\"td_block_wrap tdb_single_content tdi_120 td-pb-border-top td_block_template_1 td-post-content tagdiv-type\" data-td-block-uid=\"tdi_120\">\n<div class=\"tdb-block-inner td-fix-index\">\n<p><em><strong>Autor: Dan Diaconu, <\/strong><strong><a href=\"https:\/\/trenduri.blogspot.com\/2026\/08\/viralizarea-cu-nabadai.html\">trenduri.blogspot.com<\/a><\/strong><\/em><\/p>\n<p>N-a\u0219 fi vrut s\u0103 abordez subiectul. Nu m\u0103 intereseaz\u0103, nu m-a interesat niciodat\u0103 pentru c\u0103, de la un moment \u00eenainte, e\u0219ti con\u0219tient de ni\u0219te lucruri.\u00a0Cum ar fi a te hr\u0103ni vs a te furaja Moment \u00een care nu mai ai false dileme.\u00a0\u00cen condi\u021biile \u00een care oricum nu e nicio dilem\u0103, ci strict o fent\u0103. Ca de fiecare dat\u0103! Iar \u00een momentul \u00een care-ai abordat subiectul, indiferent dac\u0103 ai fost pro sau contra, ai fost prost. Deoarece l-ai viralizat!<\/p>\n<p>Hai s\u0103 v\u0103 explic. De c\u00e2te ori a\u021bi auzit de X \u0219i Y implica\u021bi \u00een afacere? De c\u00e2te ori a\u021bi auzit de Bost\u0103nic\u0103 \u0219i Beregoi \u00eenainte de a \u00eencepe drama de-acum c\u00e2teva luni? N-a\u021bi auzit, dar peste noapte a\u021bi devenit exper\u021bi. \u00cen rapandule sau rapanduli. Ba unii, mai minto\u0219i \u00een prostia lor, au f\u0103cut \u0219i coad\u0103. Ca s\u0103 fie \u00eemp\u0103ca\u021bi \u00een civismul lor de cretini congenitali.<\/p>\n<p>N-a\u021bi \u00een\u021beles nimic \u0219i asta m\u0103 doare. De-at\u00e2ta amar de vreme v\u0103 spun s\u0103 nu pune\u021bi botul, mai ales c\u00e2nd datele problemei sunt clare. Dac\u0103 ai v\u0103zut televiziunile aliniate la unison\u00a0\u00a0pentru a prezenta ceva ce ieri nu exista, iar tu ai f\u0103cut pasul spre o tab\u0103r\u0103 sau alta \u00eenseamn\u0103 c\u0103 e\u0219ti prost! Sau proast\u0103. Scuz\u0103-m\u0103, dar asta e realitatea cu care m\u0103 confrunt zi de zi \u0219i care m\u0103 disper\u0103. Mai ales \u00een condi\u021biile \u00een care l-ai v\u0103zut pe comunitarul \u0103la f\u0103c\u00e2nd agita\u021bie, nu \u021bi-a fost clar c-a fost scos la produs, a\u0219a cum \u00ee\u0219i scot pe\u0219tii curvele pe centur\u0103???<\/p>\n<p>Azi te lup\u021bi cu margarina, m\u00e2ine cu mu\u0219amaua, poim\u00e2ine cu \u0219osetele supraelastice pentru ca, \u00een final, s\u0103 devii iar erou salv\u00e2nd Rom\u00e2nia de la dezastru prin votarea omului sistemului. Ce naiba mai vrei s\u0103 mai fac ca s\u0103-\u021bi ar\u0103t limpede c\u00e2t e\u0219ti prost? A\u0219a l-ai votat pe b\u0103sescu, a\u0219a l-ai votat pe Pl\u0103van, a\u0219a l-ai votat pe Nici Psihicu. \u0218i tot a\u0219a o s\u0103-l votezi pe Bolojan. Timp \u00een care te pl\u00e2ngi ca proasta-n pia\u021b\u0103 c\u0103 \u201e<i>nu te mai ajungi cu banii<\/i>\u201d, c\u0103 \u201e<i>de dou\u0103zeci de ani \u00ee\u021bi merge din r\u0103u \u00een mai r\u0103u!\u201d<\/i>. P\u0103i meri\u021bi! Meri\u021bi din plin s\u0103 te t\u0103v\u0103le\u0219ti pe jos de foame.<\/p>\n<p>\u0218i nici n-ai dreptate, retard mic! \u00cen realitate \u00ee\u021bi merge bine deoarece duci o via\u021b\u0103 plin\u0103 de satisfac\u021bii: la fiecare ciclu electoral salvezi Rom\u00e2nia de la dezastru, de la catastrofa p\u0103r\u0103sirii UE&amp;NATO, iar \u00eentre ciclurile electorale ai satisfac\u021bii privind bure\u021bii de baie, parchetul, vopseaua cu auto-omor\u00e2re de microbi, o mizerie gastronomic\u0103, zdranga-zdranga lu\u2019 Chiril\u0103 s.a.m.d. De ce te pl\u00e2ngi c\u00e2nd ai via\u021ba \u00eemp\u0103nat\u0103 cu at\u00e2tea momente de satisfac\u021bie, cu at\u00e2ta eroism? Eu nu am parte de at\u00e2tea \u201e<i>bucurii<\/i>\u201d, de o cantitate \u201e<i>f\u0103r\u0103 num\u0103r<\/i>\u201d de satisfac\u021bie! Mai degrab\u0103 sunt m\u00e2ncat de frustrare c\u00e2nd v\u0103d at\u00e2ta prostie voioas\u0103 \u00een jurul meu.<\/p>\n<p>Citi\u021bi articolul integral pe <strong><a href=\"https:\/\/trenduri.blogspot.com\/2026\/08\/viralizarea-cu-nabadai.html\">trenduri.blogspot.com<\/a><\/strong>!<\/p>\n<p><em><strong>surs\u0103: <a href=\"https:\/\/trenduri.blogspot.com\/2026\/08\/viralizarea-cu-nabadai.html\">trenduri.blogspot.com<\/a><\/strong><\/em><\/p>\n<\/div>\n<\/div>\n<div class=\"td_block_wrap tdb_single_content tdi_120 td-pb-border-top td_block_template_1 td-post-content tagdiv-type\" data-td-block-uid=\"tdi_120\">\n<div class=\"tdb-block-inner td-fix-index\">\n<p><em><strong>Autor: Dan Diaconu, <\/strong><strong><a href=\"https:\/\/trenduri.blogspot.com\/2026\/08\/viralizarea-cu-nabadai.html\">trenduri.blogspot.com<\/a><\/strong><\/em><\/p>\n<p>N-a\u0219 fi vrut s\u0103 abordez subiectul. Nu m\u0103 intereseaz\u0103, nu m-a interesat niciodat\u0103 pentru c\u0103, de la un moment \u00eenainte, e\u0219ti con\u0219tient de ni\u0219te lucruri.\u00a0Cum ar fi a te hr\u0103ni vs a te furaja Moment \u00een care nu mai ai false dileme.\u00a0\u00cen condi\u021biile \u00een care oricum nu e nicio dilem\u0103, ci strict o fent\u0103. Ca de fiecare dat\u0103! Iar \u00een momentul \u00een care-ai abordat subiectul, indiferent dac\u0103 ai fost pro sau contra, ai fost prost. Deoarece l-ai viralizat!<\/p>\n<p>Hai s\u0103 v\u0103 explic. De c\u00e2te ori a\u021bi auzit de X \u0219i Y implica\u021bi \u00een afacere? De c\u00e2te ori a\u021bi auzit de Bost\u0103nic\u0103 \u0219i Beregoi \u00eenainte de a \u00eencepe drama de-acum c\u00e2teva luni? N-a\u021bi auzit, dar peste noapte a\u021bi devenit exper\u021bi. \u00cen rapandule sau rapanduli. Ba unii, mai minto\u0219i \u00een prostia lor, au f\u0103cut \u0219i coad\u0103. Ca s\u0103 fie \u00eemp\u0103ca\u021bi \u00een civismul lor de cretini congenitali.<\/p>\n<p>N-a\u021bi \u00een\u021beles nimic \u0219i asta m\u0103 doare. De-at\u00e2ta amar de vreme v\u0103 spun s\u0103 nu pune\u021bi botul, mai ales c\u00e2nd datele problemei sunt clare. Dac\u0103 ai v\u0103zut televiziunile aliniate la unison\u00a0\u00a0pentru a prezenta ceva ce ieri nu exista, iar tu ai f\u0103cut pasul spre o tab\u0103r\u0103 sau alta \u00eenseamn\u0103 c\u0103 e\u0219ti prost! Sau proast\u0103. Scuz\u0103-m\u0103, dar asta e realitatea cu care m\u0103 confrunt zi de zi \u0219i care m\u0103 disper\u0103. Mai ales \u00een condi\u021biile \u00een care l-ai v\u0103zut pe comunitarul \u0103la f\u0103c\u00e2nd agita\u021bie, nu \u021bi-a fost clar c-a fost scos la produs, a\u0219a cum \u00ee\u0219i scot pe\u0219tii curvele pe centur\u0103???<\/p>\n<p>Azi te lup\u021bi cu margarina, m\u00e2ine cu mu\u0219amaua, poim\u00e2ine cu \u0219osetele supraelastice pentru ca, \u00een final, s\u0103 devii iar erou salv\u00e2nd Rom\u00e2nia de la dezastru prin votarea omului sistemului. Ce naiba mai vrei s\u0103 mai fac ca s\u0103-\u021bi ar\u0103t limpede c\u00e2t e\u0219ti prost? A\u0219a l-ai votat pe b\u0103sescu, a\u0219a l-ai votat pe Pl\u0103van, a\u0219a l-ai votat pe Nici Psihicu. \u0218i tot a\u0219a o s\u0103-l votezi pe Bolojan. Timp \u00een care te pl\u00e2ngi ca proasta-n pia\u021b\u0103 c\u0103 \u201e<i>nu te mai ajungi cu banii<\/i>\u201d, c\u0103 \u201e<i>de dou\u0103zeci de ani \u00ee\u021bi merge din r\u0103u \u00een mai r\u0103u!\u201d<\/i>. P\u0103i meri\u021bi! Meri\u021bi din plin s\u0103 te t\u0103v\u0103le\u0219ti pe jos de foame.<\/p>\n<p>\u0218i nici n-ai dreptate, retard mic! \u00cen realitate \u00ee\u021bi merge bine deoarece duci o via\u021b\u0103 plin\u0103 de satisfac\u021bii: la fiecare ciclu electoral salvezi Rom\u00e2nia de la dezastru, de la catastrofa p\u0103r\u0103sirii UE&amp;NATO, iar \u00eentre ciclurile electorale ai satisfac\u021bii privind bure\u021bii de baie, parchetul, vopseaua cu auto-omor\u00e2re de microbi, o mizerie gastronomic\u0103, zdranga-zdranga lu\u2019 Chiril\u0103 s.a.m.d. De ce te pl\u00e2ngi c\u00e2nd ai via\u021ba \u00eemp\u0103nat\u0103 cu at\u00e2tea momente de satisfac\u021bie, cu at\u00e2ta eroism? Eu nu am parte de at\u00e2tea \u201e<i>bucurii<\/i>\u201d, de o cantitate \u201e<i>f\u0103r\u0103 num\u0103r<\/i>\u201d de satisfac\u021bie! Mai degrab\u0103 sunt m\u00e2ncat de frustrare c\u00e2nd v\u0103d at\u00e2ta prostie voioas\u0103 \u00een jurul meu.<\/p>\n<p>Citi\u021bi articolul integral pe <strong><a href=\"https:\/\/trenduri.blogspot.com\/2026\/08\/viralizarea-cu-nabadai.html\">trenduri.blogspot.com<\/a><\/strong>!<\/p>\n<p><em><strong>surs\u0103: <a href=\"https:\/\/trenduri.blogspot.com\/2026\/08\/viralizarea-cu-nabadai.html\">trenduri.blogspot.com<\/a><\/strong><\/em><\/p>\n<\/div>\n<\/div>\n<p>[analyse_source url=&#8221;https:\/\/solidnews.ro\/dan-diaconu-gandeste-te-cat-de-mare-e-prostia-medie-apoi-vei-realiza-ca-jumatate-dintre-oameni-sunt-chiar-mai-prosti-decat-atat-viralizarea-cu-nabadai\/&#8221;]<\/p>\n","protected":false},"excerpt":{"rendered":"<p>[analyse_image type=&#8221;featured&#8221; src=&#8221;https:\/\/solidnews.ro\/wp-content\/uploads\/2026\/08\/unnamed-1.jpg&#8221;] Autor: Dan Diaconu, trenduri.blogspot.com N-a\u0219 fi vrut s\u0103 abordez subiectul. Nu m\u0103 intereseaz\u0103, nu m-a interesat niciodat\u0103 pentru c\u0103, de la un moment \u00eenainte, e\u0219ti con\u0219tient de ni\u0219te lucruri.\u00a0Cum ar fi a te hr\u0103ni vs a te furaja Moment \u00een care nu mai ai false dileme.\u00a0\u00cen condi\u021biile \u00een care oricum nu e [&hellip;]<\/p>\n","protected":false},"author":1,"featured_media":0,"comment_status":"open","ping_status":"","sticky":false,"template":"","format":"standard","meta":{"footnotes":""},"categories":[89],"tags":[226,97],"class_list":["post-2109588","post","type-post","status-publish","format-standard","hentry","category-romania","tag-crawlmanager","tag-solidnews-ro"],"_links":{"self":[{"href":"https:\/\/analyse.optim.biz\/index.php?rest_route=\/wp\/v2\/posts\/2109588","targetHints":{"allow":["GET"]}}],"collection":[{"href":"https:\/\/analyse.optim.biz\/index.php?rest_route=\/wp\/v2\/posts"}],"about":[{"href":"https:\/\/analyse.optim.biz\/index.php?rest_route=\/wp\/v2\/types\/post"}],"author":[{"embeddable":true,"href":"https:\/\/analyse.optim.biz\/index.php?rest_route=\/wp\/v2\/users\/1"}],"replies":[{"embeddable":true,"href":"https:\/\/analyse.optim.biz\/index.php?rest_route=%2Fwp%2Fv2%2Fcomments&post=2109588"}],"version-history":[{"count":0,"href":"https:\/\/analyse.optim.biz\/index.php?rest_route=\/wp\/v2\/posts\/2109588\/revisions"}],"wp:attachment":[{"href":"https:\/\/analyse.optim.biz\/index.php?rest_route=%2Fwp%2Fv2%2Fmedia&parent=2109588"}],"wp:term":[{"taxonomy":"category","embeddable":true,"href":"https:\/\/analyse.optim.biz\/index.php?rest_route=%2Fwp%2Fv2%2Fcategories&post=2109588"},{"taxonomy":"post_tag","embeddable":true,"href":"https:\/\/analyse.optim.biz\/index.php?rest_route=%2Fwp%2Fv2%2Ftags&post=2109588"}],"curies":[{"name":"wp","href":"https:\/\/api.w.org\/{rel}","templated":true}]}}