{"id":2109572,"date":"2026-08-24T10:51:47","date_gmt":"2026-08-24T07:51:47","guid":{"rendered":"https:\/\/analyse.optim.biz\/?p=2109572"},"modified":"2026-08-24T10:51:47","modified_gmt":"2026-08-24T07:51:47","slug":"trei-zile-de-voie-buna-si-distratie-la-ramnicu-sarat","status":"publish","type":"post","link":"https:\/\/analyse.optim.biz\/?p=2109572","title":{"rendered":"Trei zile de voie bun\u0103 \u0219i distra\u021bie la R\u00e2mnicu S\u0103rat"},"content":{"rendered":"<p>[analyse_image type=&#8221;featured&#8221; src=&#8221;https:\/\/blitz24.ro\/wp-content\/uploads\/2026\/08\/ziua-ramnicu-sarat-15-august-2025.jpg&#8221;]<\/p>\n<div class=\"cm-entry-summary\">\n<p><strong>R\u00e2mnicenii au petrecut timp de trei zile cu ocazia desf\u0103\u0219ur\u0103rii evenimentului ,,Zilele municipiului R\u00e2mnicu S\u0103rat,,.<\/strong><\/p>\n<p>Participan\u021bii la eveniment au avut parte de voie bun\u0103, muzic\u0103, dans \u0219i spectacole artistice.<\/p>\n<p>Pe scena amplasat\u0103 \u00een pia\u021beta din fa\u021ba prim\u0103riei au urcat at\u00e2t arti\u0219ti locali, reprezentan\u021bi ai sec\u021biilor culturale din cadrul Centrului Cultural ,,Florica Cristoforenu,, , c\u00e2t \u0219i interpre\u021bi din jude\u021b.<\/p>\n<p>Mai mult, r\u00e2mnicenii s-au putut bucura \u0219i de evenimentul Buz\u0103u International Arts Festival, eveniment dedicat artei, organizat \u00een parcul Grigore Vieru.<\/p>\n<p>Totodat\u0103, la Centrul Cultural au avut loc proiec\u021bii ale unor filme celebre pentru copii, dar \u0219i pentru adolescen\u021bi \u0219i adul\u021bi.<\/p>\n<p>CITE\u0218TE \u0218I <a href=\"https:\/\/blitz24.ro\/stiri-judetene\/actualitate-stiri-judetene\/reusita-medicala-la-spitalul-judetean-de-urgenta-buzau\/\">Reu\u0219it\u0103 medical\u0103 la Spitalul Jude\u021bean de Urgen\u021b\u0103 Buz\u0103u<\/a><\/p>\n<p>Evenimentele dedicate \u201dZilelor municipiului R\u00e2mnicu S\u0103rat\u201d au inclus pe l\u00e2ng\u0103 spectacolele de muzic\u0103 \u0219i dans, un parc de distrac\u021bii, dar \u0219i m\u00e2ncare tradi\u021bional\u0103.<\/p>\n<p>,,Zilele municipiului R\u00e2mnicu S\u0103rat,, se s\u0103rb\u0103toresc \u00een apropierea zilei de 15 august, de Sf\u00e2nta Maria Mare, Maica Domnului fiind proclamat\u0103 oficial ocrotitoarea ora\u0219ului.<\/p>\n<p>\u00a0<\/p>\n<\/div>\n<p>[analyse_source url=&#8221;https:\/\/blitz24.ro\/stiri-locale\/cultura\/trei-zile-de-voie-buna-si-distratie-la-ramnicu-sarat\/&#8221;]<\/p>\n","protected":false},"excerpt":{"rendered":"<p>[analyse_image type=&#8221;featured&#8221; src=&#8221;https:\/\/blitz24.ro\/wp-content\/uploads\/2026\/08\/ziua-ramnicu-sarat-15-august-2025.jpg&#8221;] R\u00e2mnicenii au petrecut timp de trei zile cu ocazia desf\u0103\u0219ur\u0103rii evenimentului ,,Zilele municipiului R\u00e2mnicu S\u0103rat,,. Participan\u021bii la eveniment au avut parte de voie bun\u0103, muzic\u0103, dans \u0219i spectacole artistice. Pe scena amplasat\u0103 \u00een pia\u021beta din fa\u021ba prim\u0103riei au urcat at\u00e2t arti\u0219ti locali, reprezentan\u021bi ai sec\u021biilor culturale din cadrul Centrului Cultural ,,Florica Cristoforenu,, [&hellip;]<\/p>\n","protected":false},"author":1,"featured_media":0,"comment_status":"open","ping_status":"","sticky":false,"template":"","format":"standard","meta":{"footnotes":""},"categories":[2],"tags":[42,226],"class_list":["post-2109572","post","type-post","status-publish","format-standard","hentry","category-politics","tag-blitz24-ro","tag-crawlmanager"],"_links":{"self":[{"href":"https:\/\/analyse.optim.biz\/index.php?rest_route=\/wp\/v2\/posts\/2109572","targetHints":{"allow":["GET"]}}],"collection":[{"href":"https:\/\/analyse.optim.biz\/index.php?rest_route=\/wp\/v2\/posts"}],"about":[{"href":"https:\/\/analyse.optim.biz\/index.php?rest_route=\/wp\/v2\/types\/post"}],"author":[{"embeddable":true,"href":"https:\/\/analyse.optim.biz\/index.php?rest_route=\/wp\/v2\/users\/1"}],"replies":[{"embeddable":true,"href":"https:\/\/analyse.optim.biz\/index.php?rest_route=%2Fwp%2Fv2%2Fcomments&post=2109572"}],"version-history":[{"count":0,"href":"https:\/\/analyse.optim.biz\/index.php?rest_route=\/wp\/v2\/posts\/2109572\/revisions"}],"wp:attachment":[{"href":"https:\/\/analyse.optim.biz\/index.php?rest_route=%2Fwp%2Fv2%2Fmedia&parent=2109572"}],"wp:term":[{"taxonomy":"category","embeddable":true,"href":"https:\/\/analyse.optim.biz\/index.php?rest_route=%2Fwp%2Fv2%2Fcategories&post=2109572"},{"taxonomy":"post_tag","embeddable":true,"href":"https:\/\/analyse.optim.biz\/index.php?rest_route=%2Fwp%2Fv2%2Ftags&post=2109572"}],"curies":[{"name":"wp","href":"https:\/\/api.w.org\/{rel}","templated":true}]}}