{"id":210947,"date":"2014-02-27T06:06:38","date_gmt":"2014-02-27T03:06:38","guid":{"rendered":"https:\/\/analyse.optim.biz\/?p=210947"},"modified":"2014-02-27T06:06:38","modified_gmt":"2014-02-27T03:06:38","slug":"victor-ponta-pleaca-la-roma-cu-o-aeronava-militara-premierul-ar-urma-sa-fie-primit-si-de-papa-francisc","status":"publish","type":"post","link":"https:\/\/analyse.optim.biz\/?p=210947","title":{"rendered":"Victor Ponta pleac\u0103 la Roma cu o aeronav\u0103 militar\u0103. Premierul ar urma s\u0103 fie primit \u015fi de Papa Francisc"},"content":{"rendered":"<div class=\"entry data-app-meta data-app-meta-article\" data-embed-base-url-canonical=\"https:\/\/www.digi24.ro\/embed\/stiri\/actualitate\/politica\/victor-ponta-pleaca-la-roma-cu-o-aeronava-militara-premierul-ar-urma-sa-fie-primit-si-de-papa-francisc-206680\">\n<p data-index=\"1\"><span><strong>Premierul Victor Ponta pleac\u0103 joi sear\u0103 la Roma, unde se \u00eent\u00e2lne\u015fte cu noul premier italian, Matteo Renzi. \u00cen plus, premierul ar urma s\u0103 fie primit, la Vatican, de Papa Francisc.<\/strong><\/span><\/p>\n<p data-index=\"2\"><img decoding=\"async\" src=\"https:\/\/analyse.optim.biz\/wp-content\/uploads\/2024\/09\/mczoyxnoptbmytbingzhzgvmngrlmdewzwqyotcwmgmxnddkmti4-thumb_.jpg\" data-skip-htmlfix=\"1\" title=\"mczoyxnoptbmytbingzhzgvmngrlmdewzwqyotcwmgmxnddkmti4-thumb_\"><\/p>\n<p data-index=\"3\">Victor Ponta particip\u0103 de asemenea la o reuniune a <strong>Partidului Sociali\u015ftilor Europeni<\/strong>, la care se va discuta despre nominalizarea pre\u015fedintelui <strong>Parlamentului European<\/strong>, <strong>Martin Schulz<\/strong>, pentru func\u0163ia de pre\u015fedinte al <strong>Comisiei Europene<\/strong>.<\/p>\n<p data-index=\"4\">Premierul va pleca \u00een Italia cu o aeronav\u0103 militar\u0103 <strong>Spartan<\/strong>. Reprezentan\u0163ii Guvernului sus\u0163in c\u0103 mijlocul de transport a fost ales pentru reducerea costurilor.<\/p>\n<\/div>\n<p> Source URL: https:\/\/www.digi24.ro\/stiri\/actualitate\/politica\/victor-ponta-pleaca-la-roma-cu-o-aeronava-militara-premierul-ar-urma-sa-fie-primit-si-de-papa-francisc-206680<\/p>\n","protected":false},"excerpt":{"rendered":"<p>Premierul Victor Ponta pleac\u0103 joi sear\u0103 la Roma, unde se \u00eent\u00e2lne\u015fte cu noul premier italian, Matteo Renzi. \u00cen plus, premierul ar urma s\u0103 fie primit, la Vatican, de Papa Francisc. Victor Ponta particip\u0103 de asemenea la o reuniune a Partidului Sociali\u015ftilor Europeni, la care se va discuta despre nominalizarea pre\u015fedintelui Parlamentului European, Martin Schulz, pentru [&hellip;]<\/p>\n","protected":false},"author":1,"featured_media":210948,"comment_status":"open","ping_status":"","sticky":false,"template":"","format":"standard","meta":{"footnotes":""},"categories":[2],"tags":[11],"class_list":["post-210947","post","type-post","status-publish","format-standard","has-post-thumbnail","hentry","category-politics","tag-digi24"],"_links":{"self":[{"href":"https:\/\/analyse.optim.biz\/index.php?rest_route=\/wp\/v2\/posts\/210947","targetHints":{"allow":["GET"]}}],"collection":[{"href":"https:\/\/analyse.optim.biz\/index.php?rest_route=\/wp\/v2\/posts"}],"about":[{"href":"https:\/\/analyse.optim.biz\/index.php?rest_route=\/wp\/v2\/types\/post"}],"author":[{"embeddable":true,"href":"https:\/\/analyse.optim.biz\/index.php?rest_route=\/wp\/v2\/users\/1"}],"replies":[{"embeddable":true,"href":"https:\/\/analyse.optim.biz\/index.php?rest_route=%2Fwp%2Fv2%2Fcomments&post=210947"}],"version-history":[{"count":0,"href":"https:\/\/analyse.optim.biz\/index.php?rest_route=\/wp\/v2\/posts\/210947\/revisions"}],"wp:featuredmedia":[{"embeddable":true,"href":"https:\/\/analyse.optim.biz\/index.php?rest_route=\/wp\/v2\/media\/210948"}],"wp:attachment":[{"href":"https:\/\/analyse.optim.biz\/index.php?rest_route=%2Fwp%2Fv2%2Fmedia&parent=210947"}],"wp:term":[{"taxonomy":"category","embeddable":true,"href":"https:\/\/analyse.optim.biz\/index.php?rest_route=%2Fwp%2Fv2%2Fcategories&post=210947"},{"taxonomy":"post_tag","embeddable":true,"href":"https:\/\/analyse.optim.biz\/index.php?rest_route=%2Fwp%2Fv2%2Ftags&post=210947"}],"curies":[{"name":"wp","href":"https:\/\/api.w.org\/{rel}","templated":true}]}}