{"id":2109381,"date":"2026-08-22T11:24:09","date_gmt":"2026-08-22T08:24:09","guid":{"rendered":"https:\/\/analyse.optim.biz\/?p=2109381"},"modified":"2026-08-22T11:24:09","modified_gmt":"2026-08-22T08:24:09","slug":"o-parcare-publica-moderna-cu-copertina-metalica-fotovoltaica-in-valoare-de-aproape-17-milioane-de-lei-va-fi-construita-pe-strada-mirauti-din-suceava","status":"publish","type":"post","link":"https:\/\/analyse.optim.biz\/?p=2109381","title":{"rendered":"O parcare public\u0103 modern\u0103 cu copertin\u0103 metalic\u0103 fotovoltaic\u0103 \u00een valoare de aproape 1,7 milioane de lei va fi construit\u0103 pe strada Mir\u0103u\u021bi din Suceava"},"content":{"rendered":"<p>[analyse_image type=&#8221;featured&#8221; src=&#8221;https:\/\/img.svnews.ro\/foto\/2026\/08\/22\/554979\/4ab8017e00d03d20fb6ef0e11.jpg&#8221;]<\/p>\n<div class=\"entry\"><img loading=\"lazy\" decoding=\"async\" width=\"650\" height=\"325\" src=\"https:\/\/img.svnews.ro\/foto\/2026\/08\/22\/554979\/4ab8017e00d03d20fb6ef0e1106500325.jpg\" alt><\/p>\n<div class=\"entry_content\">\n<p>Consiliul Local al municipiului Suceava va aproba \u00een \u0219edin\u021ba de vineri, 28 august, la ini\u021biativa primarului Vasile R\u00eembu, asocierea \u00eentre Prim\u0103ria Suceava \u0219i \u00a0firma Carpatis \u00een vederea realiz\u0103rii unei parc\u0103ri publice moderne cu copertin\u0103 metalic\u0103 fotovoltaic\u0103, sistem fotovoltaic cu putere instalat\u0103 de aproximativ 150 kWp, dou\u0103 sta\u021bii de re\u00eenc\u0103rcare pentru vehicule electrice, sistem de iluminat, amenaj\u0103ri exterioare \u015fi dot\u0103rile aferente, cu o valoare estimat\u0103 a investi\u021biei de 1.679.774 lei, inclusiv TVA, pe terenul \u00een suprafa\u021b\u0103 de 1.113 mp, situat pe strada Mir\u0103u\u021bilor nr. 72, aflat \u00een proprietatea Municipiului Suceava. Asocierea se \u00eencheie pe o perioad\u0103 de 10 ani, \u00eencep\u00e2nd cu data semn\u0103rii contractului de asociere, cu posibilitate de prelungire.<\/p>\n<p>Municipiul \u00a0Suceava pune la dispozi\u021bia S.C. CARPATIS S.R.L. terenul \u00een suprafa\u021b\u0103 de 1.113 mp, situat \u00een str. Mir\u0103u\u021bilor nr. 72, proprietate privat\u0103 a Municipiului Suceava, asigur\u0103 dreptul de folosin\u021b\u0103 asupra terenului pe durata contractului, acord\u0103, \u00een condi\u021biile contractului de asociere \u015fi dup\u0103 recep\u021bia lucr\u0103rilor, dreptul de folosin\u021b\u0103 asupra copertinei metalice realizate \u00een cadrul investi\u021biei, exclusiv \u00een vederea amplas\u0103rii \u015fi exploat\u0103rii sistemului fotovoltaic.<\/p>\n<p>S.C. CARPATIS S.R.L. finan\u021beaz\u0103 integral investi\u021bia, f\u0103r\u0103 contribu\u021bie financiar\u0103 din partea Municipiului Suceava, \u00a0realizeaz\u0103 lucr\u0103rile de construire a copertinei metalice, monteaz\u0103 \u015fi exploateaz\u0103 sistemul fotovoltaic, realizeaz\u0103 instala\u021biile electrice \u015fi sistemul de iluminat, realizeaz\u0103 amenaj\u0103rile exterioare, monteaz\u0103 cele dou\u0103 sta\u021bii de \u00eenc\u0103rcare pentru vehicule electrice, ob\u021bine toate avizele \u0219i autoriza\u021biile necesare \u0219i \u00a0asigur\u0103 proiectarea \u0219i consultan\u021ba aferent\u0103 investi\u021biei<\/p>\n<p>Durata de execu\u021bie a lucr\u0103rilor se stabile\u015fte prin contractul de asociere \u0219i decurge de la data pred\u0103rii amplasamentului p\u00e2n\u0103 la semnarea procesului-verbal de recep\u021bie la terminarea lucr\u0103rilor.<\/p>\n<p>La finalizarea investi\u021biei, parcarea realizat\u0103 va fi predat\u0103 gratuit municipiului Suceava pe baz\u0103 de protocol de predare-primire \u015fi va avea caracter public, put\u00e2nd fi utilizat\u0103 de c\u0103tre to\u021bi participan\u021bii la trafic, \u00een condi\u021biile stabilite prin contractul de asociere. Sistemul fotovoltaic, inclusiv panourile fotovoltaice, invertoarele \u015fi celelalte echipamente aferente, r\u0103m\u00e2n \u00een proprietatea S.C. CARPATIS S.R.L., care va avea dreptul de exploatare a energiei electrice produse, \u00een condi\u021biile legii \u0219i ale contractului de asociere.<\/p>\n<p><span class=\"hreview-aggregate\"><span class=\"item\"><span class=\"fn\">O parcare public\u0103 modern\u0103 cu copertin\u0103 metalic\u0103 fotovoltaic\u0103 \u00een valoare de aproape 1,7 milioane de lei va fi construit\u0103 pe strada Mir\u0103u\u021bi din Suceava<\/span><\/span>, <span class=\"rating\"><span class=\"average\">8.7<\/span> out of <span class=\"best\">10<\/span> based on <span class=\"votes\">7<\/span> ratings <\/span><\/span><\/div>\n<div>\n<div>VN:F [1.9.22_1171]<\/div>\n<div class=\"ratingblock \">\n<div class=\"ratingstars \">\n<div id=\"article_loader_554979\" class=\"ratingloaderarticle\">\n<div class=\"loader arrows \">\n<div class=\"loaderinner\">se actualizeaz\u0103&#8230;<\/div>\n<\/div>\n<\/div>\n<\/div>\n<div class=\"ratingtext \">\n<div id=\"gdr_text_a554979\">Rating: 8.7\/<strong>10<\/strong> (7 votes cast)<\/div>\n<\/div>\n<\/div>\n<\/div>\n<\/div>\n<div class=\"entry_content\">\n<p>Consiliul Local al municipiului Suceava va aproba \u00een \u0219edin\u021ba de vineri, 28 august, la ini\u021biativa primarului Vasile R\u00eembu, asocierea \u00eentre Prim\u0103ria Suceava \u0219i \u00a0firma Carpatis \u00een vederea realiz\u0103rii unei parc\u0103ri publice moderne cu copertin\u0103 metalic\u0103 fotovoltaic\u0103, sistem fotovoltaic cu putere instalat\u0103 de aproximativ 150 kWp, dou\u0103 sta\u021bii de re\u00eenc\u0103rcare pentru vehicule electrice, sistem de iluminat, amenaj\u0103ri exterioare \u015fi dot\u0103rile aferente, cu o valoare estimat\u0103 a investi\u021biei de 1.679.774 lei, inclusiv TVA, pe terenul \u00een suprafa\u021b\u0103 de 1.113 mp, situat pe strada Mir\u0103u\u021bilor nr. 72, aflat \u00een proprietatea Municipiului Suceava. Asocierea se \u00eencheie pe o perioad\u0103 de 10 ani, \u00eencep\u00e2nd cu data semn\u0103rii contractului de asociere, cu posibilitate de prelungire.<\/p>\n<p>Municipiul \u00a0Suceava pune la dispozi\u021bia S.C. CARPATIS S.R.L. terenul \u00een suprafa\u021b\u0103 de 1.113 mp, situat \u00een str. Mir\u0103u\u021bilor nr. 72, proprietate privat\u0103 a Municipiului Suceava, asigur\u0103 dreptul de folosin\u021b\u0103 asupra terenului pe durata contractului, acord\u0103, \u00een condi\u021biile contractului de asociere \u015fi dup\u0103 recep\u021bia lucr\u0103rilor, dreptul de folosin\u021b\u0103 asupra copertinei metalice realizate \u00een cadrul investi\u021biei, exclusiv \u00een vederea amplas\u0103rii \u015fi exploat\u0103rii sistemului fotovoltaic.<\/p>\n<p>S.C. CARPATIS S.R.L. finan\u021beaz\u0103 integral investi\u021bia, f\u0103r\u0103 contribu\u021bie financiar\u0103 din partea Municipiului Suceava, \u00a0realizeaz\u0103 lucr\u0103rile de construire a copertinei metalice, monteaz\u0103 \u015fi exploateaz\u0103 sistemul fotovoltaic, realizeaz\u0103 instala\u021biile electrice \u015fi sistemul de iluminat, realizeaz\u0103 amenaj\u0103rile exterioare, monteaz\u0103 cele dou\u0103 sta\u021bii de \u00eenc\u0103rcare pentru vehicule electrice, ob\u021bine toate avizele \u0219i autoriza\u021biile necesare \u0219i \u00a0asigur\u0103 proiectarea \u0219i consultan\u021ba aferent\u0103 investi\u021biei<\/p>\n<p>Durata de execu\u021bie a lucr\u0103rilor se stabile\u015fte prin contractul de asociere \u0219i decurge de la data pred\u0103rii amplasamentului p\u00e2n\u0103 la semnarea procesului-verbal de recep\u021bie la terminarea lucr\u0103rilor.<\/p>\n<p>La finalizarea investi\u021biei, parcarea realizat\u0103 va fi predat\u0103 gratuit municipiului Suceava pe baz\u0103 de protocol de predare-primire \u015fi va avea caracter public, put\u00e2nd fi utilizat\u0103 de c\u0103tre to\u021bi participan\u021bii la trafic, \u00een condi\u021biile stabilite prin contractul de asociere. Sistemul fotovoltaic, inclusiv panourile fotovoltaice, invertoarele \u015fi celelalte echipamente aferente, r\u0103m\u00e2n \u00een proprietatea S.C. CARPATIS S.R.L., care va avea dreptul de exploatare a energiei electrice produse, \u00een condi\u021biile legii \u0219i ale contractului de asociere.<\/p>\n<p><span class=\"hreview-aggregate\"><span class=\"item\"><span class=\"fn\">O parcare public\u0103 modern\u0103 cu copertin\u0103 metalic\u0103 fotovoltaic\u0103 \u00een valoare de aproape 1,7 milioane de lei va fi construit\u0103 pe strada Mir\u0103u\u021bi din Suceava<\/span><\/span>, <span class=\"rating\"><span class=\"average\">8.7<\/span> out of <span class=\"best\">10<\/span> based on <span class=\"votes\">7<\/span> ratings <\/span><\/span><\/div>\n<p>[analyse_source url=&#8221;https:\/\/www.svnews.ro\/o-parcare-publica-moderna-cu-copertina-metalica-fotovoltaica-in-valoare-de-aproape-17-milioane-de-lei-va-fi-construita-pe-strada-mirauti-din-suceava\/554979\/&#8221;]<\/p>\n","protected":false},"excerpt":{"rendered":"<p>[analyse_image type=&#8221;featured&#8221; src=&#8221;https:\/\/img.svnews.ro\/foto\/2026\/08\/22\/554979\/4ab8017e00d03d20fb6ef0e11.jpg&#8221;] Consiliul Local al municipiului Suceava va aproba \u00een \u0219edin\u021ba de vineri, 28 august, la ini\u021biativa primarului Vasile R\u00eembu, asocierea \u00eentre Prim\u0103ria Suceava \u0219i \u00a0firma Carpatis \u00een vederea realiz\u0103rii unei parc\u0103ri publice moderne cu copertin\u0103 metalic\u0103 fotovoltaic\u0103, sistem fotovoltaic cu putere instalat\u0103 de aproximativ 150 kWp, dou\u0103 sta\u021bii de re\u00eenc\u0103rcare pentru vehicule electrice, [&hellip;]<\/p>\n","protected":false},"author":1,"featured_media":0,"comment_status":"open","ping_status":"","sticky":false,"template":"","format":"standard","meta":{"footnotes":""},"categories":[89],"tags":[226,175],"class_list":["post-2109381","post","type-post","status-publish","format-standard","hentry","category-romania","tag-crawlmanager","tag-svnews-ro"],"_links":{"self":[{"href":"https:\/\/analyse.optim.biz\/index.php?rest_route=\/wp\/v2\/posts\/2109381","targetHints":{"allow":["GET"]}}],"collection":[{"href":"https:\/\/analyse.optim.biz\/index.php?rest_route=\/wp\/v2\/posts"}],"about":[{"href":"https:\/\/analyse.optim.biz\/index.php?rest_route=\/wp\/v2\/types\/post"}],"author":[{"embeddable":true,"href":"https:\/\/analyse.optim.biz\/index.php?rest_route=\/wp\/v2\/users\/1"}],"replies":[{"embeddable":true,"href":"https:\/\/analyse.optim.biz\/index.php?rest_route=%2Fwp%2Fv2%2Fcomments&post=2109381"}],"version-history":[{"count":0,"href":"https:\/\/analyse.optim.biz\/index.php?rest_route=\/wp\/v2\/posts\/2109381\/revisions"}],"wp:attachment":[{"href":"https:\/\/analyse.optim.biz\/index.php?rest_route=%2Fwp%2Fv2%2Fmedia&parent=2109381"}],"wp:term":[{"taxonomy":"category","embeddable":true,"href":"https:\/\/analyse.optim.biz\/index.php?rest_route=%2Fwp%2Fv2%2Fcategories&post=2109381"},{"taxonomy":"post_tag","embeddable":true,"href":"https:\/\/analyse.optim.biz\/index.php?rest_route=%2Fwp%2Fv2%2Ftags&post=2109381"}],"curies":[{"name":"wp","href":"https:\/\/api.w.org\/{rel}","templated":true}]}}