{"id":2109377,"date":"2026-08-22T10:30:36","date_gmt":"2026-08-22T07:30:36","guid":{"rendered":"https:\/\/analyse.optim.biz\/?p=2109377"},"modified":"2026-08-22T10:30:36","modified_gmt":"2026-08-22T07:30:36","slug":"un-preot-un-actor-si-un-caricaturist-cetateni-de-onoare-ai-municipiului-falticeni-distinctiile-le-au-fost-inmanate-de-primarul-catalin-coman-la-gala-festivalului-birlic","status":"publish","type":"post","link":"https:\/\/analyse.optim.biz\/?p=2109377","title":{"rendered":"Un preot, un actor \u0219i un caricaturist \u201dCet\u0103\u021beni de Onoare\u201d ai municipiului F\u0103lticeni. Distinc\u021biile le-au fost \u00eenm\u00e2nate de primarul C\u0103t\u0103lin Coman la Gala Festivalului \u201dBirlic\u201d (foto)"},"content":{"rendered":"<p>[analyse_image type=&#8221;featured&#8221; src=&#8221;https:\/\/img.svnews.ro\/foto\/2026\/08\/22\/554961\/d1ea53addd05b70669fa20d2f.jpg&#8221;]<\/p>\n<div class=\"entry\"><img loading=\"lazy\" decoding=\"async\" width=\"650\" height=\"325\" src=\"https:\/\/img.svnews.ro\/foto\/2026\/08\/22\/554961\/d1ea53addd05b70669fa20d2f06500325.jpg\" alt><\/p>\n<div class=\"entry_content\">\n<p>Un actor, un preot \u0219i un caricaturist au devenit \u201dCet\u0103\u021beni de Onoare\u201d ai municipiului F\u0103lticeni. Este vorba de preotul Vasile-Liviu Mih\u0103il\u0103, actorul Gavril P\u0103tru \u0219i caricaturistul Mihai P\u00e2nzaru-PIM. Cei trei au primit distinc\u021biile de la primarul Gheorghe C\u0103t\u0103lin Coman \u00een cadrul Galei Festivalului Interna\u021bional de Teatru pentru Tineret \u201eGrigore Vasiliu Birlic\u201d.<\/p>\n<p>Pentru p\u0103rintele Mih\u0103il\u0103 aceast\u0103 distinc\u021bie reprezint\u0103 o recunoa\u0219tere a d\u0103ruirii, a implic\u0103rii \u0219i a contribu\u021biei sale la via\u021ba spiritual\u0103, cultural\u0103 \u0219i comunitar\u0103 a ora\u0219ului. Prin credin\u021b\u0103, prin cuv\u00e2nt \u0219i prin faptele sale, P\u0103rintele Mih\u0103il\u0103 a fost aproape de oameni, de tineri \u0219i de \u00eentreaga comunitate f\u0103lticenean\u0103.<\/p>\n<p>Actorul Gavril P\u0103tru, originar din Bal\u0219, jude\u021bul Olt, a devenit de-a lungul anilor o prezen\u021b\u0103 emblematic\u0103 a Festivalului Interna\u021bional de Teatru pentru Tineret \u201eGrigore Vasiliu Birlic\u201d, fiind, \u00een repetate edi\u021bii, pre\u0219edintele juriului.Prin experien\u021ba \u0219i exigen\u021ba sa artistic\u0103, dar \u0219i prin apropierea de tinerii actori, Gavril P\u0103tru a avut un rol important \u00een dezvoltarea \u0219i consolidarea festivalului, contribuind la descoperirea \u0219i \u00eencurajarea noilor talente. Actor al Teatrului Na\u021bional \u201eI.L. Caragiale\u201d din Bucure\u0219ti, dar \u0219i dramaturg \u0219i regizor, Gavril P\u0103tru a adus la F\u0103lticeni nu doar prestigiul unei cariere artistice remarcabile, ci \u0219i pasiunea pentru teatru, pentru oameni \u0219i pentru genera\u021biile care vin din urm\u0103.<\/p>\n<p>Mihai P\u00e2nzaru PIM este unul dintre arti\u0219tii care reu\u0219esc s\u0103 transforme locul \u00een care tr\u0103iesc \u00eentr-o parte din propria lor oper\u0103, iar la GALA FITT BIRLIC 2026 F\u0103lticeniul i-a recunoscut \u00eentreaga contribu\u021bie la via\u021ba cultural\u0103 a comunit\u0103\u021bii. Maestrul PIM este un nume binecunoscut \u00een lumea artelor vizuale \u0219i a caricaturii rom\u00e2ne\u0219ti. Prin talent, originalitate \u0219i un remarcabil sim\u021b al observa\u021biei, a transformat desenul \u00eentr-un limbaj prin care a surprins, cu inteligen\u021b\u0103 \u0219i umor, oameni, \u00eent\u00e2mpl\u0103ri \u0219i realit\u0103\u021bi ale societ\u0103\u021bii contemporane. Pentru F\u0103lticeni, Mihai P\u00e2nzaru PIM \u00eenseamn\u0103 \u00eens\u0103 mai mult dec\u00e2t un artist de prestigiu. \u00censeamn\u0103 un creator profund legat de comunitate, de tradi\u021bia cultural\u0103 a ora\u0219ului \u0219i de spiritul f\u0103lticenean, un om care a contribuit la promovarea numelui F\u0103lticeniului \u00een lumea artelor. De-a lungul unei cariere remarcabile, lucr\u0103rile sale au ajuns \u00een numeroase expozi\u021bii \u0219i colec\u021bii, iar crea\u021bia sa a adus recunoa\u0219tere nu doar artistului, ci \u0219i ora\u0219ului pe care l-a reprezentat cu discre\u021bie \u0219i demnitate.<\/p>\n<p>Fotografii oficiale semnate de Codrin Anton.<\/p>\n<p><img loading=\"lazy\" decoding=\"async\" class=\"alignnone size-medium wp-image-554962\" src=\"https:\/\/img.svnews.ro\/foto\/2026\/08\/22\/554961\/d1ea53addd05b70669fa20d2f06500433.jpg\" alt width=\"650\" height=\"433\"><\/p>\n<p><img loading=\"lazy\" decoding=\"async\" class=\"alignnone size-medium wp-image-554963\" src=\"https:\/\/img.svnews.ro\/foto\/2026\/08\/22\/554961\/a9e389bad190511c56ac0231806500975.jpg\" alt width=\"650\" height=\"975\"><\/p>\n<p><img decoding=\"async\" loading=\"lazy\" class=\"alignnone size-medium wp-image-554964\" src=\"https:\/\/img.svnews.ro\/foto\/2026\/08\/22\/554961\/121ddf81cc8c6124bd010a4be06500975.jpg\" alt width=\"650\" height=\"975\"><\/p>\n<p><img decoding=\"async\" loading=\"lazy\" class=\"alignnone size-medium wp-image-554965\" src=\"https:\/\/img.svnews.ro\/foto\/2026\/08\/22\/554961\/c8733ba62e6b2e79fe24f4b7706500975.jpg\" alt width=\"650\" height=\"975\"><\/p>\n<p><img decoding=\"async\" loading=\"lazy\" class=\"alignnone size-medium wp-image-554966\" src=\"https:\/\/img.svnews.ro\/foto\/2026\/08\/22\/554961\/802f9814e810c19f1ab22e67b06500433.jpg\" alt width=\"650\" height=\"433\"><\/p>\n<p><img decoding=\"async\" loading=\"lazy\" class=\"alignnone size-medium wp-image-554967\" src=\"https:\/\/img.svnews.ro\/foto\/2026\/08\/22\/554961\/b5871d0430953be5d3a38d88306500975.jpg\" alt width=\"650\" height=\"975\"><\/p>\n<p><img decoding=\"async\" loading=\"lazy\" class=\"alignnone size-medium wp-image-554968\" src=\"https:\/\/img.svnews.ro\/foto\/2026\/08\/22\/554961\/aa88c21b0c08cfcde56f3818406500433.jpg\" alt width=\"650\" height=\"433\"><\/p>\n<p><img decoding=\"async\" loading=\"lazy\" class=\"alignnone size-medium wp-image-554970\" src=\"https:\/\/img.svnews.ro\/foto\/2026\/08\/22\/554961\/00e0d3c4061d39ff3a49d0ac806500975.jpg\" alt width=\"650\" height=\"975\"><\/p>\n<p><img decoding=\"async\" loading=\"lazy\" class=\"alignnone size-medium wp-image-554971\" src=\"https:\/\/img.svnews.ro\/foto\/2026\/08\/22\/554961\/bc1e72f1379dd6a6cf56f423b06500433.jpg\" alt width=\"650\" height=\"433\"><\/p>\n<\/div>\n<div>\n<div>VN:F [1.9.22_1171]<\/div>\n<div class=\"ratingblock \">\n<div class=\"ratingstars \">\n<div id=\"article_loader_554961\" class=\"ratingloaderarticle\">\n<div class=\"loader arrows \">\n<div class=\"loaderinner\">se actualizeaz\u0103&#8230;<\/div>\n<\/div>\n<\/div>\n<\/div>\n<div class=\"ratingtext \">\n<div id=\"gdr_text_a554961\">Rating: 0.0\/<strong>10<\/strong> (0 votes cast)<\/div>\n<\/div>\n<\/div>\n<\/div>\n<\/div>\n<div class=\"entry_content\">\n<p>Un actor, un preot \u0219i un caricaturist au devenit \u201dCet\u0103\u021beni de Onoare\u201d ai municipiului F\u0103lticeni. Este vorba de preotul Vasile-Liviu Mih\u0103il\u0103, actorul Gavril P\u0103tru \u0219i caricaturistul Mihai P\u00e2nzaru-PIM. Cei trei au primit distinc\u021biile de la primarul Gheorghe C\u0103t\u0103lin Coman \u00een cadrul Galei Festivalului Interna\u021bional de Teatru pentru Tineret \u201eGrigore Vasiliu Birlic\u201d.<\/p>\n<p>Pentru p\u0103rintele Mih\u0103il\u0103 aceast\u0103 distinc\u021bie reprezint\u0103 o recunoa\u0219tere a d\u0103ruirii, a implic\u0103rii \u0219i a contribu\u021biei sale la via\u021ba spiritual\u0103, cultural\u0103 \u0219i comunitar\u0103 a ora\u0219ului. Prin credin\u021b\u0103, prin cuv\u00e2nt \u0219i prin faptele sale, P\u0103rintele Mih\u0103il\u0103 a fost aproape de oameni, de tineri \u0219i de \u00eentreaga comunitate f\u0103lticenean\u0103.<\/p>\n<p>Actorul Gavril P\u0103tru, originar din Bal\u0219, jude\u021bul Olt, a devenit de-a lungul anilor o prezen\u021b\u0103 emblematic\u0103 a Festivalului Interna\u021bional de Teatru pentru Tineret \u201eGrigore Vasiliu Birlic\u201d, fiind, \u00een repetate edi\u021bii, pre\u0219edintele juriului.Prin experien\u021ba \u0219i exigen\u021ba sa artistic\u0103, dar \u0219i prin apropierea de tinerii actori, Gavril P\u0103tru a avut un rol important \u00een dezvoltarea \u0219i consolidarea festivalului, contribuind la descoperirea \u0219i \u00eencurajarea noilor talente. Actor al Teatrului Na\u021bional \u201eI.L. Caragiale\u201d din Bucure\u0219ti, dar \u0219i dramaturg \u0219i regizor, Gavril P\u0103tru a adus la F\u0103lticeni nu doar prestigiul unei cariere artistice remarcabile, ci \u0219i pasiunea pentru teatru, pentru oameni \u0219i pentru genera\u021biile care vin din urm\u0103.<\/p>\n<p>Mihai P\u00e2nzaru PIM este unul dintre arti\u0219tii care reu\u0219esc s\u0103 transforme locul \u00een care tr\u0103iesc \u00eentr-o parte din propria lor oper\u0103, iar la GALA FITT BIRLIC 2026 F\u0103lticeniul i-a recunoscut \u00eentreaga contribu\u021bie la via\u021ba cultural\u0103 a comunit\u0103\u021bii. Maestrul PIM este un nume binecunoscut \u00een lumea artelor vizuale \u0219i a caricaturii rom\u00e2ne\u0219ti. Prin talent, originalitate \u0219i un remarcabil sim\u021b al observa\u021biei, a transformat desenul \u00eentr-un limbaj prin care a surprins, cu inteligen\u021b\u0103 \u0219i umor, oameni, \u00eent\u00e2mpl\u0103ri \u0219i realit\u0103\u021bi ale societ\u0103\u021bii contemporane. Pentru F\u0103lticeni, Mihai P\u00e2nzaru PIM \u00eenseamn\u0103 \u00eens\u0103 mai mult dec\u00e2t un artist de prestigiu. \u00censeamn\u0103 un creator profund legat de comunitate, de tradi\u021bia cultural\u0103 a ora\u0219ului \u0219i de spiritul f\u0103lticenean, un om care a contribuit la promovarea numelui F\u0103lticeniului \u00een lumea artelor. De-a lungul unei cariere remarcabile, lucr\u0103rile sale au ajuns \u00een numeroase expozi\u021bii \u0219i colec\u021bii, iar crea\u021bia sa a adus recunoa\u0219tere nu doar artistului, ci \u0219i ora\u0219ului pe care l-a reprezentat cu discre\u021bie \u0219i demnitate.<\/p>\n<p>Fotografii oficiale semnate de Codrin Anton.<\/p>\n<p><img loading=\"lazy\" decoding=\"async\" class=\"alignnone size-medium wp-image-554962\" src=\"https:\/\/img.svnews.ro\/foto\/2026\/08\/22\/554961\/d1ea53addd05b70669fa20d2f06500433.jpg\" alt width=\"650\" height=\"433\"><\/p>\n<p><img loading=\"lazy\" decoding=\"async\" class=\"alignnone size-medium wp-image-554963\" src=\"https:\/\/img.svnews.ro\/foto\/2026\/08\/22\/554961\/a9e389bad190511c56ac0231806500975.jpg\" alt width=\"650\" height=\"975\"><\/p>\n<p><img decoding=\"async\" loading=\"lazy\" class=\"alignnone size-medium wp-image-554964\" src=\"https:\/\/img.svnews.ro\/foto\/2026\/08\/22\/554961\/121ddf81cc8c6124bd010a4be06500975.jpg\" alt width=\"650\" height=\"975\"><\/p>\n<p><img decoding=\"async\" loading=\"lazy\" class=\"alignnone size-medium wp-image-554965\" src=\"https:\/\/img.svnews.ro\/foto\/2026\/08\/22\/554961\/c8733ba62e6b2e79fe24f4b7706500975.jpg\" alt width=\"650\" height=\"975\"><\/p>\n<p><img decoding=\"async\" loading=\"lazy\" class=\"alignnone size-medium wp-image-554966\" src=\"https:\/\/img.svnews.ro\/foto\/2026\/08\/22\/554961\/802f9814e810c19f1ab22e67b06500433.jpg\" alt width=\"650\" height=\"433\"><\/p>\n<p><img decoding=\"async\" loading=\"lazy\" class=\"alignnone size-medium wp-image-554967\" src=\"https:\/\/img.svnews.ro\/foto\/2026\/08\/22\/554961\/b5871d0430953be5d3a38d88306500975.jpg\" alt width=\"650\" height=\"975\"><\/p>\n<p><img decoding=\"async\" loading=\"lazy\" class=\"alignnone size-medium wp-image-554968\" src=\"https:\/\/img.svnews.ro\/foto\/2026\/08\/22\/554961\/aa88c21b0c08cfcde56f3818406500433.jpg\" alt width=\"650\" height=\"433\"><\/p>\n<p><img decoding=\"async\" loading=\"lazy\" class=\"alignnone size-medium wp-image-554970\" src=\"https:\/\/img.svnews.ro\/foto\/2026\/08\/22\/554961\/00e0d3c4061d39ff3a49d0ac806500975.jpg\" alt width=\"650\" height=\"975\"><\/p>\n<p><img decoding=\"async\" loading=\"lazy\" class=\"alignnone size-medium wp-image-554971\" src=\"https:\/\/img.svnews.ro\/foto\/2026\/08\/22\/554961\/bc1e72f1379dd6a6cf56f423b06500433.jpg\" alt width=\"650\" height=\"433\"><\/p>\n<\/div>\n<p>[analyse_source url=&#8221;https:\/\/www.svnews.ro\/un-preot-un-actor-si-un-caricaturist-cetateni-de-onoare-ai-municipiului-falticeni-distinctiile-le-au-fost-inmanate-de-primarul-catalin-coman-la-gala-festivalului-birlic\/554961\/&#8221;]<\/p>\n","protected":false},"excerpt":{"rendered":"<p>[analyse_image type=&#8221;featured&#8221; src=&#8221;https:\/\/img.svnews.ro\/foto\/2026\/08\/22\/554961\/d1ea53addd05b70669fa20d2f.jpg&#8221;] Un actor, un preot \u0219i un caricaturist au devenit \u201dCet\u0103\u021beni de Onoare\u201d ai municipiului F\u0103lticeni. Este vorba de preotul Vasile-Liviu Mih\u0103il\u0103, actorul Gavril P\u0103tru \u0219i caricaturistul Mihai P\u00e2nzaru-PIM. Cei trei au primit distinc\u021biile de la primarul Gheorghe C\u0103t\u0103lin Coman \u00een cadrul Galei Festivalului Interna\u021bional de Teatru pentru Tineret \u201eGrigore Vasiliu Birlic\u201d. Pentru [&hellip;]<\/p>\n","protected":false},"author":1,"featured_media":0,"comment_status":"open","ping_status":"","sticky":false,"template":"","format":"standard","meta":{"footnotes":""},"categories":[89],"tags":[226,175],"class_list":["post-2109377","post","type-post","status-publish","format-standard","hentry","category-romania","tag-crawlmanager","tag-svnews-ro"],"_links":{"self":[{"href":"https:\/\/analyse.optim.biz\/index.php?rest_route=\/wp\/v2\/posts\/2109377","targetHints":{"allow":["GET"]}}],"collection":[{"href":"https:\/\/analyse.optim.biz\/index.php?rest_route=\/wp\/v2\/posts"}],"about":[{"href":"https:\/\/analyse.optim.biz\/index.php?rest_route=\/wp\/v2\/types\/post"}],"author":[{"embeddable":true,"href":"https:\/\/analyse.optim.biz\/index.php?rest_route=\/wp\/v2\/users\/1"}],"replies":[{"embeddable":true,"href":"https:\/\/analyse.optim.biz\/index.php?rest_route=%2Fwp%2Fv2%2Fcomments&post=2109377"}],"version-history":[{"count":0,"href":"https:\/\/analyse.optim.biz\/index.php?rest_route=\/wp\/v2\/posts\/2109377\/revisions"}],"wp:attachment":[{"href":"https:\/\/analyse.optim.biz\/index.php?rest_route=%2Fwp%2Fv2%2Fmedia&parent=2109377"}],"wp:term":[{"taxonomy":"category","embeddable":true,"href":"https:\/\/analyse.optim.biz\/index.php?rest_route=%2Fwp%2Fv2%2Fcategories&post=2109377"},{"taxonomy":"post_tag","embeddable":true,"href":"https:\/\/analyse.optim.biz\/index.php?rest_route=%2Fwp%2Fv2%2Ftags&post=2109377"}],"curies":[{"name":"wp","href":"https:\/\/api.w.org\/{rel}","templated":true}]}}