{"id":2109370,"date":"2026-08-21T17:25:50","date_gmt":"2026-08-21T14:25:50","guid":{"rendered":"https:\/\/analyse.optim.biz\/?p=2109370"},"modified":"2026-08-21T17:25:50","modified_gmt":"2026-08-21T14:25:50","slug":"primaria-suceava-amenajeaza-o-piateta-in-zona-bancii-comerciale-romane-ca-loc-de-relaxare-si-confort-pentru-locuitori","status":"publish","type":"post","link":"https:\/\/analyse.optim.biz\/?p=2109370","title":{"rendered":"Prim\u0103ria Suceava amenajeaz\u0103 o pia\u021bet\u0103 \u00een zona B\u0103ncii Comerciale Rom\u00e2ne ca loc de relaxare \u015fi confort pentru locuitori"},"content":{"rendered":"<p>[analyse_image type=&#8221;featured&#8221; src=&#8221;https:\/\/img.svnews.ro\/foto\/2026\/08\/21\/554918\/abbce16a74c19e08fe79a1579.jpg&#8221;]<\/p>\n<div class=\"entry\"><img loading=\"lazy\" decoding=\"async\" width=\"650\" height=\"325\" src=\"https:\/\/img.svnews.ro\/foto\/2026\/08\/21\/554918\/abbce16a74c19e08fe79a157906500325.jpg\" alt><\/p>\n<div class=\"entry_content\">\n<p>Prim\u0103ria municipiului Suceava va amenaja o pia\u021bet\u0103 \u00een zona B\u0103ncii Comerciale Rom\u00e2ne. Pentru realizarea acestui obiectiv de investi\u021bii Consiliul Local va aproba \u00een \u0219edin\u021ba din data de 28 august scoaterea din registrul spatiilor verzi a unei suprafe\u021be de 124 mp teren care va fi declarat de utilitate public\u0103 de interes local. Proiectul de hot\u0103r\u00e2re este ini\u021biat de primarul Vasile R\u00eembu \u0219i viceprimarul Dan Ioan Cu\u0219nir. \u00a0\u201d\u00cen conformitate cu prevederile Legii nr. 24 din 2007 privind reglementarea \u015fi administrarea spa\u021biilor verzi din intravilanul localit\u0103\u021bilor, republicat\u0103, cu modific\u0103rile \u015fi complet\u0103rile ulterioare este necesar\u0103 scoaterea unei suprafe\u021be de 124 mp din registrul spa\u021biilor verzi, deoarece suprafa\u021ba respectiv\u0103 va fi utlizat\u0103 pentru realizarea unui viitor obiectiv de investi\u021bii \u201dAmenajare pia\u021bet\u0103 zona Banca Comercial\u0103 \u201e. Men\u0163ion\u0103m c\u0103 suprafa\u021ba propus\u0103 pentru scoatere din registrul spa\u021biilor verzi 124 mp este situat\u0103 \u00een zona central\u0103, \u00eentr-un perimetru arondat pe strada Ana Ip\u0103tescu, de form\u0103 aproximativ triunghiular\u0103, \u00eencadrat\u0103 de Muzeul de Istorie, Banca Comercial\u0103 \u015fi\u00a0 Hotelul Bucovina, \u00eentre strada \u015etefan cel Mare \u015fi strada Ana Ip\u0103tescu. Aria total\u0103 a terenului este de 1650 mp, ca \u015fi regim juridic este proprietatea municipiului Suceava, domeniul privat \u015fi este \u00eencadrat ca \u015fi regim economic cu folosin\u021ba actual\u0103 ca \u015fi parc. Acest teren va fi destinat\u0103 amenaj\u0103rii unei pia\u021bete pietonale. Aceast\u0103 loca\u021bie, situat\u0103 \u00eentr-o zon\u0103 reprezentativ\u0103 a municipiului, nu se mai \u00eencadreaz\u0103 urbanistic \u00een ansamblul general, \u015fi se preteaz\u0103 foarte bine pentru amenajarea unei pia\u021bete (parc) pietonal\u0103. Destina\u021bia principal\u0103 este \u00eembun\u0103t\u0103\u021birea aspectului urbanistic \u015fi peisagistic al zonei \u015fi crearea unui loc de relaxare \u015fi confort pentru locuitorii Sucevei. Dot\u0103rile necesare \u00een acest spa\u021biu trebuie s\u0103 fie elemente arhitectural-func\u021bionale adiacente unei zone pietonale circulat\u0103 dar \u00een acela\u015fi timp trebuie s\u0103 asigure o ambientare adecvat\u0103 a zonei cu elemente func\u021bionale \u0219i estetice necesare relax\u0103rii \u015fi petrecerii timpului liber \u00een condi\u021bii confortabile \u015fi lini\u015ftite. Aceast\u0103 structura va optimiza utilizarea terenului disponibil din municipiu prin amenajarea de noi pia\u021bete, spa\u021bii verzi, parcuri etc., at\u00e2t de necesare \u00een ora\u015fele aglomerate\u201d, au explicat ini\u021biatorii.<\/p>\n<p><span class=\"hreview-aggregate\"><span class=\"item\"><span class=\"fn\">Prim\u0103ria Suceava amenajeaz\u0103 o pia\u021bet\u0103 \u00een zona B\u0103ncii Comerciale Rom\u00e2ne ca loc de relaxare \u015fi confort pentru locuitori<\/span><\/span>, <span class=\"rating\"><span class=\"average\">8.2<\/span> out of <span class=\"best\">10<\/span> based on <span class=\"votes\">5<\/span> ratings <\/span><\/span><\/div>\n<div>\n<div>VN:F [1.9.22_1171]<\/div>\n<div class=\"ratingblock \">\n<div class=\"ratingstars \">\n<div id=\"article_loader_554918\" class=\"ratingloaderarticle\">\n<div class=\"loader arrows \">\n<div class=\"loaderinner\">se actualizeaz\u0103&#8230;<\/div>\n<\/div>\n<\/div>\n<\/div>\n<div class=\"ratingtext \">\n<div id=\"gdr_text_a554918\">Rating: 8.2\/<strong>10<\/strong> (5 votes cast)<\/div>\n<\/div>\n<\/div>\n<\/div>\n<\/div>\n<div class=\"entry_content\">\n<p>Prim\u0103ria municipiului Suceava va amenaja o pia\u021bet\u0103 \u00een zona B\u0103ncii Comerciale Rom\u00e2ne. Pentru realizarea acestui obiectiv de investi\u021bii Consiliul Local va aproba \u00een \u0219edin\u021ba din data de 28 august scoaterea din registrul spatiilor verzi a unei suprafe\u021be de 124 mp teren care va fi declarat de utilitate public\u0103 de interes local. Proiectul de hot\u0103r\u00e2re este ini\u021biat de primarul Vasile R\u00eembu \u0219i viceprimarul Dan Ioan Cu\u0219nir. \u00a0\u201d\u00cen conformitate cu prevederile Legii nr. 24 din 2007 privind reglementarea \u015fi administrarea spa\u021biilor verzi din intravilanul localit\u0103\u021bilor, republicat\u0103, cu modific\u0103rile \u015fi complet\u0103rile ulterioare este necesar\u0103 scoaterea unei suprafe\u021be de 124 mp din registrul spa\u021biilor verzi, deoarece suprafa\u021ba respectiv\u0103 va fi utlizat\u0103 pentru realizarea unui viitor obiectiv de investi\u021bii \u201dAmenajare pia\u021bet\u0103 zona Banca Comercial\u0103 \u201e. Men\u0163ion\u0103m c\u0103 suprafa\u021ba propus\u0103 pentru scoatere din registrul spa\u021biilor verzi 124 mp este situat\u0103 \u00een zona central\u0103, \u00eentr-un perimetru arondat pe strada Ana Ip\u0103tescu, de form\u0103 aproximativ triunghiular\u0103, \u00eencadrat\u0103 de Muzeul de Istorie, Banca Comercial\u0103 \u015fi\u00a0 Hotelul Bucovina, \u00eentre strada \u015etefan cel Mare \u015fi strada Ana Ip\u0103tescu. Aria total\u0103 a terenului este de 1650 mp, ca \u015fi regim juridic este proprietatea municipiului Suceava, domeniul privat \u015fi este \u00eencadrat ca \u015fi regim economic cu folosin\u021ba actual\u0103 ca \u015fi parc. Acest teren va fi destinat\u0103 amenaj\u0103rii unei pia\u021bete pietonale. Aceast\u0103 loca\u021bie, situat\u0103 \u00eentr-o zon\u0103 reprezentativ\u0103 a municipiului, nu se mai \u00eencadreaz\u0103 urbanistic \u00een ansamblul general, \u015fi se preteaz\u0103 foarte bine pentru amenajarea unei pia\u021bete (parc) pietonal\u0103. Destina\u021bia principal\u0103 este \u00eembun\u0103t\u0103\u021birea aspectului urbanistic \u015fi peisagistic al zonei \u015fi crearea unui loc de relaxare \u015fi confort pentru locuitorii Sucevei. Dot\u0103rile necesare \u00een acest spa\u021biu trebuie s\u0103 fie elemente arhitectural-func\u021bionale adiacente unei zone pietonale circulat\u0103 dar \u00een acela\u015fi timp trebuie s\u0103 asigure o ambientare adecvat\u0103 a zonei cu elemente func\u021bionale \u0219i estetice necesare relax\u0103rii \u015fi petrecerii timpului liber \u00een condi\u021bii confortabile \u015fi lini\u015ftite. Aceast\u0103 structura va optimiza utilizarea terenului disponibil din municipiu prin amenajarea de noi pia\u021bete, spa\u021bii verzi, parcuri etc., at\u00e2t de necesare \u00een ora\u015fele aglomerate\u201d, au explicat ini\u021biatorii.<\/p>\n<p><span class=\"hreview-aggregate\"><span class=\"item\"><span class=\"fn\">Prim\u0103ria Suceava amenajeaz\u0103 o pia\u021bet\u0103 \u00een zona B\u0103ncii Comerciale Rom\u00e2ne ca loc de relaxare \u015fi confort pentru locuitori<\/span><\/span>, <span class=\"rating\"><span class=\"average\">8.2<\/span> out of <span class=\"best\">10<\/span> based on <span class=\"votes\">5<\/span> ratings <\/span><\/span><\/div>\n<p>[analyse_source url=&#8221;https:\/\/www.svnews.ro\/primaria-suceava-amenajeaza-o-piateta-in-zona-bancii-comerciale-romane-ca-loc-de-relaxare-si-confort-pentru-locuitori\/554918\/&#8221;]<\/p>\n","protected":false},"excerpt":{"rendered":"<p>[analyse_image type=&#8221;featured&#8221; src=&#8221;https:\/\/img.svnews.ro\/foto\/2026\/08\/21\/554918\/abbce16a74c19e08fe79a1579.jpg&#8221;] Prim\u0103ria municipiului Suceava va amenaja o pia\u021bet\u0103 \u00een zona B\u0103ncii Comerciale Rom\u00e2ne. Pentru realizarea acestui obiectiv de investi\u021bii Consiliul Local va aproba \u00een \u0219edin\u021ba din data de 28 august scoaterea din registrul spatiilor verzi a unei suprafe\u021be de 124 mp teren care va fi declarat de utilitate public\u0103 de interes local. Proiectul [&hellip;]<\/p>\n","protected":false},"author":1,"featured_media":0,"comment_status":"open","ping_status":"","sticky":false,"template":"","format":"standard","meta":{"footnotes":""},"categories":[89],"tags":[226,175],"class_list":["post-2109370","post","type-post","status-publish","format-standard","hentry","category-romania","tag-crawlmanager","tag-svnews-ro"],"_links":{"self":[{"href":"https:\/\/analyse.optim.biz\/index.php?rest_route=\/wp\/v2\/posts\/2109370","targetHints":{"allow":["GET"]}}],"collection":[{"href":"https:\/\/analyse.optim.biz\/index.php?rest_route=\/wp\/v2\/posts"}],"about":[{"href":"https:\/\/analyse.optim.biz\/index.php?rest_route=\/wp\/v2\/types\/post"}],"author":[{"embeddable":true,"href":"https:\/\/analyse.optim.biz\/index.php?rest_route=\/wp\/v2\/users\/1"}],"replies":[{"embeddable":true,"href":"https:\/\/analyse.optim.biz\/index.php?rest_route=%2Fwp%2Fv2%2Fcomments&post=2109370"}],"version-history":[{"count":0,"href":"https:\/\/analyse.optim.biz\/index.php?rest_route=\/wp\/v2\/posts\/2109370\/revisions"}],"wp:attachment":[{"href":"https:\/\/analyse.optim.biz\/index.php?rest_route=%2Fwp%2Fv2%2Fmedia&parent=2109370"}],"wp:term":[{"taxonomy":"category","embeddable":true,"href":"https:\/\/analyse.optim.biz\/index.php?rest_route=%2Fwp%2Fv2%2Fcategories&post=2109370"},{"taxonomy":"post_tag","embeddable":true,"href":"https:\/\/analyse.optim.biz\/index.php?rest_route=%2Fwp%2Fv2%2Ftags&post=2109370"}],"curies":[{"name":"wp","href":"https:\/\/api.w.org\/{rel}","templated":true}]}}