{"id":2109367,"date":"2026-08-21T14:13:31","date_gmt":"2026-08-21T11:13:31","guid":{"rendered":"https:\/\/analyse.optim.biz\/?p=2109367"},"modified":"2026-08-21T14:13:31","modified_gmt":"2026-08-21T11:13:31","slug":"cetatenii-sucevei-consultati-cu-privire-la-cum-si-ar-dori-sa-arate-centrul-municipiului-primaria-pregateste-spre-finantare-proiectul-amenajare-spatii-verzi-pe-esplanada-casei-de-cultura-si-d","status":"publish","type":"post","link":"https:\/\/analyse.optim.biz\/?p=2109367","title":{"rendered":"Cet\u0103\u021benii Sucevei consulta\u021bi cu privire la cum \u0219i-ar dori s\u0103 arate centrul municipiului. Prim\u0103ria preg\u0103te\u0219te spre finan\u021bare proiectul \u201dAmenajare spa\u021bii verzi pe esplanada Casei de Cultur\u0103 \u0219i dotare cu mobilier urban a zonei centrale\u201d"},"content":{"rendered":"<p>[analyse_image type=&#8221;featured&#8221; src=&#8221;https:\/\/img.svnews.ro\/foto\/2026\/08\/21\/554898\/35fefa8a9a2e5bf58c4e81cca.jpg&#8221;]<\/p>\n<div class=\"entry\"><img loading=\"lazy\" decoding=\"async\" width=\"650\" height=\"325\" src=\"https:\/\/img.svnews.ro\/foto\/2026\/08\/21\/554898\/35fefa8a9a2e5bf58c4e81cca06500325.jpg\" alt><\/p>\n<div class=\"entry_content\">\n<p>Prim\u0103ria Suceava \u00eencepe consultarea public\u0103 pentru proiectul \u201eAmenajare spa\u021bii verzi pe esplanada Casei de Cultur\u0103 \u0219i dotare cu mobilier urban a zonei centrale\u201d \u2013 un proiect preg\u0103tit pentru obtinere de finan\u021bare nerambursabila prin Programul Regional Nord-Est 2021\u20132027, ini\u021biativa New European Bauhaus.<\/p>\n<p>Vorbim despre inima ora\u0219ului: pietonalul \u0218tefan cel Mare, Pia\u021ba Central\u0103 din fa\u021ba Casei de Cultur\u0103 \u0219i zonele verzi adiacente \u2014 \u00een total aproximativ 22.485 mp \u00eentre Palatul Administrativ \u0219i Biserica Sf. Dumitru.<\/p>\n<p>Cum vor ar\u0103ta aceste spa\u021bii? Decidem \u00eempreun\u0103. Ne intereseaz\u0103:<\/p>\n<p>\ud83c\udf33 ce func\u021biuni \u0219i dot\u0103ri \u00ee\u021bi lipsesc<\/p>\n<p>\ud83d\udeb6 cum folose\u0219ti ast\u0103zi zona central\u0103<\/p>\n<p>\ud83d\udca1 ce ai p\u0103stra \u0219i ce ai schimba<\/p>\n<p>\ud83d\udcc5 Perioada consult\u0103rii: 24 august \u2013 31 octombrie 2026<\/p>\n<p>Te po\u021bi implica prin:<\/p>\n<p>\u2705 chestionarul online (dureaz\u0103 ~10 minute, r\u0103spunsurile sunt anonime) \u2013 link \u00een cur\u00e2nd<\/p>\n<p>\u2705 dezbateri publice \u0219i focus grupuri<\/p>\n<p>\u2705 ateliere organizate chiar \u00een spa\u021biul public<\/p>\n<p>\u2705 e-mail, oric\u00e2nd pe durata consult\u0103rii: \u00a0neb@urbanscope.ro<\/p>\n<p>Fiecare opinie este analizat\u0103 \u0219i luat\u0103 \u00een considerare la fundamentarea proiectului. Nevoile tale sunt punctul de plecare!<\/p>\n<p><img loading=\"lazy\" decoding=\"async\" class=\"alignnone size-medium wp-image-554901\" src=\"https:\/\/img.svnews.ro\/foto\/2026\/08\/21\/554898\/d7e673d898ce4a752e2975af006500841.jpg\" alt width=\"650\" height=\"841\"><\/p>\n<p><img loading=\"lazy\" decoding=\"async\" class=\"alignnone size-medium wp-image-554900\" src=\"https:\/\/img.svnews.ro\/foto\/2026\/08\/21\/554898\/ea31a3f06e7b56134ead13cd406500841.jpg\" alt width=\"650\" height=\"841\"><\/p>\n<p><img decoding=\"async\" loading=\"lazy\" class=\"alignnone size-medium wp-image-554899\" src=\"https:\/\/img.svnews.ro\/foto\/2026\/08\/21\/554898\/2943d376877e7b57cfb7293e806500841.jpg\" alt width=\"650\" height=\"841\"><\/p>\n<p><span class=\"hreview-aggregate\"><span class=\"item\"><span class=\"fn\">Cet\u0103\u021benii Sucevei consulta\u021bi cu privire la cum \u0219i-ar dori s\u0103 arate centrul municipiului. Prim\u0103ria preg\u0103te\u0219te spre finan\u021bare proiectul \u201dAmenajare spa\u021bii verzi pe esplanada Casei de Cultur\u0103 \u0219i dotare cu mobilier urban a zonei centrale&#8221;<\/span><\/span>, <span class=\"rating\"><span class=\"average\">1.0<\/span> out of <span class=\"best\">10<\/span> based on <span class=\"votes\">1<\/span> rating <\/span><\/span><\/div>\n<div>\n<div>VN:F [1.9.22_1171]<\/div>\n<div class=\"ratingblock \">\n<div class=\"ratingstars \">\n<div id=\"article_loader_554898\" class=\"ratingloaderarticle\">\n<div class=\"loader arrows \">\n<div class=\"loaderinner\">se actualizeaz\u0103&#8230;<\/div>\n<\/div>\n<\/div>\n<\/div>\n<div class=\"ratingtext \">\n<div id=\"gdr_text_a554898\">Rating: 1.0\/<strong>10<\/strong> (1 vote cast)<\/div>\n<\/div>\n<\/div>\n<\/div>\n<\/div>\n<div class=\"entry_content\">\n<p>Prim\u0103ria Suceava \u00eencepe consultarea public\u0103 pentru proiectul \u201eAmenajare spa\u021bii verzi pe esplanada Casei de Cultur\u0103 \u0219i dotare cu mobilier urban a zonei centrale\u201d \u2013 un proiect preg\u0103tit pentru obtinere de finan\u021bare nerambursabila prin Programul Regional Nord-Est 2021\u20132027, ini\u021biativa New European Bauhaus.<\/p>\n<p>Vorbim despre inima ora\u0219ului: pietonalul \u0218tefan cel Mare, Pia\u021ba Central\u0103 din fa\u021ba Casei de Cultur\u0103 \u0219i zonele verzi adiacente \u2014 \u00een total aproximativ 22.485 mp \u00eentre Palatul Administrativ \u0219i Biserica Sf. Dumitru.<\/p>\n<p>Cum vor ar\u0103ta aceste spa\u021bii? Decidem \u00eempreun\u0103. Ne intereseaz\u0103:<\/p>\n<p>\ud83c\udf33 ce func\u021biuni \u0219i dot\u0103ri \u00ee\u021bi lipsesc<\/p>\n<p>\ud83d\udeb6 cum folose\u0219ti ast\u0103zi zona central\u0103<\/p>\n<p>\ud83d\udca1 ce ai p\u0103stra \u0219i ce ai schimba<\/p>\n<p>\ud83d\udcc5 Perioada consult\u0103rii: 24 august \u2013 31 octombrie 2026<\/p>\n<p>Te po\u021bi implica prin:<\/p>\n<p>\u2705 chestionarul online (dureaz\u0103 ~10 minute, r\u0103spunsurile sunt anonime) \u2013 link \u00een cur\u00e2nd<\/p>\n<p>\u2705 dezbateri publice \u0219i focus grupuri<\/p>\n<p>\u2705 ateliere organizate chiar \u00een spa\u021biul public<\/p>\n<p>\u2705 e-mail, oric\u00e2nd pe durata consult\u0103rii: \u00a0neb@urbanscope.ro<\/p>\n<p>Fiecare opinie este analizat\u0103 \u0219i luat\u0103 \u00een considerare la fundamentarea proiectului. Nevoile tale sunt punctul de plecare!<\/p>\n<p><img loading=\"lazy\" decoding=\"async\" class=\"alignnone size-medium wp-image-554901\" src=\"https:\/\/img.svnews.ro\/foto\/2026\/08\/21\/554898\/d7e673d898ce4a752e2975af006500841.jpg\" alt width=\"650\" height=\"841\"><\/p>\n<p><img loading=\"lazy\" decoding=\"async\" class=\"alignnone size-medium wp-image-554900\" src=\"https:\/\/img.svnews.ro\/foto\/2026\/08\/21\/554898\/ea31a3f06e7b56134ead13cd406500841.jpg\" alt width=\"650\" height=\"841\"><\/p>\n<p><img decoding=\"async\" loading=\"lazy\" class=\"alignnone size-medium wp-image-554899\" src=\"https:\/\/img.svnews.ro\/foto\/2026\/08\/21\/554898\/2943d376877e7b57cfb7293e806500841.jpg\" alt width=\"650\" height=\"841\"><\/p>\n<p><span class=\"hreview-aggregate\"><span class=\"item\"><span class=\"fn\">Cet\u0103\u021benii Sucevei consulta\u021bi cu privire la cum \u0219i-ar dori s\u0103 arate centrul municipiului. Prim\u0103ria preg\u0103te\u0219te spre finan\u021bare proiectul \u201dAmenajare spa\u021bii verzi pe esplanada Casei de Cultur\u0103 \u0219i dotare cu mobilier urban a zonei centrale&#8221;<\/span><\/span>, <span class=\"rating\"><span class=\"average\">1.0<\/span> out of <span class=\"best\">10<\/span> based on <span class=\"votes\">1<\/span> rating <\/span><\/span><\/div>\n<p>[analyse_source url=&#8221;https:\/\/www.svnews.ro\/cetatenii-sucevei-consultati-cu-privire-la-cum-si-ar-dori-sa-arate-centrul-municipiului-primaria-pregateste-spre-finantare-proiectul-amenajare-spatii-verzi-pe-esplanada-casei-de-cultura-si-d\/554898\/&#8221;]<\/p>\n","protected":false},"excerpt":{"rendered":"<p>[analyse_image type=&#8221;featured&#8221; src=&#8221;https:\/\/img.svnews.ro\/foto\/2026\/08\/21\/554898\/35fefa8a9a2e5bf58c4e81cca.jpg&#8221;] Prim\u0103ria Suceava \u00eencepe consultarea public\u0103 pentru proiectul \u201eAmenajare spa\u021bii verzi pe esplanada Casei de Cultur\u0103 \u0219i dotare cu mobilier urban a zonei centrale\u201d \u2013 un proiect preg\u0103tit pentru obtinere de finan\u021bare nerambursabila prin Programul Regional Nord-Est 2021\u20132027, ini\u021biativa New European Bauhaus. Vorbim despre inima ora\u0219ului: pietonalul \u0218tefan cel Mare, Pia\u021ba Central\u0103 din [&hellip;]<\/p>\n","protected":false},"author":1,"featured_media":0,"comment_status":"open","ping_status":"","sticky":false,"template":"","format":"standard","meta":{"footnotes":""},"categories":[89],"tags":[226,175],"class_list":["post-2109367","post","type-post","status-publish","format-standard","hentry","category-romania","tag-crawlmanager","tag-svnews-ro"],"_links":{"self":[{"href":"https:\/\/analyse.optim.biz\/index.php?rest_route=\/wp\/v2\/posts\/2109367","targetHints":{"allow":["GET"]}}],"collection":[{"href":"https:\/\/analyse.optim.biz\/index.php?rest_route=\/wp\/v2\/posts"}],"about":[{"href":"https:\/\/analyse.optim.biz\/index.php?rest_route=\/wp\/v2\/types\/post"}],"author":[{"embeddable":true,"href":"https:\/\/analyse.optim.biz\/index.php?rest_route=\/wp\/v2\/users\/1"}],"replies":[{"embeddable":true,"href":"https:\/\/analyse.optim.biz\/index.php?rest_route=%2Fwp%2Fv2%2Fcomments&post=2109367"}],"version-history":[{"count":0,"href":"https:\/\/analyse.optim.biz\/index.php?rest_route=\/wp\/v2\/posts\/2109367\/revisions"}],"wp:attachment":[{"href":"https:\/\/analyse.optim.biz\/index.php?rest_route=%2Fwp%2Fv2%2Fmedia&parent=2109367"}],"wp:term":[{"taxonomy":"category","embeddable":true,"href":"https:\/\/analyse.optim.biz\/index.php?rest_route=%2Fwp%2Fv2%2Fcategories&post=2109367"},{"taxonomy":"post_tag","embeddable":true,"href":"https:\/\/analyse.optim.biz\/index.php?rest_route=%2Fwp%2Fv2%2Ftags&post=2109367"}],"curies":[{"name":"wp","href":"https:\/\/api.w.org\/{rel}","templated":true}]}}