{"id":2109365,"date":"2026-08-21T13:18:55","date_gmt":"2026-08-21T10:18:55","guid":{"rendered":"https:\/\/analyse.optim.biz\/?p=2109365"},"modified":"2026-08-21T13:18:55","modified_gmt":"2026-08-21T10:18:55","slug":"esplanada-din-inima-burdujeniului-modernizata-intr-un-mare-stil-primarul-rimbu-infatisarea-ei-a-capatat-un-reper-de-estetica-si-modernizare-foto","status":"publish","type":"post","link":"https:\/\/analyse.optim.biz\/?p=2109365","title":{"rendered":"Esplanada din inima Burdujeniului modernizat\u0103 \u00eentr-un mare stil. Primarul R\u00eembu: \u201d\u00cenf\u0103\u021bi\u0219area ei a c\u0103p\u0103tat un reper de estetic\u0103 \u0219i modernizare\u201d (foto)"},"content":{"rendered":"<p>[analyse_image type=&#8221;featured&#8221; src=&#8221;https:\/\/img.svnews.ro\/foto\/2026\/08\/21\/554890\/d5befdbb500edc6b9a2d16838.jpg&#8221;]<\/p>\n<div class=\"entry\"><img loading=\"lazy\" decoding=\"async\" width=\"650\" height=\"325\" src=\"https:\/\/img.svnews.ro\/foto\/2026\/08\/21\/554890\/d5befdbb500edc6b9a2d1683806500325.jpg\" alt><\/p>\n<div class=\"entry_content\">\n<p>Esplanada din inima Burdujeniului a fost modernizat\u0103 de c\u0103tre Prim\u0103ria Suceava \u00eentr-un mare stil devenind \u201dun reper de estetic\u0103 \u0219i modernizare\u201d. \u201dDup\u0103 zeci de ani, c\u00e2t esplanada din inima Burdujeniului a fost doar o tradi\u021bional\u0103 \u201ezon\u0103 tranzitorie\u201d \u2013 de azi \u2013 \u00eenf\u0103\u021bi\u0219area ei a c\u0103p\u0103tat un reper de estetic\u0103 \u0219i modernizare. Un adolescent a oprit bicicleta, c\u00e2t s\u0103-mi spun\u0103: dom\u2019 primar, e ca o scen\u0103 perfect\u0103 pentru concerte. A\u0219 fi vrut s\u0103-i spun c\u0103-i o punte \u00eentre genera\u021bii, sau ceva\u2026 dar \u00een schimb i-am zis: \u0219i cine s\u0103 c\u00e2nte, Tzanc\u0103 Uraganu? Cu un r\u00e2s molipsitor, s-a \u00eendep\u0103rtat strig\u00e2nd: daa, daa\u2026 Nu ne oprim. Dimpotriv\u0103. Ritmul moderniz\u0103rii cre\u0219te; viitorul Sucevei se construie\u0219te zi de zi, f\u0103r\u0103 pauz\u0103\u201d, a declarat primarul Vasile R\u00eembu.<\/p>\n<p><img loading=\"lazy\" decoding=\"async\" class=\"alignnone size-medium wp-image-554891\" src=\"https:\/\/img.svnews.ro\/foto\/2026\/08\/21\/554890\/d5befdbb500edc6b9a2d1683806500488.jpg\" alt width=\"650\" height=\"488\"><\/p>\n<p><img loading=\"lazy\" decoding=\"async\" class=\"alignnone size-medium wp-image-554892\" src=\"https:\/\/img.svnews.ro\/foto\/2026\/08\/21\/554890\/912e2a7f8a5400418a32aede406500488.jpg\" alt width=\"650\" height=\"488\"><\/p>\n<p><img decoding=\"async\" loading=\"lazy\" class=\"alignnone size-medium wp-image-554893\" src=\"https:\/\/img.svnews.ro\/foto\/2026\/08\/21\/554890\/7c8070188f94b7b9e25b88f5f06500488.jpg\" alt width=\"650\" height=\"488\"><\/p>\n<p><span class=\"hreview-aggregate\"><span class=\"item\"><span class=\"fn\">Esplanada din inima Burdujeniului modernizat\u0103 \u00eentr-un mare stil. Primarul R\u00eembu: \u201d\u00cenf\u0103\u021bi\u0219area ei a c\u0103p\u0103tat un reper de estetic\u0103 \u0219i modernizare\u201d (foto)<\/span><\/span>, <span class=\"rating\"><span class=\"average\">3.9<\/span> out of <span class=\"best\">10<\/span> based on <span class=\"votes\">7<\/span> ratings <\/span><\/span><\/div>\n<div>\n<div>VN:F [1.9.22_1171]<\/div>\n<div class=\"ratingblock \">\n<div class=\"ratingstars \">\n<div id=\"article_loader_554890\" class=\"ratingloaderarticle\">\n<div class=\"loader arrows \">\n<div class=\"loaderinner\">se actualizeaz\u0103&#8230;<\/div>\n<\/div>\n<\/div>\n<\/div>\n<div class=\"ratingtext \">\n<div id=\"gdr_text_a554890\">Rating: 3.9\/<strong>10<\/strong> (7 votes cast)<\/div>\n<\/div>\n<\/div>\n<\/div>\n<\/div>\n<div class=\"entry_content\">\n<p>Esplanada din inima Burdujeniului a fost modernizat\u0103 de c\u0103tre Prim\u0103ria Suceava \u00eentr-un mare stil devenind \u201dun reper de estetic\u0103 \u0219i modernizare\u201d. \u201dDup\u0103 zeci de ani, c\u00e2t esplanada din inima Burdujeniului a fost doar o tradi\u021bional\u0103 \u201ezon\u0103 tranzitorie\u201d \u2013 de azi \u2013 \u00eenf\u0103\u021bi\u0219area ei a c\u0103p\u0103tat un reper de estetic\u0103 \u0219i modernizare. Un adolescent a oprit bicicleta, c\u00e2t s\u0103-mi spun\u0103: dom\u2019 primar, e ca o scen\u0103 perfect\u0103 pentru concerte. A\u0219 fi vrut s\u0103-i spun c\u0103-i o punte \u00eentre genera\u021bii, sau ceva\u2026 dar \u00een schimb i-am zis: \u0219i cine s\u0103 c\u00e2nte, Tzanc\u0103 Uraganu? Cu un r\u00e2s molipsitor, s-a \u00eendep\u0103rtat strig\u00e2nd: daa, daa\u2026 Nu ne oprim. Dimpotriv\u0103. Ritmul moderniz\u0103rii cre\u0219te; viitorul Sucevei se construie\u0219te zi de zi, f\u0103r\u0103 pauz\u0103\u201d, a declarat primarul Vasile R\u00eembu.<\/p>\n<p><img loading=\"lazy\" decoding=\"async\" class=\"alignnone size-medium wp-image-554891\" src=\"https:\/\/img.svnews.ro\/foto\/2026\/08\/21\/554890\/d5befdbb500edc6b9a2d1683806500488.jpg\" alt width=\"650\" height=\"488\"><\/p>\n<p><img loading=\"lazy\" decoding=\"async\" class=\"alignnone size-medium wp-image-554892\" src=\"https:\/\/img.svnews.ro\/foto\/2026\/08\/21\/554890\/912e2a7f8a5400418a32aede406500488.jpg\" alt width=\"650\" height=\"488\"><\/p>\n<p><img decoding=\"async\" loading=\"lazy\" class=\"alignnone size-medium wp-image-554893\" src=\"https:\/\/img.svnews.ro\/foto\/2026\/08\/21\/554890\/7c8070188f94b7b9e25b88f5f06500488.jpg\" alt width=\"650\" height=\"488\"><\/p>\n<p><span class=\"hreview-aggregate\"><span class=\"item\"><span class=\"fn\">Esplanada din inima Burdujeniului modernizat\u0103 \u00eentr-un mare stil. Primarul R\u00eembu: \u201d\u00cenf\u0103\u021bi\u0219area ei a c\u0103p\u0103tat un reper de estetic\u0103 \u0219i modernizare\u201d (foto)<\/span><\/span>, <span class=\"rating\"><span class=\"average\">3.9<\/span> out of <span class=\"best\">10<\/span> based on <span class=\"votes\">7<\/span> ratings <\/span><\/span><\/div>\n<p>[analyse_source url=&#8221;https:\/\/www.svnews.ro\/esplanada-din-inima-burdujeniului-modernizata-intr-un-mare-stil-primarul-rimbu-infatisarea-ei-a-capatat-un-reper-de-estetica-si-modernizare-foto\/554890\/&#8221;]<\/p>\n","protected":false},"excerpt":{"rendered":"<p>[analyse_image type=&#8221;featured&#8221; src=&#8221;https:\/\/img.svnews.ro\/foto\/2026\/08\/21\/554890\/d5befdbb500edc6b9a2d16838.jpg&#8221;] Esplanada din inima Burdujeniului a fost modernizat\u0103 de c\u0103tre Prim\u0103ria Suceava \u00eentr-un mare stil devenind \u201dun reper de estetic\u0103 \u0219i modernizare\u201d. \u201dDup\u0103 zeci de ani, c\u00e2t esplanada din inima Burdujeniului a fost doar o tradi\u021bional\u0103 \u201ezon\u0103 tranzitorie\u201d \u2013 de azi \u2013 \u00eenf\u0103\u021bi\u0219area ei a c\u0103p\u0103tat un reper de estetic\u0103 \u0219i modernizare. Un [&hellip;]<\/p>\n","protected":false},"author":1,"featured_media":0,"comment_status":"open","ping_status":"","sticky":false,"template":"","format":"standard","meta":{"footnotes":""},"categories":[89],"tags":[226,175],"class_list":["post-2109365","post","type-post","status-publish","format-standard","hentry","category-romania","tag-crawlmanager","tag-svnews-ro"],"_links":{"self":[{"href":"https:\/\/analyse.optim.biz\/index.php?rest_route=\/wp\/v2\/posts\/2109365","targetHints":{"allow":["GET"]}}],"collection":[{"href":"https:\/\/analyse.optim.biz\/index.php?rest_route=\/wp\/v2\/posts"}],"about":[{"href":"https:\/\/analyse.optim.biz\/index.php?rest_route=\/wp\/v2\/types\/post"}],"author":[{"embeddable":true,"href":"https:\/\/analyse.optim.biz\/index.php?rest_route=\/wp\/v2\/users\/1"}],"replies":[{"embeddable":true,"href":"https:\/\/analyse.optim.biz\/index.php?rest_route=%2Fwp%2Fv2%2Fcomments&post=2109365"}],"version-history":[{"count":0,"href":"https:\/\/analyse.optim.biz\/index.php?rest_route=\/wp\/v2\/posts\/2109365\/revisions"}],"wp:attachment":[{"href":"https:\/\/analyse.optim.biz\/index.php?rest_route=%2Fwp%2Fv2%2Fmedia&parent=2109365"}],"wp:term":[{"taxonomy":"category","embeddable":true,"href":"https:\/\/analyse.optim.biz\/index.php?rest_route=%2Fwp%2Fv2%2Fcategories&post=2109365"},{"taxonomy":"post_tag","embeddable":true,"href":"https:\/\/analyse.optim.biz\/index.php?rest_route=%2Fwp%2Fv2%2Ftags&post=2109365"}],"curies":[{"name":"wp","href":"https:\/\/api.w.org\/{rel}","templated":true}]}}