{"id":2109361,"date":"2026-08-21T12:36:20","date_gmt":"2026-08-21T09:36:20","guid":{"rendered":"https:\/\/analyse.optim.biz\/?p=2109361"},"modified":"2026-08-21T12:36:20","modified_gmt":"2026-08-21T09:36:20","slug":"prefectul-bogdan-pastrav-in-dialog-cu-sucevenii-din-diaspora-la-vicovu-de-sus-cred-ca-dialogul-direct-este-esential-pentru-a-transforma-intentia-de-revenire-in-oportunitati-concrete-si-mai","status":"publish","type":"post","link":"https:\/\/analyse.optim.biz\/?p=2109361","title":{"rendered":"Prefectul Bogdan P\u0103str\u0103v \u00een dialog cu sucevenii din diaspor\u0103 la Vicovu de Sus. \u201dCred c\u0103 dialogul direct este esen\u021bial pentru a transforma inten\u021bia de revenire \u00een oportunit\u0103\u021bi concrete \u0219i, mai ales, \u00een pove\u0219ti de succes construite \u00een jude\u021bul Suceava\u201d (foto)"},"content":{"rendered":"<p>[analyse_image type=&#8221;featured&#8221; src=&#8221;https:\/\/img.svnews.ro\/foto\/2026\/08\/21\/554853\/81df2488810c5edbfe75f21d6.jpg&#8221;]<\/p>\n<div class=\"entry\"><img loading=\"lazy\" decoding=\"async\" width=\"650\" height=\"325\" src=\"https:\/\/img.svnews.ro\/foto\/2026\/08\/21\/554853\/81df2488810c5edbfe75f21d606500325.jpg\" alt><\/p>\n<div class=\"entry_content\">\n<p>Prefectul jude\u021bului Suceava, Bogdan \u2013 George P\u0103str\u0103v, a participat la evenimentul \u201e\u00cempreun\u0103 pentru pove\u0219ti de succes\u201d, organizat de AJOFM Suceava, \u00een parteneriat cu Prim\u0103ria Ora\u0219ului Vicovu de Sus, dedicat persoanelor din diaspora care se afl\u0103, \u00een aceast\u0103 perioad\u0103, \u00een jude\u021bul Suceava.Evenimentul a oferit un cadru deschis pentru dialog direct \u00eentre membrii diasporei, institu\u021biile publice, organiza\u021biile \u0219i partenerii locali, cu scopul de a facilita accesul la informa\u021bii, servicii \u0219i oportunit\u0103\u021bi concrete pentru cei care iau \u00een considerare revenirea \u00een \u021bar\u0103, dezvoltarea unei activit\u0103\u021bi profesionale sau antreprenoriale \u0219i implicarea \u00een comunit\u0103\u021bile locale. \u201eEste important ca rom\u00e2nii care au muncit \u0219i au acumulat experien\u021b\u0103 \u00een str\u0103in\u0103tate s\u0103 \u0219tie c\u0103, atunci c\u00e2nd se \u00eentorc acas\u0103, g\u0103sesc \u00een institu\u021biile publice \u0219i \u00een comunit\u0103\u021bile locale parteneri deschi\u0219i s\u0103 \u00eei sprijine. Avem nevoie s\u0103 le prezent\u0103m concret oportunit\u0103\u021bile existente \u00een jude\u021bul Suceava, formele de sprijin disponibile \u0219i solu\u021biile prin care experien\u021ba \u0219i competen\u021bele dob\u00e2ndite \u00een diaspora pot fi valorificate aici, acas\u0103. Revenirea \u00een \u021bar\u0103 poate \u00eensemna mai mult dec\u00e2t \u00eentoarcerea \u00eentr-un loc drag. Poate \u00eensemna \u00eenceputul unei noi etape, prin deschiderea unei afaceri, crearea unui loc de munc\u0103, realizarea unei investi\u021bii sau implicarea \u00eentr-un proiect pentru comunitate. Cred c\u0103 dialogul direct este esen\u021bial pentru a transforma inten\u021bia de revenire \u00een oportunit\u0103\u021bi concrete \u0219i, mai ales, \u00een pove\u0219ti de succes construite \u00een jude\u021bul Suceava. Mul\u021bumiri doamnei director executiv adjunct al AJOFM Suceava, Mirela Florea, pentru ini\u021biativa \u0219i implicarea \u00een organizarea acestui eveniment \u0219i domnului primar al Ora\u0219ului Vicovu de Sus, Vasile Iliu\u021b, pentru sprijinul acordat \u0219i pentru deschiderea de care a dat dovad\u0103 \u00een sus\u021binerea dialogului cu membrii diasporei.\u201d a transmis prefectul jude\u021bului Suceava, Bogdan George P\u0103str\u0103v.\u00a0<img loading=\"lazy\" decoding=\"async\" class=\"alignnone size-medium wp-image-554855\" src=\"https:\/\/img.svnews.ro\/foto\/2026\/08\/21\/554853\/f49c616218685ebde8ffd6d5806500488.jpg\" alt width=\"650\" height=\"488\"><img loading=\"lazy\" decoding=\"async\" class=\"alignnone size-medium wp-image-554856\" src=\"https:\/\/img.svnews.ro\/foto\/2026\/08\/21\/554853\/90d5c9440499940bf50720ba606500867.jpg\" alt width=\"650\" height=\"867\"><img decoding=\"async\" loading=\"lazy\" class=\"alignnone size-medium wp-image-554857\" src=\"https:\/\/img.svnews.ro\/foto\/2026\/08\/21\/554853\/5dce2d52134b2175875003b9f06500488.jpg\" alt width=\"650\" height=\"488\"><img decoding=\"async\" loading=\"lazy\" class=\"alignnone size-medium wp-image-554858\" src=\"https:\/\/img.svnews.ro\/foto\/2026\/08\/21\/554853\/2f6e03b3c8e021a271e04c67b06500488.jpg\" alt width=\"650\" height=\"488\"><\/p>\n<\/div>\n<div>\n<div>VN:F [1.9.22_1171]<\/div>\n<div class=\"ratingblock \">\n<div class=\"ratingstars \">\n<div id=\"article_loader_554853\" class=\"ratingloaderarticle\">\n<div class=\"loader arrows \">\n<div class=\"loaderinner\">se actualizeaz\u0103&#8230;<\/div>\n<\/div>\n<\/div>\n<\/div>\n<div class=\"ratingtext \">\n<div id=\"gdr_text_a554853\">Rating: 0.0\/<strong>10<\/strong> (0 votes cast)<\/div>\n<\/div>\n<\/div>\n<\/div>\n<\/div>\n<div class=\"entry_content\">\n<p>Prefectul jude\u021bului Suceava, Bogdan \u2013 George P\u0103str\u0103v, a participat la evenimentul \u201e\u00cempreun\u0103 pentru pove\u0219ti de succes\u201d, organizat de AJOFM Suceava, \u00een parteneriat cu Prim\u0103ria Ora\u0219ului Vicovu de Sus, dedicat persoanelor din diaspora care se afl\u0103, \u00een aceast\u0103 perioad\u0103, \u00een jude\u021bul Suceava.Evenimentul a oferit un cadru deschis pentru dialog direct \u00eentre membrii diasporei, institu\u021biile publice, organiza\u021biile \u0219i partenerii locali, cu scopul de a facilita accesul la informa\u021bii, servicii \u0219i oportunit\u0103\u021bi concrete pentru cei care iau \u00een considerare revenirea \u00een \u021bar\u0103, dezvoltarea unei activit\u0103\u021bi profesionale sau antreprenoriale \u0219i implicarea \u00een comunit\u0103\u021bile locale. \u201eEste important ca rom\u00e2nii care au muncit \u0219i au acumulat experien\u021b\u0103 \u00een str\u0103in\u0103tate s\u0103 \u0219tie c\u0103, atunci c\u00e2nd se \u00eentorc acas\u0103, g\u0103sesc \u00een institu\u021biile publice \u0219i \u00een comunit\u0103\u021bile locale parteneri deschi\u0219i s\u0103 \u00eei sprijine. Avem nevoie s\u0103 le prezent\u0103m concret oportunit\u0103\u021bile existente \u00een jude\u021bul Suceava, formele de sprijin disponibile \u0219i solu\u021biile prin care experien\u021ba \u0219i competen\u021bele dob\u00e2ndite \u00een diaspora pot fi valorificate aici, acas\u0103. Revenirea \u00een \u021bar\u0103 poate \u00eensemna mai mult dec\u00e2t \u00eentoarcerea \u00eentr-un loc drag. Poate \u00eensemna \u00eenceputul unei noi etape, prin deschiderea unei afaceri, crearea unui loc de munc\u0103, realizarea unei investi\u021bii sau implicarea \u00eentr-un proiect pentru comunitate. Cred c\u0103 dialogul direct este esen\u021bial pentru a transforma inten\u021bia de revenire \u00een oportunit\u0103\u021bi concrete \u0219i, mai ales, \u00een pove\u0219ti de succes construite \u00een jude\u021bul Suceava. Mul\u021bumiri doamnei director executiv adjunct al AJOFM Suceava, Mirela Florea, pentru ini\u021biativa \u0219i implicarea \u00een organizarea acestui eveniment \u0219i domnului primar al Ora\u0219ului Vicovu de Sus, Vasile Iliu\u021b, pentru sprijinul acordat \u0219i pentru deschiderea de care a dat dovad\u0103 \u00een sus\u021binerea dialogului cu membrii diasporei.\u201d a transmis prefectul jude\u021bului Suceava, Bogdan George P\u0103str\u0103v.\u00a0<img loading=\"lazy\" decoding=\"async\" class=\"alignnone size-medium wp-image-554855\" src=\"https:\/\/img.svnews.ro\/foto\/2026\/08\/21\/554853\/f49c616218685ebde8ffd6d5806500488.jpg\" alt width=\"650\" height=\"488\"><img loading=\"lazy\" decoding=\"async\" class=\"alignnone size-medium wp-image-554856\" src=\"https:\/\/img.svnews.ro\/foto\/2026\/08\/21\/554853\/90d5c9440499940bf50720ba606500867.jpg\" alt width=\"650\" height=\"867\"><img decoding=\"async\" loading=\"lazy\" class=\"alignnone size-medium wp-image-554857\" src=\"https:\/\/img.svnews.ro\/foto\/2026\/08\/21\/554853\/5dce2d52134b2175875003b9f06500488.jpg\" alt width=\"650\" height=\"488\"><img decoding=\"async\" loading=\"lazy\" class=\"alignnone size-medium wp-image-554858\" src=\"https:\/\/img.svnews.ro\/foto\/2026\/08\/21\/554853\/2f6e03b3c8e021a271e04c67b06500488.jpg\" alt width=\"650\" height=\"488\"><\/p>\n<\/div>\n<p>[analyse_source url=&#8221;https:\/\/www.svnews.ro\/prefectul-bogdan-pastrav-in-dialog-cu-sucevenii-din-diaspora-la-vicovu-de-sus-cred-ca-dialogul-direct-este-esential-pentru-a-transforma-intentia-de-revenire-in-oportunitati-concrete-si-mai\/554853\/&#8221;]<\/p>\n","protected":false},"excerpt":{"rendered":"<p>[analyse_image type=&#8221;featured&#8221; src=&#8221;https:\/\/img.svnews.ro\/foto\/2026\/08\/21\/554853\/81df2488810c5edbfe75f21d6.jpg&#8221;] Prefectul jude\u021bului Suceava, Bogdan \u2013 George P\u0103str\u0103v, a participat la evenimentul \u201e\u00cempreun\u0103 pentru pove\u0219ti de succes\u201d, organizat de AJOFM Suceava, \u00een parteneriat cu Prim\u0103ria Ora\u0219ului Vicovu de Sus, dedicat persoanelor din diaspora care se afl\u0103, \u00een aceast\u0103 perioad\u0103, \u00een jude\u021bul Suceava.Evenimentul a oferit un cadru deschis pentru dialog direct \u00eentre membrii diasporei, [&hellip;]<\/p>\n","protected":false},"author":1,"featured_media":0,"comment_status":"open","ping_status":"","sticky":false,"template":"","format":"standard","meta":{"footnotes":""},"categories":[89],"tags":[226,175],"class_list":["post-2109361","post","type-post","status-publish","format-standard","hentry","category-romania","tag-crawlmanager","tag-svnews-ro"],"_links":{"self":[{"href":"https:\/\/analyse.optim.biz\/index.php?rest_route=\/wp\/v2\/posts\/2109361","targetHints":{"allow":["GET"]}}],"collection":[{"href":"https:\/\/analyse.optim.biz\/index.php?rest_route=\/wp\/v2\/posts"}],"about":[{"href":"https:\/\/analyse.optim.biz\/index.php?rest_route=\/wp\/v2\/types\/post"}],"author":[{"embeddable":true,"href":"https:\/\/analyse.optim.biz\/index.php?rest_route=\/wp\/v2\/users\/1"}],"replies":[{"embeddable":true,"href":"https:\/\/analyse.optim.biz\/index.php?rest_route=%2Fwp%2Fv2%2Fcomments&post=2109361"}],"version-history":[{"count":0,"href":"https:\/\/analyse.optim.biz\/index.php?rest_route=\/wp\/v2\/posts\/2109361\/revisions"}],"wp:attachment":[{"href":"https:\/\/analyse.optim.biz\/index.php?rest_route=%2Fwp%2Fv2%2Fmedia&parent=2109361"}],"wp:term":[{"taxonomy":"category","embeddable":true,"href":"https:\/\/analyse.optim.biz\/index.php?rest_route=%2Fwp%2Fv2%2Fcategories&post=2109361"},{"taxonomy":"post_tag","embeddable":true,"href":"https:\/\/analyse.optim.biz\/index.php?rest_route=%2Fwp%2Fv2%2Ftags&post=2109361"}],"curies":[{"name":"wp","href":"https:\/\/api.w.org\/{rel}","templated":true}]}}