{"id":2109359,"date":"2026-08-21T05:50:18","date_gmt":"2026-08-21T02:50:18","guid":{"rendered":"https:\/\/analyse.optim.biz\/?p=2109359"},"modified":"2026-08-21T05:50:18","modified_gmt":"2026-08-21T02:50:18","slug":"ample-lucrari-de-decolmatare-a-conductelor-de-canalizare-gravitationala-derulate-de-primaria-suceava-primarul-rimbu-decenii-la-rand-infrastructura-subterana-de-canalizare-a-fost-ignorata","status":"publish","type":"post","link":"https:\/\/analyse.optim.biz\/?p=2109359","title":{"rendered":"Ample lucr\u0103ri de decolmatare a conductelor de canalizare gravita\u021bional\u0103 derulate de Prim\u0103ria Suceava. Primarul Rimbu: \u201eDecenii la r\u00e2nd, infrastructura subteran\u0103 de canalizare a fost ignorat\u0103. Ba chiar unele \u201egr\u0103tare\u201d erau doar decorative\u201d (foto)"},"content":{"rendered":"<p>[analyse_image type=&#8221;featured&#8221; src=&#8221;https:\/\/img.svnews.ro\/foto\/2026\/08\/21\/554778\/b9162d169fb39862aaa135bdb.jpg&#8221;]<\/p>\n<div class=\"entry\"><img loading=\"lazy\" decoding=\"async\" width=\"650\" height=\"325\" src=\"https:\/\/img.svnews.ro\/foto\/2026\/08\/21\/554778\/b9162d169fb39862aaa135bdb06500325.jpg\" alt><\/p>\n<div class=\"entry_content\">\n<p>Primarul Sucevei a anun\u021bat c\u0103 le raza municipiului se desf\u0103\u0219oar\u0103 \u00een prezent ample lucr\u0103ri de decolmatare a conductelor de canalizare gravita\u021bional\u0103 derulate aratand c\u0103 decenii la r\u00e2nd, infrastructura subteran\u0103 de canalizare a fost ignorat\u0103 ba chiar unele \u201egr\u0103tare\u201d erau doar decorative.<\/p>\n<p>\u00a0<\/p>\n<p>\u201eDecenii la r\u00e2nd, infrastructura subteran\u0103 de canalizare a fost ignorat\u0103. Ba chiar unele \u201egr\u0103tare\u201d erau doar decorative, masc\u00e2nd o iluzie care era bifat\u0103 formal la fiecare ciclu electoral. \u00cencep\u00e2nd de anul trecut, am dat startul lucr\u0103rilor de decolmatare a conductelor de canalizare gravita\u021bional\u0103 printr-un procedeu modern f\u0103r\u0103 s\u0103p\u0103tur\u0103 (trenchless), utiliz\u00e2nd un liner flexibil din fibr\u0103 de sticl\u0103, impregnat cu r\u0103\u0219ini care polimerizeaz\u0103 sub ac\u021biunea razelor ultraviolete. \u00cen special se lucreaz\u0103 \u0219i se va lucra noaptea. Acum, pe str. Universit\u0103\u021bii, unde se reabiliteaz\u0103 220 de metri liniari de colector, precum \u0219i 7 c\u0103mine de vizitare, la orele dimine\u021bii mai pute\u021bi vedea utilaje care, v\u0103 asigur, nu blocheaz\u0103 circula\u021bia.<\/p>\n<p>Aceast\u0103 lucrare e gata peste maxim o s\u0103pt\u0103m\u00e2n\u0103. Nu ne oprim p\u00e2n\u0103 nu termin\u0103m. Nu vreau o canalizare \u201ede form\u0103\u201d ci, \u00een final, fiecare scurgere s\u0103 fie conectat\u0103 \u0219i func\u021bional\u0103\u201d, a declarat Vasile Rimbu.<\/p>\n<p><img loading=\"lazy\" decoding=\"async\" class=\"alignnone size-medium wp-image-554779\" src=\"https:\/\/img.svnews.ro\/foto\/2026\/08\/21\/554778\/b9162d169fb39862aaa135bdb06500650.jpg\" alt width=\"650\" height=\"650\"><\/p>\n<p><span class=\"hreview-aggregate\"><span class=\"item\"><span class=\"fn\">Ample lucr\u0103ri de decolmatare a conductelor de canalizare gravita\u021bional\u0103 derulate de Prim\u0103ria Suceava. Primarul Rimbu: &#8220;Decenii la r\u00e2nd, infrastructura subteran\u0103 de canalizare a fost ignorat\u0103. Ba chiar unele \u201egr\u0103tare\u201d erau doar decorative&#8221; (foto)<\/span><\/span>, <span class=\"rating\"><span class=\"average\">5.5<\/span> out of <span class=\"best\">10<\/span> based on <span class=\"votes\">2<\/span> ratings <\/span><\/span><\/div>\n<div>\n<div>VN:F [1.9.22_1171]<\/div>\n<div class=\"ratingblock \">\n<div class=\"ratingstars \">\n<div id=\"article_loader_554778\" class=\"ratingloaderarticle\">\n<div class=\"loader arrows \">\n<div class=\"loaderinner\">se actualizeaz\u0103&#8230;<\/div>\n<\/div>\n<\/div>\n<\/div>\n<div class=\"ratingtext \">\n<div id=\"gdr_text_a554778\">Rating: 5.5\/<strong>10<\/strong> (2 votes cast)<\/div>\n<\/div>\n<\/div>\n<\/div>\n<\/div>\n<div class=\"entry_content\">\n<p>Primarul Sucevei a anun\u021bat c\u0103 le raza municipiului se desf\u0103\u0219oar\u0103 \u00een prezent ample lucr\u0103ri de decolmatare a conductelor de canalizare gravita\u021bional\u0103 derulate aratand c\u0103 decenii la r\u00e2nd, infrastructura subteran\u0103 de canalizare a fost ignorat\u0103 ba chiar unele \u201egr\u0103tare\u201d erau doar decorative.<\/p>\n<p>\u00a0<\/p>\n<p>\u201eDecenii la r\u00e2nd, infrastructura subteran\u0103 de canalizare a fost ignorat\u0103. Ba chiar unele \u201egr\u0103tare\u201d erau doar decorative, masc\u00e2nd o iluzie care era bifat\u0103 formal la fiecare ciclu electoral. \u00cencep\u00e2nd de anul trecut, am dat startul lucr\u0103rilor de decolmatare a conductelor de canalizare gravita\u021bional\u0103 printr-un procedeu modern f\u0103r\u0103 s\u0103p\u0103tur\u0103 (trenchless), utiliz\u00e2nd un liner flexibil din fibr\u0103 de sticl\u0103, impregnat cu r\u0103\u0219ini care polimerizeaz\u0103 sub ac\u021biunea razelor ultraviolete. \u00cen special se lucreaz\u0103 \u0219i se va lucra noaptea. Acum, pe str. Universit\u0103\u021bii, unde se reabiliteaz\u0103 220 de metri liniari de colector, precum \u0219i 7 c\u0103mine de vizitare, la orele dimine\u021bii mai pute\u021bi vedea utilaje care, v\u0103 asigur, nu blocheaz\u0103 circula\u021bia.<\/p>\n<p>Aceast\u0103 lucrare e gata peste maxim o s\u0103pt\u0103m\u00e2n\u0103. Nu ne oprim p\u00e2n\u0103 nu termin\u0103m. Nu vreau o canalizare \u201ede form\u0103\u201d ci, \u00een final, fiecare scurgere s\u0103 fie conectat\u0103 \u0219i func\u021bional\u0103\u201d, a declarat Vasile Rimbu.<\/p>\n<p><img loading=\"lazy\" decoding=\"async\" class=\"alignnone size-medium wp-image-554779\" src=\"https:\/\/img.svnews.ro\/foto\/2026\/08\/21\/554778\/b9162d169fb39862aaa135bdb06500650.jpg\" alt width=\"650\" height=\"650\"><\/p>\n<p><span class=\"hreview-aggregate\"><span class=\"item\"><span class=\"fn\">Ample lucr\u0103ri de decolmatare a conductelor de canalizare gravita\u021bional\u0103 derulate de Prim\u0103ria Suceava. Primarul Rimbu: &#8220;Decenii la r\u00e2nd, infrastructura subteran\u0103 de canalizare a fost ignorat\u0103. Ba chiar unele \u201egr\u0103tare\u201d erau doar decorative&#8221; (foto)<\/span><\/span>, <span class=\"rating\"><span class=\"average\">5.5<\/span> out of <span class=\"best\">10<\/span> based on <span class=\"votes\">2<\/span> ratings <\/span><\/span><\/div>\n<p>[analyse_source url=&#8221;https:\/\/www.svnews.ro\/ample-lucrari-de-decolmatare-a-conductelor-de-canalizare-gravitationala-derulate-de-primaria-suceava-primarul-rimbu-decenii-la-rand-infrastructura-subterana-de-canalizare-a-fost-ignorata-ba-chia\/554778\/&#8221;]<\/p>\n","protected":false},"excerpt":{"rendered":"<p>[analyse_image type=&#8221;featured&#8221; src=&#8221;https:\/\/img.svnews.ro\/foto\/2026\/08\/21\/554778\/b9162d169fb39862aaa135bdb.jpg&#8221;] Primarul Sucevei a anun\u021bat c\u0103 le raza municipiului se desf\u0103\u0219oar\u0103 \u00een prezent ample lucr\u0103ri de decolmatare a conductelor de canalizare gravita\u021bional\u0103 derulate aratand c\u0103 decenii la r\u00e2nd, infrastructura subteran\u0103 de canalizare a fost ignorat\u0103 ba chiar unele \u201egr\u0103tare\u201d erau doar decorative. \u00a0 \u201eDecenii la r\u00e2nd, infrastructura subteran\u0103 de canalizare a fost ignorat\u0103. [&hellip;]<\/p>\n","protected":false},"author":1,"featured_media":0,"comment_status":"open","ping_status":"","sticky":false,"template":"","format":"standard","meta":{"footnotes":""},"categories":[89],"tags":[226,175],"class_list":["post-2109359","post","type-post","status-publish","format-standard","hentry","category-romania","tag-crawlmanager","tag-svnews-ro"],"_links":{"self":[{"href":"https:\/\/analyse.optim.biz\/index.php?rest_route=\/wp\/v2\/posts\/2109359","targetHints":{"allow":["GET"]}}],"collection":[{"href":"https:\/\/analyse.optim.biz\/index.php?rest_route=\/wp\/v2\/posts"}],"about":[{"href":"https:\/\/analyse.optim.biz\/index.php?rest_route=\/wp\/v2\/types\/post"}],"author":[{"embeddable":true,"href":"https:\/\/analyse.optim.biz\/index.php?rest_route=\/wp\/v2\/users\/1"}],"replies":[{"embeddable":true,"href":"https:\/\/analyse.optim.biz\/index.php?rest_route=%2Fwp%2Fv2%2Fcomments&post=2109359"}],"version-history":[{"count":0,"href":"https:\/\/analyse.optim.biz\/index.php?rest_route=\/wp\/v2\/posts\/2109359\/revisions"}],"wp:attachment":[{"href":"https:\/\/analyse.optim.biz\/index.php?rest_route=%2Fwp%2Fv2%2Fmedia&parent=2109359"}],"wp:term":[{"taxonomy":"category","embeddable":true,"href":"https:\/\/analyse.optim.biz\/index.php?rest_route=%2Fwp%2Fv2%2Fcategories&post=2109359"},{"taxonomy":"post_tag","embeddable":true,"href":"https:\/\/analyse.optim.biz\/index.php?rest_route=%2Fwp%2Fv2%2Ftags&post=2109359"}],"curies":[{"name":"wp","href":"https:\/\/api.w.org\/{rel}","templated":true}]}}