{"id":2109356,"date":"2026-08-20T15:08:59","date_gmt":"2026-08-20T12:08:59","guid":{"rendered":"https:\/\/analyse.optim.biz\/?p=2109356"},"modified":"2026-08-20T15:08:59","modified_gmt":"2026-08-20T12:08:59","slug":"primaria-suceava-a-finalizat-de-amenajat-spatiile-dintre-blocuri-si-locurile-de-parcare-pe-strazile-ion-neculce-si-octav-bancila-din-cartierul-zamca-primarul-rimbu-a-gasit-si-solutia-pentru-cei-care","status":"publish","type":"post","link":"https:\/\/analyse.optim.biz\/?p=2109356","title":{"rendered":"Prim\u0103ria Suceava a finalizat de amenajat spa\u021biile dintre blocuri \u0219i locurile de parcare pe str\u0103zile Ion Neculce \u0219i Octav B\u0103ncil\u0103 din cartierul Zamca. Primarul R\u00eembu a g\u0103sit \u0219i solu\u021bia pentru cei care nu au locuri de parcare pe strada Vi\u0219inilor (foto)"},"content":{"rendered":"<p>[analyse_image type=&#8221;featured&#8221; src=&#8221;https:\/\/img.svnews.ro\/foto\/2026\/08\/20\/554710\/3f02f8dcc356fe790cbaff248.jpg&#8221;]<\/p>\n<div class=\"entry\"><img loading=\"lazy\" decoding=\"async\" width=\"650\" height=\"325\" src=\"https:\/\/img.svnews.ro\/foto\/2026\/08\/20\/554710\/3f02f8dcc356fe790cbaff24806500325.jpg\" alt><\/p>\n<div class=\"entry_content\">\n<p>Prim\u0103ria municipiului Suceava a finalizat de amenajat spa\u021biile dintre blocuri \u0219i locurile de parcare pe str\u0103zile Ion Neculce \u0219i Octav B\u0103ncil\u0103 din cartierul Zamca. Primarul Vasile R\u00eembu a anun\u021bat c\u0103 a g\u0103sit \u0219i solu\u021bia pentru cei care nu au locuri de parcare pe strada Vi\u0219inilor: vor fi amenajate 60 de locuri pe strada Narciselor, adiacent\u0103 str\u0103zii Vi\u0219inilor.<\/p>\n<p>\u201dScuze c\u0103 nu am putut reac\u021biona p\u00e2n\u0103 acum la situa\u021bia de pe str. Vi\u0219inilor, referitor la num\u0103rul redus de locuri de parcare din zon\u0103. \u00a0Cunosc situa\u021bia. Amenajarea str\u0103zii trebuie \u00eens\u0103 realizat\u0103 cu respectarea normelor legale \u0219i a avizelor necesare, inclusiv a celor privind circula\u021bia rutier\u0103. \u00cen aceste condi\u021bii, proiectul prevede realizarea trotuarelor pe ambele p\u0103r\u021bi ale str\u0103zii, iar l\u0103\u021bimea disponibil\u0103 nu permite amenajarea unor parc\u0103ri f\u0103r\u0103 afectarea semnificativ\u0103 a zonei. Mai mult, dac\u0103 am amenaja parc\u0103ri pe strada Vi\u0219inilor, a\u0219a cum solicit\u0103 unii locuitori, ar trebui sacrifica\u021bi majoritatea copacilor existen\u021bi pe aceast\u0103 strad\u0103, iar spa\u021biul r\u0103mas pentru trotuare ar fi at\u00e2t de redus \u00eenc\u00e2t acestea ar ajunge practic sub ferestrele \u0219i geamurile locuin\u021belor. Nu ne dorim asta. Modernizarea unei str\u0103zi nu trebuie f\u0103cut\u0103 cu pre\u021bul elimin\u0103rii arborilor \u0219i al reducerii spa\u021biului pietonal la minimum. P\u00e2n\u0103 \u00een prezent, o parte dintre autoturisme erau parcate pe trotuare sau pe spa\u021biile verzi neamenajate. Dup\u0103 modernizarea str\u0103zii, aceste situa\u021bii nu vor mai putea continua, deoarece trotuarele trebuie s\u0103 r\u0103m\u00e2n\u0103 libere \u0219i accesibile pietonilor. Exist\u0103 \u00eens\u0103 o solu\u021bie pentru \u00eentreaga zon\u0103. Pe strada adiacent\u0103, Narciselor, \u00een locul celor 8 garaje \u0219i al zonei aferente, Prim\u0103ria va amenaja o parcare cu aproximativ 60 de locuri. Aceasta va putea deservi nu doar locuitorii str\u0103zii Narciselor, ci \u0219i pe cei de pe strada Vi\u0219inilor \u0219i din imediata vecin\u0103tate. Practic, \u00een loc s\u0103 transform\u0103m strada Vi\u0219inilor \u00eentr-o zon\u0103 dominat\u0103 de ma\u0219ini, s\u0103 elimin\u0103m arborii \u0219i s\u0103 reducem trotuarele, alegem s\u0103 cre\u0103m o parcare dedicat\u0103, cu aproximativ 60 de locuri, la c\u00e2\u021biva pa\u0219i de aceast\u0103 zon\u0103. Ata\u0219\u0103m proiectul pentru strada Narciselor, unde pot fi v\u0103zute amplasarea \u0219i num\u0103rul locurilor de parcare prev\u0103zute. Ne dorim o solu\u021bie echilibrat\u0103: trotuare sigure, arbori p\u0103stra\u021bi, str\u0103zi modernizate \u0219i locuri de parcare suficiente \u00een imediata apropiere\u201d, a explicat Vasile R\u00eembu.<\/p>\n<p><img loading=\"lazy\" decoding=\"async\" class=\"alignnone size-medium wp-image-554711\" src=\"https:\/\/img.svnews.ro\/foto\/2026\/08\/20\/554710\/3dc59dcc0f9ee24aa9fedf36306500359.jpg\" alt width=\"650\" height=\"359\"><\/p>\n<p><img loading=\"lazy\" decoding=\"async\" class=\"alignnone size-medium wp-image-554712\" src=\"https:\/\/img.svnews.ro\/foto\/2026\/08\/20\/554710\/ecf2389c7e44d1eb026cae6ad06500433.jpg\" alt width=\"650\" height=\"433\"><\/p>\n<p><img decoding=\"async\" loading=\"lazy\" class=\"alignnone size-medium wp-image-554714\" src=\"https:\/\/img.svnews.ro\/foto\/2026\/08\/20\/554710\/d7202f33e277f4caebfcabda506500488.jpg\" alt width=\"650\" height=\"488\"><\/p>\n<p><span class=\"hreview-aggregate\"><span class=\"item\"><span class=\"fn\">Prim\u0103ria Suceava a finalizat de amenajat spa\u021biile dintre blocuri \u0219i locurile de parcare pe str\u0103zile Ion Neculce \u0219i Octav B\u0103ncil\u0103 din cartierul Zamca. Primarul R\u00eembu a g\u0103sit \u0219i solu\u021bia pentru cei care nu au locuri de parcare pe strada Vi\u0219inilor (foto)<\/span><\/span>, <span class=\"rating\"><span class=\"average\">10.0<\/span> out of <span class=\"best\">10<\/span> based on <span class=\"votes\">1<\/span> rating <\/span><\/span><\/div>\n<div>\n<div>VN:F [1.9.22_1171]<\/div>\n<div class=\"ratingblock \">\n<div class=\"ratingstars \">\n<div id=\"article_loader_554710\" class=\"ratingloaderarticle\">\n<div class=\"loader arrows \">\n<div class=\"loaderinner\">se actualizeaz\u0103&#8230;<\/div>\n<\/div>\n<\/div>\n<\/div>\n<div class=\"ratingtext \">\n<div id=\"gdr_text_a554710\">Rating: 10.0\/<strong>10<\/strong> (1 vote cast)<\/div>\n<\/div>\n<\/div>\n<\/div>\n<\/div>\n<div class=\"entry_content\">\n<p>Prim\u0103ria municipiului Suceava a finalizat de amenajat spa\u021biile dintre blocuri \u0219i locurile de parcare pe str\u0103zile Ion Neculce \u0219i Octav B\u0103ncil\u0103 din cartierul Zamca. Primarul Vasile R\u00eembu a anun\u021bat c\u0103 a g\u0103sit \u0219i solu\u021bia pentru cei care nu au locuri de parcare pe strada Vi\u0219inilor: vor fi amenajate 60 de locuri pe strada Narciselor, adiacent\u0103 str\u0103zii Vi\u0219inilor.<\/p>\n<p>\u201dScuze c\u0103 nu am putut reac\u021biona p\u00e2n\u0103 acum la situa\u021bia de pe str. Vi\u0219inilor, referitor la num\u0103rul redus de locuri de parcare din zon\u0103. \u00a0Cunosc situa\u021bia. Amenajarea str\u0103zii trebuie \u00eens\u0103 realizat\u0103 cu respectarea normelor legale \u0219i a avizelor necesare, inclusiv a celor privind circula\u021bia rutier\u0103. \u00cen aceste condi\u021bii, proiectul prevede realizarea trotuarelor pe ambele p\u0103r\u021bi ale str\u0103zii, iar l\u0103\u021bimea disponibil\u0103 nu permite amenajarea unor parc\u0103ri f\u0103r\u0103 afectarea semnificativ\u0103 a zonei. Mai mult, dac\u0103 am amenaja parc\u0103ri pe strada Vi\u0219inilor, a\u0219a cum solicit\u0103 unii locuitori, ar trebui sacrifica\u021bi majoritatea copacilor existen\u021bi pe aceast\u0103 strad\u0103, iar spa\u021biul r\u0103mas pentru trotuare ar fi at\u00e2t de redus \u00eenc\u00e2t acestea ar ajunge practic sub ferestrele \u0219i geamurile locuin\u021belor. Nu ne dorim asta. Modernizarea unei str\u0103zi nu trebuie f\u0103cut\u0103 cu pre\u021bul elimin\u0103rii arborilor \u0219i al reducerii spa\u021biului pietonal la minimum. P\u00e2n\u0103 \u00een prezent, o parte dintre autoturisme erau parcate pe trotuare sau pe spa\u021biile verzi neamenajate. Dup\u0103 modernizarea str\u0103zii, aceste situa\u021bii nu vor mai putea continua, deoarece trotuarele trebuie s\u0103 r\u0103m\u00e2n\u0103 libere \u0219i accesibile pietonilor. Exist\u0103 \u00eens\u0103 o solu\u021bie pentru \u00eentreaga zon\u0103. Pe strada adiacent\u0103, Narciselor, \u00een locul celor 8 garaje \u0219i al zonei aferente, Prim\u0103ria va amenaja o parcare cu aproximativ 60 de locuri. Aceasta va putea deservi nu doar locuitorii str\u0103zii Narciselor, ci \u0219i pe cei de pe strada Vi\u0219inilor \u0219i din imediata vecin\u0103tate. Practic, \u00een loc s\u0103 transform\u0103m strada Vi\u0219inilor \u00eentr-o zon\u0103 dominat\u0103 de ma\u0219ini, s\u0103 elimin\u0103m arborii \u0219i s\u0103 reducem trotuarele, alegem s\u0103 cre\u0103m o parcare dedicat\u0103, cu aproximativ 60 de locuri, la c\u00e2\u021biva pa\u0219i de aceast\u0103 zon\u0103. Ata\u0219\u0103m proiectul pentru strada Narciselor, unde pot fi v\u0103zute amplasarea \u0219i num\u0103rul locurilor de parcare prev\u0103zute. Ne dorim o solu\u021bie echilibrat\u0103: trotuare sigure, arbori p\u0103stra\u021bi, str\u0103zi modernizate \u0219i locuri de parcare suficiente \u00een imediata apropiere\u201d, a explicat Vasile R\u00eembu.<\/p>\n<p><img loading=\"lazy\" decoding=\"async\" class=\"alignnone size-medium wp-image-554711\" src=\"https:\/\/img.svnews.ro\/foto\/2026\/08\/20\/554710\/3dc59dcc0f9ee24aa9fedf36306500359.jpg\" alt width=\"650\" height=\"359\"><\/p>\n<p><img loading=\"lazy\" decoding=\"async\" class=\"alignnone size-medium wp-image-554712\" src=\"https:\/\/img.svnews.ro\/foto\/2026\/08\/20\/554710\/ecf2389c7e44d1eb026cae6ad06500433.jpg\" alt width=\"650\" height=\"433\"><\/p>\n<p><img decoding=\"async\" loading=\"lazy\" class=\"alignnone size-medium wp-image-554714\" src=\"https:\/\/img.svnews.ro\/foto\/2026\/08\/20\/554710\/d7202f33e277f4caebfcabda506500488.jpg\" alt width=\"650\" height=\"488\"><\/p>\n<p><span class=\"hreview-aggregate\"><span class=\"item\"><span class=\"fn\">Prim\u0103ria Suceava a finalizat de amenajat spa\u021biile dintre blocuri \u0219i locurile de parcare pe str\u0103zile Ion Neculce \u0219i Octav B\u0103ncil\u0103 din cartierul Zamca. Primarul R\u00eembu a g\u0103sit \u0219i solu\u021bia pentru cei care nu au locuri de parcare pe strada Vi\u0219inilor (foto)<\/span><\/span>, <span class=\"rating\"><span class=\"average\">10.0<\/span> out of <span class=\"best\">10<\/span> based on <span class=\"votes\">1<\/span> rating <\/span><\/span><\/div>\n<p>[analyse_source url=&#8221;https:\/\/www.svnews.ro\/primaria-suceava-a-finalizat-de-amenajat-spatiile-dintre-blocuri-si-locurile-de-parcare-pe-strazile-ion-neculce-si-octav-bancila-din-cartierul-zamca-primarul-rimbu-a-gasit-si-solutia-pentru-cei-care\/554710\/&#8221;]<\/p>\n","protected":false},"excerpt":{"rendered":"<p>[analyse_image type=&#8221;featured&#8221; src=&#8221;https:\/\/img.svnews.ro\/foto\/2026\/08\/20\/554710\/3f02f8dcc356fe790cbaff248.jpg&#8221;] Prim\u0103ria municipiului Suceava a finalizat de amenajat spa\u021biile dintre blocuri \u0219i locurile de parcare pe str\u0103zile Ion Neculce \u0219i Octav B\u0103ncil\u0103 din cartierul Zamca. Primarul Vasile R\u00eembu a anun\u021bat c\u0103 a g\u0103sit \u0219i solu\u021bia pentru cei care nu au locuri de parcare pe strada Vi\u0219inilor: vor fi amenajate 60 de locuri pe [&hellip;]<\/p>\n","protected":false},"author":1,"featured_media":0,"comment_status":"open","ping_status":"","sticky":false,"template":"","format":"standard","meta":{"footnotes":""},"categories":[89],"tags":[226,175],"class_list":["post-2109356","post","type-post","status-publish","format-standard","hentry","category-romania","tag-crawlmanager","tag-svnews-ro"],"_links":{"self":[{"href":"https:\/\/analyse.optim.biz\/index.php?rest_route=\/wp\/v2\/posts\/2109356","targetHints":{"allow":["GET"]}}],"collection":[{"href":"https:\/\/analyse.optim.biz\/index.php?rest_route=\/wp\/v2\/posts"}],"about":[{"href":"https:\/\/analyse.optim.biz\/index.php?rest_route=\/wp\/v2\/types\/post"}],"author":[{"embeddable":true,"href":"https:\/\/analyse.optim.biz\/index.php?rest_route=\/wp\/v2\/users\/1"}],"replies":[{"embeddable":true,"href":"https:\/\/analyse.optim.biz\/index.php?rest_route=%2Fwp%2Fv2%2Fcomments&post=2109356"}],"version-history":[{"count":0,"href":"https:\/\/analyse.optim.biz\/index.php?rest_route=\/wp\/v2\/posts\/2109356\/revisions"}],"wp:attachment":[{"href":"https:\/\/analyse.optim.biz\/index.php?rest_route=%2Fwp%2Fv2%2Fmedia&parent=2109356"}],"wp:term":[{"taxonomy":"category","embeddable":true,"href":"https:\/\/analyse.optim.biz\/index.php?rest_route=%2Fwp%2Fv2%2Fcategories&post=2109356"},{"taxonomy":"post_tag","embeddable":true,"href":"https:\/\/analyse.optim.biz\/index.php?rest_route=%2Fwp%2Fv2%2Ftags&post=2109356"}],"curies":[{"name":"wp","href":"https:\/\/api.w.org\/{rel}","templated":true}]}}