{"id":210935,"date":"2014-02-27T06:20:53","date_gmt":"2014-02-27T03:20:53","guid":{"rendered":"https:\/\/analyse.optim.biz\/?p=210935"},"modified":"2014-02-27T06:20:53","modified_gmt":"2014-02-27T03:20:53","slug":"usl-inca-respira-in-teritoriu-in-ce-judete-mai-functioneaza-protocolul","status":"publish","type":"post","link":"https:\/\/analyse.optim.biz\/?p=210935","title":{"rendered":"USL \u00eenc\u0103 respir\u0103 \u00een teritoriu. \u00cen ce jude\u0163e mai func\u0163ioneaz\u0103 protocolul"},"content":{"rendered":"<div class=\"entry data-app-meta data-app-meta-article\" data-embed-base-url-canonical=\"https:\/\/www.digi24.ro\/embed\/stiri\/actualitate\/politica\/usl-inca-respira-in-teritoriu-in-ce-judete-mai-functioneaza-protocolul-206683\">\n<p data-index=\"1\"><span><strong>Ruperea Uniunii Social Liberale a \u00eemp\u0103r\u0163it Rom\u00e2nia din punct de vedere politic. Sunt jude\u0163e \u00een care protocolul \u00eenc\u0103 mai func\u0163ioneaz\u0103, iar liderii PSD \u015fi PNL au anun\u0163at c\u0103 vor colabora \u00een continuare. \u00cen schimb, \u00een alte p\u0103r\u0163i, alian\u0163a s-a destr\u0103mat.<\/strong><\/span><\/p>\n<p data-index=\"2\"><img decoding=\"async\" src=\"https:\/\/analyse.optim.biz\/wp-content\/uploads\/2024\/09\/ognmogywmjflzjyzzgu5m2uwmtg4mwy1mgzlngq3-thumb_.jpg\" data-skip-htmlfix=\"1\" title=\"ognmogywmjflzjyzzgu5m2uwmtg4mwy1mgzlngq3-thumb_\"><\/p>\n<p data-index=\"3\">Liderii PSD \u015fi PNL de pe plan local s-au \u00een\u0163eles s\u0103 continue colaborarea \u015fi s\u0103 lucreze \u00eempreun\u0103 \u00een <strong>Bra\u015fov, Arad, Harghita, Suceava, Prahova, Sibiu, Buz\u0103u \u015fi Vrancea<\/strong>. Pe de alt\u0103 parte, sunt jude\u0163e \u00een care at\u00e2t liberalii, c\u00e2t \u015fi social democra\u0163ii, sunt indeci\u015fi, nu au hot\u0103r\u00e2t dac\u0103 vor mai colabora sau urmeaz\u0103 exemplul Bucure\u015ftiului. Astfel de cazuri se \u00eent\u00e2lnesc \u00een <strong>Timi\u015f, Ia\u015fi \u015fi Gorj<\/strong>.<\/p>\n<p data-index=\"4\">De altfel, conducerile pe plan jude\u0163ean ale PSD \u015fi PNL se \u00eent\u00e2lnesc joi \u00een toat\u0103 \u0163ara pentru a stabili cum vor proceda \u00een continuare. La nivel central \u00eens\u0103, la sf\u00e2r\u015fitul s\u0103pt\u0103m\u00e2nii, liderii PSD \u015fi UDMR se \u00eent\u00e2lnesc pentru a discuta o posibil\u0103 intrare la guvernare a UDMR.<\/p>\n<\/div>\n<p> Source URL: https:\/\/www.digi24.ro\/stiri\/actualitate\/politica\/usl-inca-respira-in-teritoriu-in-ce-judete-mai-functioneaza-protocolul-206683<\/p>\n","protected":false},"excerpt":{"rendered":"<p>Ruperea Uniunii Social Liberale a \u00eemp\u0103r\u0163it Rom\u00e2nia din punct de vedere politic. Sunt jude\u0163e \u00een care protocolul \u00eenc\u0103 mai func\u0163ioneaz\u0103, iar liderii PSD \u015fi PNL au anun\u0163at c\u0103 vor colabora \u00een continuare. \u00cen schimb, \u00een alte p\u0103r\u0163i, alian\u0163a s-a destr\u0103mat. Liderii PSD \u015fi PNL de pe plan local s-au \u00een\u0163eles s\u0103 continue colaborarea \u015fi s\u0103 [&hellip;]<\/p>\n","protected":false},"author":1,"featured_media":210936,"comment_status":"open","ping_status":"","sticky":false,"template":"","format":"standard","meta":{"footnotes":""},"categories":[2],"tags":[11],"class_list":["post-210935","post","type-post","status-publish","format-standard","has-post-thumbnail","hentry","category-politics","tag-digi24"],"_links":{"self":[{"href":"https:\/\/analyse.optim.biz\/index.php?rest_route=\/wp\/v2\/posts\/210935","targetHints":{"allow":["GET"]}}],"collection":[{"href":"https:\/\/analyse.optim.biz\/index.php?rest_route=\/wp\/v2\/posts"}],"about":[{"href":"https:\/\/analyse.optim.biz\/index.php?rest_route=\/wp\/v2\/types\/post"}],"author":[{"embeddable":true,"href":"https:\/\/analyse.optim.biz\/index.php?rest_route=\/wp\/v2\/users\/1"}],"replies":[{"embeddable":true,"href":"https:\/\/analyse.optim.biz\/index.php?rest_route=%2Fwp%2Fv2%2Fcomments&post=210935"}],"version-history":[{"count":0,"href":"https:\/\/analyse.optim.biz\/index.php?rest_route=\/wp\/v2\/posts\/210935\/revisions"}],"wp:featuredmedia":[{"embeddable":true,"href":"https:\/\/analyse.optim.biz\/index.php?rest_route=\/wp\/v2\/media\/210936"}],"wp:attachment":[{"href":"https:\/\/analyse.optim.biz\/index.php?rest_route=%2Fwp%2Fv2%2Fmedia&parent=210935"}],"wp:term":[{"taxonomy":"category","embeddable":true,"href":"https:\/\/analyse.optim.biz\/index.php?rest_route=%2Fwp%2Fv2%2Fcategories&post=210935"},{"taxonomy":"post_tag","embeddable":true,"href":"https:\/\/analyse.optim.biz\/index.php?rest_route=%2Fwp%2Fv2%2Ftags&post=210935"}],"curies":[{"name":"wp","href":"https:\/\/api.w.org\/{rel}","templated":true}]}}