{"id":2109333,"date":"2026-08-24T16:40:23","date_gmt":"2026-08-24T13:40:23","guid":{"rendered":"https:\/\/analyse.optim.biz\/?p=2109333"},"modified":"2026-08-24T16:40:23","modified_gmt":"2026-08-24T13:40:23","slug":"legea-integritatii-a-fost-adoptata-de-camera-deputatilor-cu-amendamentele-usr","status":"publish","type":"post","link":"https:\/\/analyse.optim.biz\/?p=2109333","title":{"rendered":"Legea integrit\u0103\u021bii a fost adoptat\u0103 de Camera Deputa\u021bilor, cu amendamentele USR"},"content":{"rendered":"<p>[analyse_image type=&#8221;featured&#8221; src=&#8221;https:\/\/ziardesuceava.ro\/wp-content\/uploads\/2026\/08\/79827-1024&#215;592.png&#8221;]<\/p>\n<div class=\"post-content clearfix\">\n<div class=\"blog-post-thumb\"><img loading=\"lazy\" decoding=\"async\" width=\"1043\" height=\"603\" src=\"https:\/\/ziardesuceava.ro\/wp-content\/uploads\/2026\/08\/79827.png\" class=\"attachment-inhype-blog-thumb size-inhype-blog-thumb wp-post-image\" alt><\/div>\n<div class=\"entry-content\">\n<p>Legea integrit\u0103\u021bii a afost adoptat\u0103 luni de plenul Camerei Deputa\u021bilor, cu amendamente privind transparen\u021ba averilor \u0219i intereselor demnitarilor, dup\u0103 decizia CCR de respingere a unui amendament introdus de AUR referitor la averile partenerilor.<\/p>\n<div>\n<p>Adoptat cu 183 de voturi \u201cpentru\u201d, 84 voturi \u201ccontra\u201d \u0219i 3 ab\u021bineri, proiectul de lege merge la Senat pentru votul final.<\/p>\n<p>USR a depus luni \u00een Parlament amendamente care introduc o transparen\u021b\u0103 par\u021bial\u0103 asupra averilor, dup\u0103 decizia Cur\u021bii Constitu\u021bionale care a eliminat caracterul public al unor informa\u021bii din declara\u021biile de avere.<\/p>\n<p>Propunerea prevede existen\u021ba unei fi\u0219e publice pentru fiecare demnitar, care va ar\u0103ta ordinea de m\u0103rime a averii \u0219i a datoriilor, firmele \u00een care are interese \u0219i contractele luate de acestea cu statul \u0219i func\u021biile de\u021binute \u00een partide sau alteorganiza\u021bii.<\/p>\n<p>\u201cVreau s\u0103 subliniez faptul c\u0103 dumneavoastr\u0103, presa, a\u021bi reu\u0219it \u00een nenum\u0103rate r\u00e2nduri s\u0103 scoate\u021bi la iveal\u0103 m\u0103g\u0103rii comise de demnitari tocmai plec\u00e2nd de la aceste declara\u021bii de avere. Forma pe care o propunem este complet constitu\u021bional\u0103. Sper\u0103m s\u0103 ob\u021binem voturi de la toate partidele politice pentru c\u0103 o lege a integrit\u0103\u021bii f\u0103r\u0103 transparen\u021b\u0103 nu este cu adev\u0103rat o lege a integrit\u0103\u021bii\u201d, a declarat luni la Palatul Parlamentului deputatul USR Alexandru Dimitriu.<\/p>\n<p>PSD, \u00een schimb, a depus un amendament privind eliminarea complet\u0103 a declara\u021biilor de avere, pe motiv c\u0103 astfel se respect\u0103 decizia CCR.<\/p>\n<p>Comisia juridic\u0103 \u0219i cea de Constitu\u021bionalitate au acceptat amendamentul USR, dup\u0103 \u00eendelungi discu\u021bii provocate de \u00eencercarea PSD de eliminare a propunerilor USR.<\/p>\n<p>\u00cen plen, \u00eenainte de vot, fostul ministru PSD al justi\u021biei Radu Marinescu a declarat c\u0103, \u201c\u00een mod evident, grupul parlamentar al PSD va vota \u00een favoarea acestei legi\u201d, deoarece este o \u201clege modern\u0103\u201d, care stabile\u0219te \u201ccriterii \u0219i standarde de integritate adecvate contextului actual al statului de drept din Rom\u00e2nia\u201d. <\/p>\n<p>\u201cFaptul c\u0103 s-a reu\u0219it salvarea unei forme de publicitate a declara\u021biilor de avere \u0219i interese, chestiune care corespunde at\u00e2t a\u0219tept\u0103rilor din partea partenerilor no\u0219tri interna\u021bional, c\u00e2t \u0219i a\u0219tept\u0103rilor legitime ale societ\u0103\u021bii rom\u00e2ne\u0219ti\u201d, a spus Marinescu, sus\u021bin\u00e2nd c\u0103 PSD a fost de la \u00eenceput \u00een favoarea unei forme de publicitate a declara\u021biilor de avere \u0219i interese.<\/p>\n<p>Pe 17 august, Curtea Constitu\u021bional\u0103, cu unanimitate de voturi, a admis obiec\u021bia de neconstitu\u021bionalitate \u0219i a constatat c\u0103 sintagma \u201cpersoana care are rela\u021bii asem\u0103n\u0103toare acelora dintre so\u021bi\u201d e neconstitu\u021bional\u0103.<\/p>\n<p>Pe de alt\u0103 parte, a apreciat c\u0103 amendamentul prin care Dominic Fritz \u00ee\u0219i pierde mandatul constitu\u021bional.<\/p>\n<p>Legea este jalon \u00een PNRR \u0219i trebuie s\u0103 fie adoptat\u0103 p\u00e2n\u0103 luni, 31 august.\u00a0<\/p>\n<iframe loading=\"lazy\" src=\"https:\/\/www.facebook.com\/plugins\/post.php?href=https%3A%2F%2Fwww.facebook.com%2Fdominicprimar%2Fposts%2Fpfbid02piZ1FjmjWJEZrcwczQXuy7KDCFMKpXr5wc3TMaAYfpYUqwFRdMkecZMEuqthW3vDl&amp;show_text=true&amp;width=500\" width=\"500\" height=\"297\" scrolling=\"no\" frameborder allowfullscreen=\"true\" allow=\"autoplay; clipboard-write; encrypted-media; picture-in-picture; web-share\"><\/iframe>\n<\/div>\n<\/div>\n<div class=\"inhype-social-share-fixed sidebar-position-right\">\n<div class=\"post-social-wrapper\">\n<div class=\"post-social-title\"><span class=\"post-social-title-text\">Share<\/span><\/div>\n<\/div>\n<\/div>\n<\/div>\n<p>[analyse_source url=&#8221;https:\/\/ziardesuceava.ro\/legea-integritatii-a-fost-adoptata-de-camera-deputatilor-cu-amendamentele-usr\/&#8221;]<\/p>\n","protected":false},"excerpt":{"rendered":"<p>[analyse_image type=&#8221;featured&#8221; src=&#8221;https:\/\/ziardesuceava.ro\/wp-content\/uploads\/2026\/08\/79827-1024&#215;592.png&#8221;] Legea integrit\u0103\u021bii a afost adoptat\u0103 luni de plenul Camerei Deputa\u021bilor, cu amendamente privind transparen\u021ba averilor \u0219i intereselor demnitarilor, dup\u0103 decizia CCR de respingere a unui amendament introdus de AUR referitor la averile partenerilor. Adoptat cu 183 de voturi \u201cpentru\u201d, 84 voturi \u201ccontra\u201d \u0219i 3 ab\u021bineri, proiectul de lege merge la Senat pentru [&hellip;]<\/p>\n","protected":false},"author":1,"featured_media":0,"comment_status":"open","ping_status":"","sticky":false,"template":"","format":"standard","meta":{"footnotes":""},"categories":[89],"tags":[226,171],"class_list":["post-2109333","post","type-post","status-publish","format-standard","hentry","category-romania","tag-crawlmanager","tag-ziardesuceava-ro"],"_links":{"self":[{"href":"https:\/\/analyse.optim.biz\/index.php?rest_route=\/wp\/v2\/posts\/2109333","targetHints":{"allow":["GET"]}}],"collection":[{"href":"https:\/\/analyse.optim.biz\/index.php?rest_route=\/wp\/v2\/posts"}],"about":[{"href":"https:\/\/analyse.optim.biz\/index.php?rest_route=\/wp\/v2\/types\/post"}],"author":[{"embeddable":true,"href":"https:\/\/analyse.optim.biz\/index.php?rest_route=\/wp\/v2\/users\/1"}],"replies":[{"embeddable":true,"href":"https:\/\/analyse.optim.biz\/index.php?rest_route=%2Fwp%2Fv2%2Fcomments&post=2109333"}],"version-history":[{"count":0,"href":"https:\/\/analyse.optim.biz\/index.php?rest_route=\/wp\/v2\/posts\/2109333\/revisions"}],"wp:attachment":[{"href":"https:\/\/analyse.optim.biz\/index.php?rest_route=%2Fwp%2Fv2%2Fmedia&parent=2109333"}],"wp:term":[{"taxonomy":"category","embeddable":true,"href":"https:\/\/analyse.optim.biz\/index.php?rest_route=%2Fwp%2Fv2%2Fcategories&post=2109333"},{"taxonomy":"post_tag","embeddable":true,"href":"https:\/\/analyse.optim.biz\/index.php?rest_route=%2Fwp%2Fv2%2Ftags&post=2109333"}],"curies":[{"name":"wp","href":"https:\/\/api.w.org\/{rel}","templated":true}]}}