{"id":2109327,"date":"2026-08-24T07:33:26","date_gmt":"2026-08-24T04:33:26","guid":{"rendered":"https:\/\/analyse.optim.biz\/?p=2109327"},"modified":"2026-08-24T07:33:26","modified_gmt":"2026-08-24T04:33:26","slug":"ministrul-mediului-diana-buzoianu-ursii-care-ajung-in-orase-trebuie-impuscati","status":"publish","type":"post","link":"https:\/\/analyse.optim.biz\/?p=2109327","title":{"rendered":"Ministrul Mediului, Diana Buzoianu: \u201eUr\u0219ii care ajung \u00een ora\u0219e trebuie \u00eempu\u0219ca\u021bi\u201d"},"content":{"rendered":"<p>[analyse_image type=&#8221;featured&#8221; src=&#8221;https:\/\/ziardesuceava.ro\/wp-content\/uploads\/2026\/06\/urs-1024&#215;683.jpg&#8221;]<\/p>\n<div class=\"post-content clearfix\">\n<div class=\"blog-post-thumb\"><img loading=\"lazy\" decoding=\"async\" width=\"1140\" height=\"694\" src=\"https:\/\/ziardesuceava.ro\/wp-content\/uploads\/2026\/06\/urs-1140x694.jpg\" class=\"attachment-inhype-blog-thumb size-inhype-blog-thumb wp-post-image\" alt><\/div>\n<div class=\"entry-content\">\n<p class=\"first-paragraph\">Ministrul interimar al Mediului, Diana Buzoianu, a declarat c\u0103, pentru ur\u015fii care vin \u00een intravilan, nu mai ai ce s\u0103 faci altceva dec\u00e2t s\u0103 ai o interven\u0163ie direct\u0103, adic\u0103 s\u0103 fie \u00eempu\u015fca\u0163i.<\/p>\n<p>Ministrul interimar al Mediului a declarat la TVR INFO c\u0103 primarii au deja posibilitatea de a interveni direct \u00een cazul ur\u015filor care ajung \u00een intravilan \u015fi care reprezint\u0103 un pericol pentru comunit\u0103\u0163i.<\/p>\n<p>\u201cLegea s-a modificat deja \u00een sensul \u00een care ei pot interveni pentru absolut orice urs care intr\u0103 \u00een intravilan. Nu mai este nevoie s\u0103 fac\u0103 toat\u0103 acea interven\u0163ie gradual\u0103 care era o condi\u0163ie \u00een legisla\u0163ia anterioar\u0103. Pentru ur\u015fii care vin \u00een intravilan nu mai putem, pentru c\u0103 sunt periculo\u015fi. Noi trebuie s\u0103 recunoa\u015ftem c\u0103 aceia sunt ur\u015fi, \u00een general, habitua\u0163i, care nu mai au fric\u0103 natural\u0103 de om, care sunt periculo\u015fi pentru comunit\u0103\u0163i. Vedem film\u0103ri cu ur\u015fi care \u00eencearc\u0103 s\u0103 deschid\u0103 u\u015file pe la hoteluri, oameni care se trezesc cu ur\u015fii direct \u00een gospod\u0103riile lor. (..) Este clar c\u0103 acolo vorbim de ni\u015fte ur\u015fi pentru care nu mai ai ce s\u0103 faci altceva dec\u00e2t s\u0103 ai o interven\u0163ie direct\u0103. Adic\u0103 s\u0103 fie \u00eempu\u015fca\u0163i.\u201d, a spus Buzoianu.<\/p>\n<p>Ministrul a precizat c\u0103 avem \u00eentre 10.000 \u015fi 12.000 de ur\u015fi \u00een Rom\u00e2nia. \u201cAsta \u00eenseamn\u0103, ca s\u0103 \u00ee\u015fi fac\u0103 toat\u0103 lumea o idee, adun\u0103m to\u0163i ur\u015fii din toat\u0103 Europa, \u00eei mai \u00eenmul\u0163im cu c\u00e2teva cifre \u015fi tot nu d\u0103 c\u00e2t avem noi.\u201d, a subliniat ea.<\/p>\n<p>\u201cEste clar c\u0103 Rom\u00e2nia nu poate sus\u0163ine \u015fi nu face fa\u0163\u0103 la o astfel de problem\u0103. \u015ei asta trebuie s\u0103 fie rezolvat\u0103 inclusiv cu cote de interven\u0163ie, adic\u0103 cu v\u00e2n\u0103toarea care trebuie s\u0103 fie f\u0103cut\u0103. (..) V\u00e2n\u0103toarea respectiv\u0103 trebuie s\u0103 fie f\u0103cut\u0103 pe ni\u015fte criterii \u015ftiin\u0163ifice, de zonare. Dac\u0103 vor fi f\u0103cute f\u0103r\u0103 cap, nu vor face dec\u00e2t s\u0103 creasc\u0103 problema\u201d, a ar\u0103tat Buzoianu.<\/p>\n<p>Diana Buzoianu a mai afirmat c\u0103 este de acord c\u0103 trebuie s\u0103 existe cote de preven\u0163ie.<\/p>\n<p>\u201cSper ca modalitatea \u00een care vor fi puse \u00een aplicare aceste cote s\u0103 nu ne aduc\u0103, \u00eentr-un an sau doi ani, de fapt, \u00eentr-o situa\u0163ie mai rea.\u201d, a mai apreciat ea.<\/p>\n<\/div>\n<div class=\"inhype-social-share-fixed sidebar-position-right\">\n<div class=\"post-social-wrapper\">\n<div class=\"post-social-title\"><span class=\"post-social-title-text\">Share<\/span><\/div>\n<\/div>\n<\/div>\n<\/div>\n<p>[analyse_source url=&#8221;https:\/\/ziardesuceava.ro\/ministrul-mediului-diana-buzoianu-ursii-care-ajung-in-orase-trebuie-impuscati\/&#8221;]<\/p>\n","protected":false},"excerpt":{"rendered":"<p>[analyse_image type=&#8221;featured&#8221; src=&#8221;https:\/\/ziardesuceava.ro\/wp-content\/uploads\/2026\/06\/urs-1024&#215;683.jpg&#8221;] Ministrul interimar al Mediului, Diana Buzoianu, a declarat c\u0103, pentru ur\u015fii care vin \u00een intravilan, nu mai ai ce s\u0103 faci altceva dec\u00e2t s\u0103 ai o interven\u0163ie direct\u0103, adic\u0103 s\u0103 fie \u00eempu\u015fca\u0163i. Ministrul interimar al Mediului a declarat la TVR INFO c\u0103 primarii au deja posibilitatea de a interveni direct \u00een cazul [&hellip;]<\/p>\n","protected":false},"author":1,"featured_media":0,"comment_status":"open","ping_status":"","sticky":false,"template":"","format":"standard","meta":{"footnotes":""},"categories":[89],"tags":[226,171],"class_list":["post-2109327","post","type-post","status-publish","format-standard","hentry","category-romania","tag-crawlmanager","tag-ziardesuceava-ro"],"_links":{"self":[{"href":"https:\/\/analyse.optim.biz\/index.php?rest_route=\/wp\/v2\/posts\/2109327","targetHints":{"allow":["GET"]}}],"collection":[{"href":"https:\/\/analyse.optim.biz\/index.php?rest_route=\/wp\/v2\/posts"}],"about":[{"href":"https:\/\/analyse.optim.biz\/index.php?rest_route=\/wp\/v2\/types\/post"}],"author":[{"embeddable":true,"href":"https:\/\/analyse.optim.biz\/index.php?rest_route=\/wp\/v2\/users\/1"}],"replies":[{"embeddable":true,"href":"https:\/\/analyse.optim.biz\/index.php?rest_route=%2Fwp%2Fv2%2Fcomments&post=2109327"}],"version-history":[{"count":0,"href":"https:\/\/analyse.optim.biz\/index.php?rest_route=\/wp\/v2\/posts\/2109327\/revisions"}],"wp:attachment":[{"href":"https:\/\/analyse.optim.biz\/index.php?rest_route=%2Fwp%2Fv2%2Fmedia&parent=2109327"}],"wp:term":[{"taxonomy":"category","embeddable":true,"href":"https:\/\/analyse.optim.biz\/index.php?rest_route=%2Fwp%2Fv2%2Fcategories&post=2109327"},{"taxonomy":"post_tag","embeddable":true,"href":"https:\/\/analyse.optim.biz\/index.php?rest_route=%2Fwp%2Fv2%2Ftags&post=2109327"}],"curies":[{"name":"wp","href":"https:\/\/api.w.org\/{rel}","templated":true}]}}