{"id":2109323,"date":"2026-08-24T15:39:41","date_gmt":"2026-08-24T12:39:41","guid":{"rendered":"https:\/\/analyse.optim.biz\/?p=2109323"},"modified":"2026-08-24T15:39:41","modified_gmt":"2026-08-24T12:39:41","slug":"senatul-aproba-o-comisie-de-ancheta-privind-intalnirea-bolojan-tanasescu-inainte-de-o-decizie-ccr","status":"publish","type":"post","link":"https:\/\/analyse.optim.biz\/?p=2109323","title":{"rendered":"Senatul aprob\u0103 o comisie de anchet\u0103 privind \u00eent\u00e2lnirea Bolojan-T\u0103n\u0103sescu \u00eenainte de o decizie CCR"},"content":{"rendered":"<p>[analyse_image type=&#8221;featured&#8221; src=&#8221;https:\/\/ziardesuceava.ro\/wp-content\/uploads\/2026\/08\/79825-1024&#215;683.jpg&#8221;]<\/p>\n<div class=\"post-content clearfix\">\n<div class=\"blog-post-thumb\"><img loading=\"lazy\" decoding=\"async\" width=\"1140\" height=\"694\" src=\"https:\/\/ziardesuceava.ro\/wp-content\/uploads\/2026\/08\/79825-1140x694.jpg\" class=\"attachment-inhype-blog-thumb size-inhype-blog-thumb wp-post-image\" alt><\/div>\n<div class=\"entry-content\">\n<div>\n<p class=\"fara-orfani lead\">Senatul a aprobat o comisie de anchet\u0103 privind \u00eent\u00e2lnirea dintre premierul interimar Ilie Bolojan \u0219i pre\u0219edintele CCR Simina T\u0103n\u0103sescu \u00eenainte de o decizie a Cur\u021bii.<\/p>\n<div class=\"continut-articol\">\n<p>\u00cen \u0219edin\u021ba \u00een format hibrid a plenului de luni, 67 de senatori au votat \u00een favoarea \u201cdesf\u0103\u0219ur\u0103rii unei anchete parlamentare de c\u0103tre Comisia pentru Constitu\u021bionalitate referitoare la \u00eemprejurarea \u00een care a avut loc \u00eent\u00e2lnirea dintre primul ministru interimar al Guvernului Rom\u00e2niei, domnul Ilie Bolojan, \u0219i pre\u0219edintele Cur\u021bii Constitu\u021bionale a Rom\u00e2niei, doamna judec\u0103tor Elena Simina T\u0103n\u0103sescu\u201d.<\/p>\n<p>41 de senatori au votat \u00eempotriv\u0103. Nu a fost nicio ab\u021binere.<\/p>\n<p>Reprezentan\u021ba Comisiei pentru Constitu\u021bionalitate a precizat c\u0103 ancheta parlamentar\u0103 are drept \u201cscop \u0219i obiective analizarea \u0219i clarificarea cu privire la \u00eemprejur\u0103rile \u00een care a a avut loc \u00eent\u00e2lnirea, la natura \u0219i scopul acesteia, la motivul pentru care \u00eentrevederea s-a desf\u0103\u0219urat \u00een biroul pre\u0219edintelui Senatului, precum \u0219i temele discutate cu ocazia acestei \u00eent\u00e2lniri din ziua de 14 august 2026, \u00een vederea afl\u0103rii adev\u0103rului pentru men\u021binerea \u00eencrederii publice \u00een impar\u021bialitatea \u0219i integritatea actului jurisdic\u021bional al Cur\u021bii Constitu\u021bionale\u201d.<\/p>\n<p> Explica\u021bia privind natura \u00eent\u00e2lnirii devine legitim necesar\u0103, deoarece Curtea Constitu\u021bional\u0103 urma s\u0103 se pronun\u021be asupra unor cauze cu miz\u0103 institu\u021bional\u0103, inclusiv pentru forma\u021biunea politic\u0103 reprezentat\u0103 de Ilie Bolojan. <\/p>\n<p>\u201cScopul \u00eent\u00e2lnirii trebuie clarificat transparent, av\u00e2nd \u00een vedere c\u0103 independen\u021ba unei jurisdic\u021bii depinde \u00een egal\u0103 m\u0103sur\u0103 de conduit a celor care exercit\u0103 func\u021bii \u00een cadrul acesteia. Curtea Constitu\u021bional\u0103 nu este o autoritate politic\u0103, ea este garantul suprema\u021biei Constitu\u021biei \u0219i unica autoritate de jurisdic\u021bie constitu\u021bional\u0103\u201d.<\/p>\n<p>Concluziile anchetei parlamentare realizate de Comisia pentru Constitu\u021bionalitate vor fi cuprinse \u00eentr-un raport ce va fi prezentat Biroului permanent al Senatului \u00een termen de 14 zile.\u00a0\u00a0<\/p>\n<\/div>\n<\/div>\n<\/div>\n<div class=\"inhype-social-share-fixed sidebar-position-right\">\n<div class=\"post-social-wrapper\">\n<div class=\"post-social-title\"><span class=\"post-social-title-text\">Share<\/span><\/div>\n<\/div>\n<\/div>\n<\/div>\n<p>[analyse_source url=&#8221;https:\/\/ziardesuceava.ro\/senatul-aproba-o-comisie-de-ancheta-privind-intalnirea-bolojan-tanasescu-inainte-de-o-decizie-ccr\/&#8221;]<\/p>\n","protected":false},"excerpt":{"rendered":"<p>[analyse_image type=&#8221;featured&#8221; src=&#8221;https:\/\/ziardesuceava.ro\/wp-content\/uploads\/2026\/08\/79825-1024&#215;683.jpg&#8221;] Senatul a aprobat o comisie de anchet\u0103 privind \u00eent\u00e2lnirea dintre premierul interimar Ilie Bolojan \u0219i pre\u0219edintele CCR Simina T\u0103n\u0103sescu \u00eenainte de o decizie a Cur\u021bii. \u00cen \u0219edin\u021ba \u00een format hibrid a plenului de luni, 67 de senatori au votat \u00een favoarea \u201cdesf\u0103\u0219ur\u0103rii unei anchete parlamentare de c\u0103tre Comisia pentru Constitu\u021bionalitate referitoare la [&hellip;]<\/p>\n","protected":false},"author":1,"featured_media":0,"comment_status":"open","ping_status":"","sticky":false,"template":"","format":"standard","meta":{"footnotes":""},"categories":[89],"tags":[226,171],"class_list":["post-2109323","post","type-post","status-publish","format-standard","hentry","category-romania","tag-crawlmanager","tag-ziardesuceava-ro"],"_links":{"self":[{"href":"https:\/\/analyse.optim.biz\/index.php?rest_route=\/wp\/v2\/posts\/2109323","targetHints":{"allow":["GET"]}}],"collection":[{"href":"https:\/\/analyse.optim.biz\/index.php?rest_route=\/wp\/v2\/posts"}],"about":[{"href":"https:\/\/analyse.optim.biz\/index.php?rest_route=\/wp\/v2\/types\/post"}],"author":[{"embeddable":true,"href":"https:\/\/analyse.optim.biz\/index.php?rest_route=\/wp\/v2\/users\/1"}],"replies":[{"embeddable":true,"href":"https:\/\/analyse.optim.biz\/index.php?rest_route=%2Fwp%2Fv2%2Fcomments&post=2109323"}],"version-history":[{"count":0,"href":"https:\/\/analyse.optim.biz\/index.php?rest_route=\/wp\/v2\/posts\/2109323\/revisions"}],"wp:attachment":[{"href":"https:\/\/analyse.optim.biz\/index.php?rest_route=%2Fwp%2Fv2%2Fmedia&parent=2109323"}],"wp:term":[{"taxonomy":"category","embeddable":true,"href":"https:\/\/analyse.optim.biz\/index.php?rest_route=%2Fwp%2Fv2%2Fcategories&post=2109323"},{"taxonomy":"post_tag","embeddable":true,"href":"https:\/\/analyse.optim.biz\/index.php?rest_route=%2Fwp%2Fv2%2Ftags&post=2109323"}],"curies":[{"name":"wp","href":"https:\/\/api.w.org\/{rel}","templated":true}]}}