{"id":2109319,"date":"2026-08-22T11:01:01","date_gmt":"2026-08-22T08:01:01","guid":{"rendered":"https:\/\/analyse.optim.biz\/?p=2109319"},"modified":"2026-08-22T11:01:01","modified_gmt":"2026-08-22T08:01:01","slug":"cetatea-1932-suceava-a-cedat-la-stefanestii-de-jos","status":"publish","type":"post","link":"https:\/\/analyse.optim.biz\/?p=2109319","title":{"rendered":"Cetatea 1932 Suceava a cedat la \u0218tef\u0103ne\u0219tii de Jos"},"content":{"rendered":"<p>[analyse_image type=&#8221;featured&#8221; src=&#8221;https:\/\/img.svnews.ro\/foto\/2026\/08\/22\/554974\/36ae325e3aaaeea7b5cc55e10.jpeg&#8221;]<\/p>\n<div class=\"entry\"><img loading=\"lazy\" decoding=\"async\" width=\"650\" height=\"325\" src=\"https:\/\/img.svnews.ro\/foto\/2026\/08\/22\/554974\/36ae325e3aaaeea7b5cc55e1006500325.jpeg\" alt><\/p>\n<div class=\"entry_content\">\n<p>Cetatea 1932 Suceava a fost \u00eenvins\u0103 cu scorul de 3-1 de CSL \u0218tef\u0103ne\u0219tii de Jos, \u00een etapa a IV-a a Ligii a II-a.<\/p>\n<p>\u201eAlb-alba\u0219trii\u201d au \u00eenceput bine partida \u0219i au deschis scorul \u00een minutul 18, prin Lorand Fulop. Gazdele au \u00eentors \u00eens\u0103 rezultatul p\u00e2n\u0103 la pauz\u0103, dup\u0103 \u201edubla\u201d reu\u0219it\u0103 de Andrei Florescu, \u00een minutele 38 \u0219i 41.<\/p>\n<p>\u00cen actul secund, forma\u021bia preg\u0103tit\u0103 de Petre Grigora\u0219 a c\u0103utat golul egalizator, \u00eens\u0103 tot echipa din \u0218tef\u0103ne\u0219tii de Jos a punctat. Marius Dumitru a stabilit rezultatul final \u00een minutul 85, c\u00e2nd a transformat o lovitur\u0103 de pedeaps\u0103.<\/p>\n<p>Petre Grigora\u0219 a \u00eenceput partida \u00een urm\u0103toarea formul\u0103: Alin Ciobanu \u2013 Ciprian Perju, Stej\u0103rel Vi\u0219inar, Vl\u0103du\u021b Cimbru, C\u0103t\u0103lin Golofca, Mario Bai, Gabriel David, St\u00e9phane Ferhaoui, Lorand Fulop, Alexandru Aftanache \u0219i Gabriel R\u0103ducan.<\/p>\n<p>Pe parcursul \u00eent\u00e2lnirii au mai evoluat Alin Burde\u021b, Vlad Ilie, Mahadi Kayondo, Denis Bujor \u0219i Cosmin Tucaliuc.<\/p>\n<p><img loading=\"lazy\" decoding=\"async\" class=\"alignnone size-medium wp-image-554975\" src=\"https:\/\/img.svnews.ro\/foto\/2026\/08\/22\/554974\/16d612a9301cd5e002ac7221106500365.jpeg\" alt width=\"650\" height=\"365\"><\/p>\n<p><img loading=\"lazy\" decoding=\"async\" class=\"alignnone size-medium wp-image-554976\" src=\"https:\/\/img.svnews.ro\/foto\/2026\/08\/22\/554974\/e7acc772f5e514058f33ad4f106500365.jpeg\" alt width=\"650\" height=\"365\"><\/p>\n<p><img decoding=\"async\" loading=\"lazy\" class=\"alignnone size-medium wp-image-554978\" src=\"https:\/\/img.svnews.ro\/foto\/2026\/08\/22\/554974\/c0fa6aee7fb27ae82d5340a0606500365.jpeg\" alt width=\"650\" height=\"365\"><\/p>\n<\/div>\n<div>\n<div>VN:F [1.9.22_1171]<\/div>\n<div class=\"ratingblock \">\n<div class=\"ratingstars \">\n<div id=\"article_loader_554974\" class=\"ratingloaderarticle\">\n<div class=\"loader arrows \">\n<div class=\"loaderinner\">se actualizeaz\u0103&#8230;<\/div>\n<\/div>\n<\/div>\n<\/div>\n<div class=\"ratingtext \">\n<div id=\"gdr_text_a554974\">Rating: 0.0\/<strong>10<\/strong> (0 votes cast)<\/div>\n<\/div>\n<\/div>\n<\/div>\n<\/div>\n<div class=\"entry_content\">\n<p>Cetatea 1932 Suceava a fost \u00eenvins\u0103 cu scorul de 3-1 de CSL \u0218tef\u0103ne\u0219tii de Jos, \u00een etapa a IV-a a Ligii a II-a.<\/p>\n<p>\u201eAlb-alba\u0219trii\u201d au \u00eenceput bine partida \u0219i au deschis scorul \u00een minutul 18, prin Lorand Fulop. Gazdele au \u00eentors \u00eens\u0103 rezultatul p\u00e2n\u0103 la pauz\u0103, dup\u0103 \u201edubla\u201d reu\u0219it\u0103 de Andrei Florescu, \u00een minutele 38 \u0219i 41.<\/p>\n<p>\u00cen actul secund, forma\u021bia preg\u0103tit\u0103 de Petre Grigora\u0219 a c\u0103utat golul egalizator, \u00eens\u0103 tot echipa din \u0218tef\u0103ne\u0219tii de Jos a punctat. Marius Dumitru a stabilit rezultatul final \u00een minutul 85, c\u00e2nd a transformat o lovitur\u0103 de pedeaps\u0103.<\/p>\n<p>Petre Grigora\u0219 a \u00eenceput partida \u00een urm\u0103toarea formul\u0103: Alin Ciobanu \u2013 Ciprian Perju, Stej\u0103rel Vi\u0219inar, Vl\u0103du\u021b Cimbru, C\u0103t\u0103lin Golofca, Mario Bai, Gabriel David, St\u00e9phane Ferhaoui, Lorand Fulop, Alexandru Aftanache \u0219i Gabriel R\u0103ducan.<\/p>\n<p>Pe parcursul \u00eent\u00e2lnirii au mai evoluat Alin Burde\u021b, Vlad Ilie, Mahadi Kayondo, Denis Bujor \u0219i Cosmin Tucaliuc.<\/p>\n<p><img loading=\"lazy\" decoding=\"async\" class=\"alignnone size-medium wp-image-554975\" src=\"https:\/\/img.svnews.ro\/foto\/2026\/08\/22\/554974\/16d612a9301cd5e002ac7221106500365.jpeg\" alt width=\"650\" height=\"365\"><\/p>\n<p><img loading=\"lazy\" decoding=\"async\" class=\"alignnone size-medium wp-image-554976\" src=\"https:\/\/img.svnews.ro\/foto\/2026\/08\/22\/554974\/e7acc772f5e514058f33ad4f106500365.jpeg\" alt width=\"650\" height=\"365\"><\/p>\n<p><img decoding=\"async\" loading=\"lazy\" class=\"alignnone size-medium wp-image-554978\" src=\"https:\/\/img.svnews.ro\/foto\/2026\/08\/22\/554974\/c0fa6aee7fb27ae82d5340a0606500365.jpeg\" alt width=\"650\" height=\"365\"><\/p>\n<\/div>\n<p>[analyse_source url=&#8221;https:\/\/www.svnews.ro\/cetatea-1932-suceava-a-cedat-la-stefanestii-de-jos\/554974\/&#8221;]<\/p>\n","protected":false},"excerpt":{"rendered":"<p>[analyse_image type=&#8221;featured&#8221; src=&#8221;https:\/\/img.svnews.ro\/foto\/2026\/08\/22\/554974\/36ae325e3aaaeea7b5cc55e10.jpeg&#8221;] Cetatea 1932 Suceava a fost \u00eenvins\u0103 cu scorul de 3-1 de CSL \u0218tef\u0103ne\u0219tii de Jos, \u00een etapa a IV-a a Ligii a II-a. \u201eAlb-alba\u0219trii\u201d au \u00eenceput bine partida \u0219i au deschis scorul \u00een minutul 18, prin Lorand Fulop. Gazdele au \u00eentors \u00eens\u0103 rezultatul p\u00e2n\u0103 la pauz\u0103, dup\u0103 \u201edubla\u201d reu\u0219it\u0103 de Andrei Florescu, [&hellip;]<\/p>\n","protected":false},"author":1,"featured_media":0,"comment_status":"open","ping_status":"","sticky":false,"template":"","format":"standard","meta":{"footnotes":""},"categories":[89],"tags":[226,175],"class_list":["post-2109319","post","type-post","status-publish","format-standard","hentry","category-romania","tag-crawlmanager","tag-svnews-ro"],"_links":{"self":[{"href":"https:\/\/analyse.optim.biz\/index.php?rest_route=\/wp\/v2\/posts\/2109319","targetHints":{"allow":["GET"]}}],"collection":[{"href":"https:\/\/analyse.optim.biz\/index.php?rest_route=\/wp\/v2\/posts"}],"about":[{"href":"https:\/\/analyse.optim.biz\/index.php?rest_route=\/wp\/v2\/types\/post"}],"author":[{"embeddable":true,"href":"https:\/\/analyse.optim.biz\/index.php?rest_route=\/wp\/v2\/users\/1"}],"replies":[{"embeddable":true,"href":"https:\/\/analyse.optim.biz\/index.php?rest_route=%2Fwp%2Fv2%2Fcomments&post=2109319"}],"version-history":[{"count":0,"href":"https:\/\/analyse.optim.biz\/index.php?rest_route=\/wp\/v2\/posts\/2109319\/revisions"}],"wp:attachment":[{"href":"https:\/\/analyse.optim.biz\/index.php?rest_route=%2Fwp%2Fv2%2Fmedia&parent=2109319"}],"wp:term":[{"taxonomy":"category","embeddable":true,"href":"https:\/\/analyse.optim.biz\/index.php?rest_route=%2Fwp%2Fv2%2Fcategories&post=2109319"},{"taxonomy":"post_tag","embeddable":true,"href":"https:\/\/analyse.optim.biz\/index.php?rest_route=%2Fwp%2Fv2%2Ftags&post=2109319"}],"curies":[{"name":"wp","href":"https:\/\/api.w.org\/{rel}","templated":true}]}}