{"id":2109306,"date":"2026-08-24T17:13:10","date_gmt":"2026-08-24T14:13:10","guid":{"rendered":"https:\/\/analyse.optim.biz\/?p=2109306"},"modified":"2026-08-24T17:13:10","modified_gmt":"2026-08-24T14:13:10","slug":"expozitie-eveniment-la-muzeul-de-istorie-suceava-moda-la-portile-levantului-pana-pe-4-octombrie-foto","status":"publish","type":"post","link":"https:\/\/analyse.optim.biz\/?p=2109306","title":{"rendered":"Expozi\u021bie eveniment, la Muzeul de Istorie Suceava &#8211; Moda la Por\u021bile Levantului, p\u00e2n\u0103 pe 4 octombrie FOTO &#8211;"},"content":{"rendered":"<p>[analyse_image type=&#8221;featured&#8221; src=&#8221;https:\/\/www.informatiata.ro\/wp-content\/uploads\/2026\/08\/moda-1-1024&#215;580.jpg&#8221;]<\/p>\n<div class=\"td-post-content tagdiv-type\">\n<div class=\"td-post-featured-image\"><a href=\"https:\/\/www.informatiata.ro\/wp-content\/uploads\/2026\/08\/moda-1.jpg\" data-caption><img loading=\"lazy\" decoding=\"async\" width=\"696\" height=\"394\" class=\"entry-thumb td-modal-image\" src=\"https:\/\/www.informatiata.ro\/wp-content\/uploads\/2026\/08\/moda-1-696x394.jpg\" alt title=\"moda 1\"><img loading=\"lazy\" decoding=\"async\" width=\"696\" height=\"394\" class=\"entry-thumb td-modal-image\" src=\"https:\/\/www.informatiata.ro\/wp-content\/uploads\/2026\/08\/moda-1-696x394.jpg\" alt title=\"moda 1\"><\/a><\/div>\n<p>Expozi\u021bie eveniment, la Muzeul de Istorie Suceava \u2013 Moda la Por\u021bile Levantului, p\u00e2n\u0103 pe 4 octombrie.<\/p>\n<p>Expozi\u021bia, deschis\u0103 la Muzeul de Istorie, Sala Media, \u00a0este un eveniment pentru publicul cunosc\u0103tor sau nu al vie\u021bii \u0219i modelor de odinioar\u0103.<\/p>\n<div class=\"td-a-rec td-a-rec-id-content_inlineright  tdi_7 td_block_template_1\"><img loading=\"lazy\" decoding=\"async\" class=\"aligncenter size-full wp-image-66032\" src=\"https:\/\/www.informatiata.ro\/wp-content\/uploads\/2026\/08\/SAVCOM-MOD.gif\" alt width=\"299\" height=\"250\"><img loading=\"lazy\" decoding=\"async\" class=\"aligncenter size-full wp-image-66032\" src=\"https:\/\/www.informatiata.ro\/wp-content\/uploads\/2026\/08\/SAVCOM-MOD.gif\" alt width=\"299\" height=\"250\"><img loading=\"lazy\" decoding=\"async\" class=\"aligncenter size-full wp-image-66033\" src=\"https:\/\/www.informatiata.ro\/wp-content\/uploads\/2026\/08\/FACOS-3-3.gif\" alt width=\"300\" height=\"250\"><img loading=\"lazy\" decoding=\"async\" class=\"aligncenter size-full wp-image-66033\" src=\"https:\/\/www.informatiata.ro\/wp-content\/uploads\/2026\/08\/FACOS-3-3.gif\" alt width=\"300\" height=\"250\"><\/div>\n<p>Poate fi, \u00een acela\u0219i timp, o surs\u0103 de inspira\u021bie pentru designerul care se afl\u0103 \u00een fiecare dintre noi. Pot fi admirate \u00een ansamblu \u015fi prin detalii bine alese, rochii confec\u0163ionate din catifea sau brocart, decorate abundent cu broderii de fir, pentru jup\u00e2nese \u015fi jup\u00e2ni\u0163e, anterie de cutnie, pipiri (hain\u0103 cu sau f\u0103r\u0103 m\u00e2neci, cu poale lungi \u015fi mult \u00eencre\u0163ite la spate) ciupage din borangic cusute cu fir metalic, fermenele \u015fi cepchene (fermenele cu m\u00e2neci lungi \u0219i despicate) al c\u0103ror piept \u015fi spate era minu\u0163ios decorat cu m\u0103iestre cus\u0103turi cu model fitomorf, ilice, \u015falvari sau poturi de arn\u0103u\u0163i \u015fi surugii, fesuri cu lungi canafi, \u015faluri de ca\u015fmir, foarte pre\u021bioase, ce se transmiteau din genera\u021bie \u00een genera\u021bie.<\/p>\n<p>\u00cenc\u0103l\u0163\u0103rile fine din catifea, \u00een nuan\u0163e rafinate: imineii din piele decora\u0163i cu broderii de fir, me\u015fii boiere\u0219ti, de asemenea cu ni\u015fte fine ornamente de fir, papucii din catifea decora\u0163i cu perlu\u0163e \u015fi broderii de fir sau greoii nal\u00e2ni, narghilelele \u0219i pernele pe care st\u0103teau tol\u0103ni\u021bi boierii, bijuteriile, vin s\u0103 sus\u021bin\u0103 ideea de culoare, str\u0103lucire, fast.<\/p>\n<p>Toate aceste autentice \u0219i inestimabile piese de costum \u0219i accesorii pot re\u00eenvia o lume apus\u0103 prin intermediul scenografiei muzeistice. Stampele cu tipuri sociale, portrete de principi \u0219i de jup\u00e2ni\u021be, arta plastic\u0103, obiectele de uz casnic din aceste vremuri trecute, arta decorativ\u0103, armele, scenele de gen, toate completeaz\u0103 tabloul Bucure\u0219tiului fanariot \u0219i al celui de tranzi\u021bie spre Occident, al elitelor \u0219i al mahalagiilor care au tr\u0103it \u00een acest spa\u021biu urban levantin.<\/p>\n<p>Piesele autentice din colec\u021biile Muzeului Municipiului Bucure\u0219ti \u2013 Textile \u0219i accesorii vestimentare, Art\u0103 Plastic\u0103-Pictur\u0103, Art\u0103 Decorativ\u0103-Metal, Diverse, \u0218tiin\u021b\u0103-Tehnic\u0103, Tip\u0103rituri \u0219i Imprimate \u2013 redau elegan\u021ba \u0219i frumuse\u021bea stilurilor artistice orientale care au fost asimilate \u00een arta rom\u00e2neasc\u0103.<\/p>\n<p>\u021a\u0103rile Rom\u00e2ne, aflate la frontiera dintre Orient \u0219i Occident, sau, cum s-a spus, \u201ela por\u021bile Levantului\u201d, au fost un punct de contact permanent \u00eentre cele dou\u0103 mari arii culturale. Felul \u00een care au fost asimilate \u00een spa\u021biul rom\u00e2nesc elementele istorice, culturale, modul de via\u021b\u0103, religia,este redat, \u00een primul r\u00e2nd vizual, cu ajutorul artei.<\/p>\n<p>\u00centre artele vizuale, cel care la prima vedere transmite epoca, modul de via\u021b\u0103, treapta social\u0103, nivelul cultural, gustul pentru frumos, starea civil\u0103, apartenen\u021ba religioas\u0103, \u0219.a., este costumul.<\/p>\n<p>Raport\u00e2ndu-ne la spa\u021biul rom\u00e2nesc, costumul poveste\u0219te istoria \u021a\u0103rilor Rom\u00e2ne, modul \u00een care s-au raportat deopotriv\u0103 la lumea oriental\u0103 \u0219i la cea occidental\u0103.<\/p>\n<p>Cele mai multe informa\u021bii le avem de la artefactele p\u0103strate \u00een muzee \u0219i studiate de speciali\u0219ti, dar \u0219i de la cei care au c\u0103l\u0103torit \u00een aceast\u0103 lume rom\u00e2neasc\u0103, fascina\u021bi de sincretismul artelor orientale \u0219i occidentale la \u021b\u0103rmul vestic al M\u0103rii Negre. M\u0103rturiile scrise \u00een jurnale sau \u00een schi\u021be de c\u0103l\u0103torie de memoriali\u015ftii str\u0103ini ce au vizitat \u0163inutul \u00een secolele XVIII \u0219i XIX, precum Jean \u00c9tienne Liotard, Louis Dupr\u00e9, Luigi Mayer, Sir Robert Ker Porter, August von Henikstein, sau de plasticieni occidentali precum Auguste Raffet, Charles Doussault, Michel Bouquet, Dieudonn\u00e9 Auguste Lancelot, Anton Chladek, reliefeaz\u0103, \u00een primul r\u00e2nd, frumuse\u021bea \u0219i complexitatea costumului.<\/p>\n<p>\u00cen veacul fanariot, ve\u0219mintele \u2013 prin opulen\u0163\u0103, cromatic\u0103 \u015fi monumentalitate \u2013 erau remarcate \u0219i admirate \u00een saloanele elitelor moldo-valahe. Gustul des\u0103v\u00e2r\u015fit al costumelor, cromatica, fine\u0163ea texturilor impresionau pe cei mai exigen\u0163i critici ai schimb\u0103toarelor mode occidentale. Ace\u015fti principi cre\u015ftini ortodoc\u015fi se considerau mo\u015ftenitorii basileilor \u015fi, dup\u0103 puterea, averea \u015fi gradul de educa\u0163ie ale fiec\u0103rei familii, continuau tradi\u0163iile fastului aulic deprins la curtea Paleologilor \u015fi Comnenilor. Bog\u0103\u0163ia \u015fi luxul exorbitant, epatant, \u00eei ajutau s\u0103 se impun\u0103 \u00een fa\u0163a cur\u0163ilor domnitoare.<\/p>\n<p><img loading=\"lazy\" decoding=\"async\" class=\"aligncenter size-large wp-image-66134\" src=\"https:\/\/www.informatiata.ro\/wp-content\/uploads\/2026\/08\/moda-2-1024x578.jpg\" alt width=\"696\" height=\"393\"><img loading=\"lazy\" decoding=\"async\" class=\"aligncenter size-large wp-image-66134\" src=\"https:\/\/www.informatiata.ro\/wp-content\/uploads\/2026\/08\/moda-2-1024x578.jpg\" alt width=\"696\" height=\"393\"><\/p>\n<p><img loading=\"lazy\" decoding=\"async\" class=\"aligncenter size-large wp-image-66133\" src=\"https:\/\/www.informatiata.ro\/wp-content\/uploads\/2026\/08\/moda-3-1024x524.jpg\" alt width=\"696\" height=\"356\"><img loading=\"lazy\" decoding=\"async\" class=\"aligncenter size-large wp-image-66133\" src=\"https:\/\/www.informatiata.ro\/wp-content\/uploads\/2026\/08\/moda-3-1024x524.jpg\" alt width=\"696\" height=\"356\"><\/p>\n<p>\u00a0<\/p>\n<div class=\"td-a-rec td-a-rec-id-content_bottom  td-rec-hide-on-m tdi_8 td_block_template_1\"><img loading=\"lazy\" decoding=\"async\" class=\"aligncenter size-large wp-image-66091\" src=\"https:\/\/www.informatiata.ro\/wp-content\/uploads\/2026\/08\/LEVANT-300-x-250-pixels-2025-1024x852.jpg\" alt width=\"696\" height=\"579\"><img loading=\"lazy\" decoding=\"async\" class=\"aligncenter size-large wp-image-66091\" src=\"https:\/\/www.informatiata.ro\/wp-content\/uploads\/2026\/08\/LEVANT-300-x-250-pixels-2025-1024x852.jpg\" alt width=\"696\" height=\"579\"><img loading=\"lazy\" decoding=\"async\" class=\"aligncenter size-large wp-image-66092\" src=\"https:\/\/www.informatiata.ro\/wp-content\/uploads\/2026\/08\/costume-Japonia-Romania-300-x-250-pixels-2025-1024x888.jpg\" alt width=\"696\" height=\"604\"><img loading=\"lazy\" decoding=\"async\" class=\"aligncenter size-large wp-image-66092\" src=\"https:\/\/www.informatiata.ro\/wp-content\/uploads\/2026\/08\/costume-Japonia-Romania-300-x-250-pixels-2025-1024x888.jpg\" alt width=\"696\" height=\"604\"><\/p>\n<p>\u00a0<\/p><\/div>\n<\/div>\n<p>[analyse_source url=&#8221;https:\/\/www.informatiata.ro\/moda-la-portile-levantului-expozitie-eveniment\/&#8221;]<\/p>\n","protected":false},"excerpt":{"rendered":"<p>[analyse_image type=&#8221;featured&#8221; src=&#8221;https:\/\/www.informatiata.ro\/wp-content\/uploads\/2026\/08\/moda-1-1024&#215;580.jpg&#8221;] Expozi\u021bie eveniment, la Muzeul de Istorie Suceava \u2013 Moda la Por\u021bile Levantului, p\u00e2n\u0103 pe 4 octombrie. Expozi\u021bia, deschis\u0103 la Muzeul de Istorie, Sala Media, \u00a0este un eveniment pentru publicul cunosc\u0103tor sau nu al vie\u021bii \u0219i modelor de odinioar\u0103. Poate fi, \u00een acela\u0219i timp, o surs\u0103 de inspira\u021bie pentru designerul care se afl\u0103 [&hellip;]<\/p>\n","protected":false},"author":1,"featured_media":0,"comment_status":"open","ping_status":"","sticky":false,"template":"","format":"standard","meta":{"footnotes":""},"categories":[89],"tags":[226,167],"class_list":["post-2109306","post","type-post","status-publish","format-standard","hentry","category-romania","tag-crawlmanager","tag-informatiata-ro"],"_links":{"self":[{"href":"https:\/\/analyse.optim.biz\/index.php?rest_route=\/wp\/v2\/posts\/2109306","targetHints":{"allow":["GET"]}}],"collection":[{"href":"https:\/\/analyse.optim.biz\/index.php?rest_route=\/wp\/v2\/posts"}],"about":[{"href":"https:\/\/analyse.optim.biz\/index.php?rest_route=\/wp\/v2\/types\/post"}],"author":[{"embeddable":true,"href":"https:\/\/analyse.optim.biz\/index.php?rest_route=\/wp\/v2\/users\/1"}],"replies":[{"embeddable":true,"href":"https:\/\/analyse.optim.biz\/index.php?rest_route=%2Fwp%2Fv2%2Fcomments&post=2109306"}],"version-history":[{"count":0,"href":"https:\/\/analyse.optim.biz\/index.php?rest_route=\/wp\/v2\/posts\/2109306\/revisions"}],"wp:attachment":[{"href":"https:\/\/analyse.optim.biz\/index.php?rest_route=%2Fwp%2Fv2%2Fmedia&parent=2109306"}],"wp:term":[{"taxonomy":"category","embeddable":true,"href":"https:\/\/analyse.optim.biz\/index.php?rest_route=%2Fwp%2Fv2%2Fcategories&post=2109306"},{"taxonomy":"post_tag","embeddable":true,"href":"https:\/\/analyse.optim.biz\/index.php?rest_route=%2Fwp%2Fv2%2Ftags&post=2109306"}],"curies":[{"name":"wp","href":"https:\/\/api.w.org\/{rel}","templated":true}]}}