{"id":2109300,"date":"2026-08-24T16:16:42","date_gmt":"2026-08-24T13:16:42","guid":{"rendered":"https:\/\/analyse.optim.biz\/?p=2109300"},"modified":"2026-08-24T16:16:42","modified_gmt":"2026-08-24T13:16:42","slug":"orlando-nicoara-patronul-prima-tv-spune-ca-margarina-vs-unt-a-fost-o-campanie-executata-perfect-care-a-tintit-suveranistii-dar-a-atins-hipsterii","status":"publish","type":"post","link":"https:\/\/analyse.optim.biz\/?p=2109300","title":{"rendered":"Orlando Nicoar\u0103, patronul Prima TV, spune c\u0103 \u201eMargarin\u0103 vs unt\u201d a fost o \u201ecampanie executat\u0103 perfect\u201d, care a \u021bintit suverani\u0219tii, dar a atins hipsterii"},"content":{"rendered":"<p>[analyse_image type=&#8221;featured&#8221; src=&#8221;https:\/\/r3media.ro\/wp-content\/uploads\/2026\/08\/Patiseria-Amzei-1-1200&#215;1200-1-e1787588170655.jpghttps:\/\/r3media.ro\/wp-content\/uploads\/2026\/08\/Patiseria-Amzei-1-1200&#215;1200-1-e1787588170655.jpg&#8221;]<\/p>\n<article id=\"template-id-109\" class=\"post-109 tdb_templates type-tdb_templates status-publish post\">\n<div id=\"tdi_2\" class=\"tdc-zone\">\n<div class=\"tdc_zone tdi_3  wpb_row td-pb-row\">\n<div id=\"tdi_4\" class=\"tdc-row\">\n<div class=\"vc_row tdi_5  wpb_row td-pb-row\">\n<div class=\"vc_column tdi_7  wpb_column vc_column_container tdc-column td-pb-span8\">\n<div class=\"wpb_wrapper\">\n<div class=\"td_block_wrap tdb_breadcrumbs tdi_8 td-pb-border-top td_block_template_1 tdb-breadcrumbs \" data-td-block-uid=\"tdi_8\">\n<div class=\"tdb-block-inner td-fix-index\"><span><a title=\"Vede\u021bi toate articolele \u00een FEATURED\" class=\"tdb-entry-crumb\" href=\"https:\/\/r3media.ro\/category\/featured\/\">FEATURED<\/a><\/span><span class=\"tdb-bred-no-url-last\">Orlando Nicoar\u0103, patronul Prima TV, spune c\u0103 \u201eMargarin\u0103 vs unt\u201d a fost&#8230;<\/span><\/div>\n<\/div>\n<div class=\"td_block_wrap tdb_single_categories tdi_9 td-pb-border-top td_block_template_1 \" data-td-block-uid=\"tdi_9\">\n<div class=\"tdb-category td-fix-index\"><a class=\"tdb-entry-category\" href=\"https:\/\/r3media.ro\/category\/featured\/\">FEATURED<\/a><a class=\"tdb-entry-category\" href=\"https:\/\/r3media.ro\/category\/stiri\/\">\u0218TIRI<\/a><\/div>\n<\/div>\n<div class=\"td_block_wrap tdb_title tdi_10 tdb-single-title td-pb-border-top td_block_template_1\" data-td-block-uid=\"tdi_10\">\n<div class=\"tdb-block-inner td-fix-index\">\n<h1 class=\"tdb-title-text\">Orlando Nicoar\u0103, patronul Prima TV, spune c\u0103 \u201eMargarin\u0103 vs unt\u201d a fost o \u201ecampanie executat\u0103 perfect\u201d, care a \u021bintit suverani\u0219tii, dar a atins hipsterii<\/h1>\n<\/div>\n<\/div>\n<div class=\"vc_row_inner tdi_12  vc_row vc_inner wpb_row td-pb-row\">\n<div class=\"vc_column_inner tdi_14  wpb_column vc_column_container tdc-inner-column td-pb-span12\">\n<div class=\"vc_column-inner\">\n<div class=\"wpb_wrapper\">\n<div class=\"td_block_wrap tdb_single_author tdi_15 td-pb-border-top td_block_template_1 tdb-post-meta\" data-td-block-uid=\"tdi_15\">\n<div class=\"tdb-block-inner td-fix-index\">\n<div class=\"tdb-author-name-wrap\"><a class=\"tdb-author-name\" href=\"https:\/\/r3media.ro\/author\/radu_ursan\/\">Radu Ursan<\/a><\/div>\n<\/div>\n<\/div>\n<div class=\"td_block_wrap tdb_single_date tdi_16 td-pb-border-top td_block_template_1 tdb-post-meta\" data-td-block-uid=\"tdi_16\">\n<div class=\"tdb-block-inner td-fix-index\"><time class=\"entry-date updated td-module-date\" datetime=\"2026-08-24T19:16:42+03:00\">24\/08\/2026<\/time><\/div>\n<\/div>\n<\/div>\n<\/div>\n<\/div>\n<\/div>\n<div class=\"td_block_wrap tdb_single_featured_image tdi_17 tdb-content-horiz-left td-pb-border-top td_block_template_1\" data-td-block-uid=\"tdi_17\">\n<div class=\"tdb-block-inner td-fix-index\">\n<figure><figcaption class=\"tdb-caption-text\">Sursa foto: Instagram<\/figcaption><\/figure>\n<\/div>\n<\/div>\n<div class=\"wpb_wrapper td_block_wrap vc_raw_html tdi_19 \">\n<div class=\"td-fix-index\"><a href=\"https:\/\/www.google.com\/preferences\/source?q=r3media.ro\" target=\"_blank\" rel=\"noopener nofollow\">Ad\u0103uga\u021bi R3media la sursele preferate din Google<\/a><\/div>\n<\/div>\n<div class=\"td_block_wrap tdb_single_content tdi_20 td-pb-border-top td_block_template_1 td-post-content tagdiv-type\" data-td-block-uid=\"tdi_20\">\n<div class=\"tdb-block-inner td-fix-index\">\n<p><strong>Orlando Nicoar\u0103, patronul Prima TV \u0219i unul dintre cei mai influen\u021bi oameni din Rom\u00e2nia, a scris c\u0103 \u201emargarin\u0103 vs unt\u201d a fost o \u201ecampanie executat\u0103 perfect\u201d, care ar fi trebuit s\u0103 \u021binteasc\u0103 spre suverani\u0219ti, dar a nimerit la hipsteri.<\/strong><\/p>\n<p>\u00centr-o postare de pe<a href=\"https:\/\/www.facebook.com\/orlando.nicoara\/posts\/pfbid0ny6c6gXGUvHCvssy6AZqKYkJp7hyehuijzqUwNwDwFyzqJAoLAHoGL5ytAAHoeNAl\" target=\"_blank\" rel=\"noopener\"> pagina sa de facebook<\/a>, Nicoar\u0103 a afirmat c\u0103 tot scandalul iscat pe tema afirma\u021biilor patronului de la \u201eMi\u021ba biciclista\u201d a fost \u201esupapa perfect\u0103\u201d.<\/p>\n<p>Doar c\u0103, \u00een loc s\u0103 ating\u0103 \u021binta suverani\u0219tilor, a ajuns la hipsteri.<\/p>\n<p><em>\u201eMargarina vs unt<\/em> e genul de campanie executat\u0103 perfect, dar pe un target diferit.<\/p>\n<p>Mi\u021bu biciclistul a fost lovit, \u0219i cu st\u00e2nga \u0219i cu dreapta, \u0219i de jos \u0219i de sus, \u0219i din fata \u0219i pe la spate, ironizat, scuipat, \u00eenjurat, cu creativitate sau brutal. Conform briefului.<\/p>\n<p>Supapa perfect\u0103, s-a eliberat mult\u0103 tensiune, creativitatea maxim\u0103, rezultatul excep\u021bional.<\/p>\n<p>Doar c\u0103 brieful cerea s\u0103 se elibereze din tensiunea acumulat\u0103 \u00een societate \u00een r\u00e2ndul suverani\u0219tilor, nu al hipsterilor.<\/p>\n<p>PS. Dac\u0103 jum\u0103tate din energia consumata pe subiect ieri \u0219i azi ar fi canalizata pe subiecte care conteaz\u0103, \u021bara asta ar fi departe\u201d, a scris Nicoar\u0103.<\/p>\n<h2><strong>Context<\/strong><\/h2>\n<p>Orlando Nicoar\u0103 se refer\u0103 la scandalul izbucnit s\u0103pt\u0103m\u00e2na trecut\u0103.<\/p>\n<p>Edmond Niculu\u0219c\u0103, co-fondator \u0219i administrator al localului \u201eLa Mi\u021ba Biciclista\u201d din Pia\u021ba Amzei.<\/p>\n<p>Pe 21 august a publicat un reel despre tipologiile de consumatori, pornind de la citatul atribuit lui Brillat-Savarin, \u201espune-mi ce m\u0103n\u00e2nci \u0219i \u00ee\u021bi spun cine e\u0219ti\u201d, filmat chiar \u00een fa\u021ba Patiseriei Amzei a lui \u201enea Mihai\u201d, aflat\u0103 la vreo 150 de metri de local.<\/p>\n<p>Acesta a ironizat clientul convins c\u0103 cea mai bun\u0103 patiserie e cea de la col\u021bul blocului, spun\u00e2nd c\u0103 omul acela pare s\u0103 fi m\u00e2ncat toat\u0103 via\u021ba doar \u201emargarin\u0103 \u0219i sp\u0103rtur\u0103 de br\u00e2nz\u0103\u201d.<\/p>\n<p>A ad\u0103ugat c\u0103 to\u021bi am crescut cu margarin\u0103, dar c\u0103 p\u00e2n\u0103 nu gu\u0219ti untul, margarina r\u0103m\u00e2ne adev\u0103rul absolut \u2014 \u0219i c\u0103 omul acesta nu e singur, \u201ee o specie\u201d.<\/p>\n<p>Reac\u021bia a fost invers dec\u00e2t se a\u0219tepta: acuza\u021bii de elitism, un eveniment pe Facebook (\u201eSavur\u0103m o merdenea \u00een fa\u021b\u0103 La Mi\u021ba Biciclista\u201d) \u0219i cozi uria\u0219e la nea Mihai.<\/p>\n<p>Orlando Nicoar\u0103 este directorul firmei care de\u021bine drepturile TV \u00een Liga 1 \u0219i membru al board-ului Clever Media.<\/p>\n<p>Clever Media este\u00a0unul dintre cei mai mari juc\u0103tori din pia\u021ba media rom\u00e2neasc\u0103, \u00een portofoliul complet al acestuia intr\u00e2nd 18 canale TV (Prima TV, Prima TV Moldova, Prima Sport 1, Prima Sport 2, Prima Sport 3, Prima Sport 4, Prima Sport 5, Prima 4K, Prima News, Prima Comedy, Profit News, Agro TV, Cinemaraton, Cinemaraton Moldova, Prima History, Medika TV, Prima World, Nostalgia TV), 4 canale PPV Prima Sport \u0219i 10 site-uri (servuscluj.ro, primasport.ro, medikatv.ro, agro-tv.ro. profit.ro, primatv.ro, primanews.ro, primaplay.ro, cinemaraton.ro, primaworld.ro).<\/p>\n<\/div>\n<\/div>\n<div class=\"td_block_wrap tdb_single_tags tdi_21 td-pb-border-top td_block_template_1\" data-td-block-uid=\"tdi_21\">\n<div class=\"tdb-block-inner td-fix-index\">\n<ul class=\"tdb-tags\">\n<li><span>SUBIECTE FIERBIN\u021aI<\/span><\/li>\n<li><a href=\"https:\/\/r3media.ro\/tag\/margarina-vs-unt\/\">margarina vs unt<\/a><\/li>\n<li><a href=\"https:\/\/r3media.ro\/tag\/orlando-nicoara\/\">orlando nicoara<\/a><\/li>\n<\/ul>\n<\/div>\n<\/div>\n<div class=\"td_block_wrap td_block_9 tdi_22 td_with_ajax_pagination td-pb-border-top td_block_template_1 td-column-2 td_block_padding td_block_bot_line\" data-td-block-uid=\"tdi_22\">\n<div class=\"td-block-title-wrap\">\n<h4 class=\"block-title td-block-title\"><span class=\"td-pulldown-size\">CITE\u0218TE MAI MULT<\/span><\/h4>\n<\/div>\n<div id=\"tdi_22\" class=\"td_block_inner\">\n<div class=\"td-block-row\">\n<div class=\"td-block-span6\">\n<div class=\"td_module_8 td_module_wrap\">\n<div class=\"item-details\">\n<h3 class=\"entry-title td-module-title\"><a href=\"https:\/\/r3media.ro\/asociatia-parakletos-ong-banci-franci-elvetieni\/\" rel=\"bookmark\" title=\"Asocia\u021bia Parakletos a disp\u0103rut, oficial. ONG-ul a fost distrus de procesul contra b\u0103ncilor care oferiser\u0103 credite \u00een franci elve\u021bieni\">Asocia\u021bia Parakletos a disp\u0103rut, oficial. ONG-ul a fost distrus de procesul contra b\u0103ncilor care&#8230;<\/a><\/h3>\n<div class=\"td-module-meta-info\"><a href=\"https:\/\/r3media.ro\/category\/featured\/\" class=\"td-post-category\">FEATURED<\/a><span class=\"td-post-author-name\"><a href=\"https:\/\/r3media.ro\/author\/redactia\/\">Redac\u021bia<\/a><span>&#8211;<\/span><\/span><span class=\"td-post-date\"><time class=\"entry-date updated td-module-date\" datetime=\"2026-08-24T11:50:15+03:00\">24\/08\/2026<\/time><\/span><\/div>\n<\/div>\n<\/div>\n<\/div>\n<div class=\"td-block-span6\">\n<div class=\"td_module_8 td_module_wrap\">\n<div class=\"item-details\">\n<h3 class=\"entry-title td-module-title\"><a href=\"https:\/\/r3media.ro\/drona-aeriana-incarcata-explozibil-ajunsa-plaja-tuzla-ucraineana\/\" rel=\"bookmark\" title=\"VIDEO | O dron\u0103 aerian\u0103 \u00eenc\u0103rcat\u0103 cu explozibil \u0219i ajuns\u0103 pe plaja Tuzla s-a dovedit a fi ucrainean\u0103\">VIDEO | O dron\u0103 aerian\u0103 \u00eenc\u0103rcat\u0103 cu explozibil \u0219i ajuns\u0103 pe plaja Tuzla s-a&#8230;<\/a><\/h3>\n<div class=\"td-module-meta-info\"><a href=\"https:\/\/r3media.ro\/category\/stiri-prim-plan\/\" class=\"td-post-category\">PRIM PLAN<\/a><span class=\"td-post-author-name\"><a href=\"https:\/\/r3media.ro\/author\/oana\/\">Oana Ivan<\/a><span>&#8211;<\/span><\/span><span class=\"td-post-date\"><time class=\"entry-date updated td-module-date\" datetime=\"2026-08-22T21:13:17+03:00\">22\/08\/2026<\/time><\/span><\/div>\n<\/div>\n<\/div>\n<\/div>\n<\/div>\n<div class=\"td-block-row\">\n<div class=\"td-block-span6\">\n<div class=\"td_module_8 td_module_wrap\">\n<div class=\"item-details\">\n<h3 class=\"entry-title td-module-title\"><a href=\"https:\/\/r3media.ro\/stapanul-ineleor-inelele-puterii-producator-patrick-mckay-public\/\" rel=\"bookmark\" title=\"St\u0103p\u00e2nul Inelelor: Inelele Puterii. Produc\u0103torul Patrick McKay: Nu cred c\u0103 publicul este cu adev\u0103rat preg\u0103tit pentru ceea ce urmeaz\u0103 de data aceasta\">St\u0103p\u00e2nul Inelelor: Inelele Puterii. Produc\u0103torul Patrick McKay: Nu cred c\u0103 publicul este cu adev\u0103rat&#8230;<\/a><\/h3>\n<div class=\"td-module-meta-info\"><a href=\"https:\/\/r3media.ro\/category\/actualitate\/\" class=\"td-post-category\">ACTUALITATE<\/a><span class=\"td-post-author-name\"><a href=\"https:\/\/r3media.ro\/author\/oana\/\">Oana Ivan<\/a><span>&#8211;<\/span><\/span><span class=\"td-post-date\"><time class=\"entry-date updated td-module-date\" datetime=\"2026-08-21T23:24:20+03:00\">21\/08\/2026<\/time><\/span><\/div>\n<\/div>\n<\/div>\n<\/div>\n<div class=\"td-block-span6\">\n<div class=\"td_module_8 td_module_wrap\">\n<div class=\"item-details\">\n<h3 class=\"entry-title td-module-title\"><a href=\"https:\/\/r3media.ro\/ultimul-climat\/\" rel=\"bookmark\" title=\"Ultimul climat\u00a0\u00a0\u00a0\u00a0\u00a0\">Ultimul climat\u00a0\u00a0\u00a0\u00a0\u00a0<\/a><\/h3>\n<div class=\"td-module-meta-info\"><a href=\"https:\/\/r3media.ro\/category\/opinii\/\" class=\"td-post-category\">OPINII<\/a><span class=\"td-post-author-name\"><a href=\"https:\/\/r3media.ro\/author\/tru\/\">TRU (Traian Ungureanu)<\/a><span>&#8211;<\/span><\/span><span class=\"td-post-date\"><time class=\"entry-date updated td-module-date\" datetime=\"2026-08-20T19:12:13+03:00\">20\/08\/2026<\/time><\/span><\/div>\n<\/div>\n<\/div>\n<\/div>\n<\/div>\n<div class=\"td-block-row\">\n<div class=\"td-block-span6\">\n<div class=\"td_module_8 td_module_wrap\">\n<div class=\"item-details\">\n<h3 class=\"entry-title td-module-title\"><a href=\"https:\/\/r3media.ro\/presedintele-serbiei-razboiul-din-ucraina\/\" rel=\"bookmark\" title=\"Pre\u0219edintele Serbiei nu crede c\u0103 r\u0103zboiul din Ucraina se termin\u0103 cur\u00e2nd: Cred c\u0103 ne afl\u0103m la \u00eenceputul unui r\u0103zboi mult, mult mai mare\">Pre\u0219edintele Serbiei nu crede c\u0103 r\u0103zboiul din Ucraina se termin\u0103 cur\u00e2nd: Cred c\u0103 ne&#8230;<\/a><\/h3>\n<div class=\"td-module-meta-info\"><a href=\"https:\/\/r3media.ro\/category\/actualitate\/\" class=\"td-post-category\">ACTUALITATE<\/a><span class=\"td-post-author-name\"><a href=\"https:\/\/r3media.ro\/author\/teodor_stan\/\">Teodor Stan<\/a><span>&#8211;<\/span><\/span><span class=\"td-post-date\"><time class=\"entry-date updated td-module-date\" datetime=\"2026-08-10T12:22:44+03:00\">10\/08\/2026<\/time><\/span><\/div>\n<\/div>\n<\/div>\n<\/div>\n<div class=\"td-block-span6\">\n<div class=\"td_module_8 td_module_wrap\">\n<div class=\"item-details\">\n<h3 class=\"entry-title td-module-title\"><a href=\"https:\/\/r3media.ro\/fara-apa-fara-curent-fara-viitor-cum-au-sacrificat-pro-europenii-romania-pe-altarul-ecologiei-ieftine\/\" rel=\"bookmark\" title=\"F\u0103r\u0103 ap\u0103, f\u0103r\u0103 curent, f\u0103r\u0103 viitor: cum au sacrificat pro-europenii Rom\u00e2nia pe altarul ecologiei ieftine\">F\u0103r\u0103 ap\u0103, f\u0103r\u0103 curent, f\u0103r\u0103 viitor: cum au sacrificat pro-europenii Rom\u00e2nia pe altarul ecologiei&#8230;<\/a><\/h3>\n<div class=\"td-module-meta-info\"><a href=\"https:\/\/r3media.ro\/category\/actualitate\/\" class=\"td-post-category\">ACTUALITATE<\/a><span class=\"td-post-author-name\"><a href=\"https:\/\/r3media.ro\/author\/paul_lazar\/\">Paul-Daniel Laz\u0103r<\/a><span>&#8211;<\/span><\/span><span class=\"td-post-date\"><time class=\"entry-date updated td-module-date\" datetime=\"2026-08-08T22:30:54+03:00\">08\/08\/2026<\/time><\/span><\/div>\n<\/div>\n<\/div>\n<\/div>\n<\/div>\n<div class=\"td-block-row\">\n<div class=\"td-block-span6\">\n<div class=\"td_module_8 td_module_wrap\">\n<div class=\"item-details\">\n<h3 class=\"entry-title td-module-title\"><a href=\"https:\/\/r3media.ro\/show-iluzie-si-realitate-de-la-the-truman-show-la-son-of-a-rich\/\" rel=\"bookmark\" title=\"Show, iluzie \u0219i realitate: de la The Truman Show la Son of a Rich\">Show, iluzie \u0219i realitate: de la The Truman Show la Son of a Rich<\/a><\/h3>\n<div class=\"td-module-meta-info\"><a href=\"https:\/\/r3media.ro\/category\/actualitate\/\" class=\"td-post-category\">ACTUALITATE<\/a><span class=\"td-post-author-name\"><a href=\"https:\/\/r3media.ro\/author\/costi_balasoiu\/\">Constantin B\u0103l\u0103\u0219oiu<\/a><span>&#8211;<\/span><\/span><span class=\"td-post-date\"><time class=\"entry-date updated td-module-date\" datetime=\"2026-08-08T15:30:25+03:00\">08\/08\/2026<\/time><\/span><\/div>\n<\/div>\n<\/div>\n<\/div>\n<div class=\"td-block-span6\">\n<div class=\"td_module_8 td_module_wrap\">\n<div class=\"item-details\">\n<h3 class=\"entry-title td-module-title\"><a href=\"https:\/\/r3media.ro\/fani-stapanul-inelelor-surpriza-sezonul-3-sauron\/\" rel=\"bookmark\" title=\"Fanii \u201eSt\u0103p\u00e2nul Inelelor\u201c ar putea avea o surpriz\u0103 \u00een sezonul 3 din serialul \u201eInelele Puterii\u201c. Sauron se va confrunta cu o creatur\u0103 de temut\">Fanii \u201eSt\u0103p\u00e2nul Inelelor\u201c ar putea avea o surpriz\u0103 \u00een sezonul 3 din serialul \u201eInelele&#8230;<\/a><\/h3>\n<div class=\"td-module-meta-info\"><a href=\"https:\/\/r3media.ro\/category\/actualitate\/\" class=\"td-post-category\">ACTUALITATE<\/a><span class=\"td-post-author-name\"><a href=\"https:\/\/r3media.ro\/author\/oana\/\">Oana Ivan<\/a><span>&#8211;<\/span><\/span><span class=\"td-post-date\"><time class=\"entry-date updated td-module-date\" datetime=\"2026-08-08T00:19:31+03:00\">08\/08\/2026<\/time><\/span><\/div>\n<\/div>\n<\/div>\n<\/div>\n<\/div>\n<div class=\"td-block-row\">\n<div class=\"td-block-span6\">\n<div class=\"td_module_8 td_module_wrap\">\n<div class=\"item-details\">\n<h3 class=\"entry-title td-module-title\"><a href=\"https:\/\/r3media.ro\/david-popovici-fair-play-sportivi-rusi-competitii\/\" rel=\"bookmark\" title=\"David Popovici, fair-play la revenirea sportivilor ru\u0219i \u00een competi\u021bii: Le urez succes, sper s\u0103 fiu mai bun dec\u00e2t ei\">David Popovici, fair-play la revenirea sportivilor ru\u0219i \u00een competi\u021bii: Le urez succes, sper s\u0103&#8230;<\/a><\/h3>\n<div class=\"td-module-meta-info\"><a href=\"https:\/\/r3media.ro\/category\/actualitate\/\" class=\"td-post-category\">ACTUALITATE<\/a><span class=\"td-post-author-name\"><a href=\"https:\/\/r3media.ro\/author\/redactia\/\">Redac\u021bia<\/a><span>&#8211;<\/span><\/span><span class=\"td-post-date\"><time class=\"entry-date updated td-module-date\" datetime=\"2026-08-07T15:07:51+03:00\">07\/08\/2026<\/time><\/span><\/div>\n<\/div>\n<\/div>\n<\/div>\n<div class=\"td-block-span6\">\n<div class=\"td_module_8 td_module_wrap\">\n<div class=\"item-details\">\n<h3 class=\"entry-title td-module-title\"><a href=\"https:\/\/r3media.ro\/kia-recheama-service-prima-generatie-masini-electrice-e-niro-risc-incendiu\/\" rel=\"bookmark\" title=\"Kia recheam\u0103 \u00een service prima genera\u021bie de ma\u0219ini electrice e-Niro din cauza riscului de incendiu\">Kia recheam\u0103 \u00een service prima genera\u021bie de ma\u0219ini electrice e-Niro din cauza riscului de&#8230;<\/a><\/h3>\n<div class=\"td-module-meta-info\"><a href=\"https:\/\/r3media.ro\/category\/actualitate\/\" class=\"td-post-category\">ACTUALITATE<\/a><span class=\"td-post-author-name\"><a href=\"https:\/\/r3media.ro\/author\/oana\/\">Oana Ivan<\/a><span>&#8211;<\/span><\/span><span class=\"td-post-date\"><time class=\"entry-date updated td-module-date\" datetime=\"2026-08-06T17:07:42+03:00\">06\/08\/2026<\/time><\/span><\/div>\n<\/div>\n<\/div>\n<\/div>\n<\/div>\n<div class=\"td-block-row\">\n<div class=\"td-block-span6\">\n<div class=\"td_module_8 td_module_wrap\">\n<div class=\"item-details\">\n<h3 class=\"entry-title td-module-title\"><a href=\"https:\/\/r3media.ro\/drona-gasita-mare-mamaia-zona-loft-video\/\" rel=\"bookmark\" title=\"VIDEO | O dron\u0103 a fost g\u0103sit\u0103 \u00een mare, \u00een Mamaia, \u00een zona Loft\">VIDEO | O dron\u0103 a fost g\u0103sit\u0103 \u00een mare, \u00een Mamaia, \u00een zona Loft<\/a><\/h3>\n<div class=\"td-module-meta-info\"><a href=\"https:\/\/r3media.ro\/category\/actualitate\/\" class=\"td-post-category\">ACTUALITATE<\/a><span class=\"td-post-author-name\"><a href=\"https:\/\/r3media.ro\/author\/oana\/\">Oana Ivan<\/a><span>&#8211;<\/span><\/span><span class=\"td-post-date\"><time class=\"entry-date updated td-module-date\" datetime=\"2026-08-05T21:48:11+03:00\">05\/08\/2026<\/time><\/span><\/div>\n<\/div>\n<\/div>\n<\/div>\n<div class=\"td-block-span6\">\n<div class=\"td_module_8 td_module_wrap\">\n<div class=\"item-details\">\n<h3 class=\"entry-title td-module-title\"><a href=\"https:\/\/r3media.ro\/cand-incepe-scoala-in-2026-structura-an-nou-scolar\/\" rel=\"bookmark\" title=\"C\u00e2nd \u00eencepe \u0219coala \u00een 2026: Structura noului an \u0219colar, vacan\u021bele \u0219i zilele libere\">C\u00e2nd \u00eencepe \u0219coala \u00een 2026: Structura noului an \u0219colar, vacan\u021bele \u0219i zilele libere<\/a><\/h3>\n<div class=\"td-module-meta-info\"><a href=\"https:\/\/r3media.ro\/category\/actualitate\/\" class=\"td-post-category\">ACTUALITATE<\/a><span class=\"td-post-author-name\"><a href=\"https:\/\/r3media.ro\/author\/oana\/\">Oana Ivan<\/a><span>&#8211;<\/span><\/span><span class=\"td-post-date\"><time class=\"entry-date updated td-module-date\" datetime=\"2026-08-03T22:23:20+03:00\">03\/08\/2026<\/time><\/span><\/div>\n<\/div>\n<\/div>\n<\/div>\n<\/div>\n<\/div>\n<div class=\"td-load-more-wrap td-load-more-infinite-wrap\" id=\"infinite-lm-tdi_22\"><a href=\"https:\/\/r3media.ro\/orlando-nicoara-primatv-margarina-vs-unt-merdenea-vs-croissant\/\" class=\"td_ajax_load_more td_ajax_load_more_js\" aria-label=\"\u00cenc\u0103rca\u021bi mai multe\" id=\"next-page-tdi_22\" data-td_block_id=\"tdi_22\">\u00cenc\u0103rca\u021bi mai multe<\/a><\/div>\n<\/div>\n<div class=\"td_block_wrap tdb_single_comments tdi_23 tdb-comm-layout2 td-pb-border-top td_block_template_1\" data-td-block-uid=\"tdi_23\">\n<div class=\"tdb-block-inner td-fix-index\">\n<div class=\"comments\" id=\"comments\">\n<div id=\"respond\" class=\"comment-respond\">\n<h3 id=\"reply-title\" class=\"comment-reply-title\">AI CEVA DE SPUS? <small><a rel=\"nofollow\" id=\"cancel-comment-reply-link\" href=\"https:\/\/r3media.ro\/orlando-nicoara-primatv-margarina-vs-unt-merdenea-vs-croissant\/#respond\">Renun\u021ba\u021bi la r\u0103spuns<\/a><\/small><\/h3>\n<div class=\"comment-form-input-wrap td-form-comment\">\n<div class=\"td-warning-comment\">V\u0103 rug\u0103m s\u0103 introduce\u021bi comentariul dvs.!<\/div>\n<\/div>\n<div class=\"comment-form-input-wrap td-form-author\">\n<div class=\"td-warning-author\">Introduce\u021bi aici numele dvs.<\/div>\n<\/div>\n<div class=\"comment-form-input-wrap td-form-email\">\n<div class=\"td-warning-email-error\">A\u021bi introdus o adres\u0103 de e-mail incorect\u0103!<\/div>\n<div class=\"td-warning-email\">V\u0103 rug\u0103m s\u0103 introduce\u021bi adresa dvs. de e-mail aici<\/div>\n<\/div>\n<\/div>\n<\/div>\n<\/div>\n<\/div>\n<\/div>\n<\/div>\n<div class=\"vc_column tdi_25  wpb_column vc_column_container tdc-column td-pb-span4 td-is-sticky\">\n<div class=\"wpb_wrapper\" data-sticky-enabled-on=\"W3RydWUsdHJ1ZSx0cnVlLHRydWVd\" data-sticky-offset=\"20\" data-sticky-is-width-auto=\"W2ZhbHNlLGZhbHNlLGZhbHNlLGZhbHNlXQ==\">\n<div class=\"wpb_wrapper td_block_wrap vc_widget_sidebar tdi_27 \">\n<div class=\"td_block_wrap td_block_7 td_block_widget tdi_28 td-pb-border-top td_block_template_1 td-column-1 td_block_padding\" data-td-block-uid=\"tdi_28\">\n<div class=\"td-block-title-wrap\">\n<h4 class=\"block-title td-block-title\"><span class=\"td-pulldown-size\">Articole RELA\u021aIONATE<\/span><\/h4>\n<\/div>\n<div id=\"tdi_28\" class=\"td_block_inner\">\n<div class=\"td-block-span12\">\n<div class=\"td_module_6 td_module_wrap td-animation-stack\">\n<div class=\"td-module-thumb\"><a href=\"https:\/\/r3media.ro\/intalnirea-tinerilor-ortodocsi-ito-2026-bucuresti\/\" rel=\"bookmark\" class=\"td-image-wrap \" title=\"\u00cent\u00e2lnirea Tinerilor Ortodoc\u0219i (ITO) 2026: Peste 500 de tineri ortodoc\u0219i str\u0103ini vin la Bucure\u0219ti\"><img loading=\"lazy\" decoding=\"async\" class=\"entry-thumb\" src=\"https:\/\/r3media.ro\/wp-content\/uploads\/2026\/08\/ito-2026-100x70.webp\" alt title=\"\u00cent\u00e2lnirea Tinerilor Ortodoc\u0219i (ITO) 2026: Peste 500 de tineri ortodoc\u0219i str\u0103ini vin la Bucure\u0219ti\" width=\"100\" height=\"70\"><\/a><\/div>\n<div class=\"item-details\">\n<h3 class=\"entry-title td-module-title\"><a href=\"https:\/\/r3media.ro\/intalnirea-tinerilor-ortodocsi-ito-2026-bucuresti\/\" rel=\"bookmark\" title=\"\u00cent\u00e2lnirea Tinerilor Ortodoc\u0219i (ITO) 2026: Peste 500 de tineri ortodoc\u0219i str\u0103ini vin la Bucure\u0219ti\">\u00cent\u00e2lnirea Tinerilor Ortodoc\u0219i (ITO) 2026: Peste 500 de tineri ortodoc\u0219i str\u0103ini&#8230;<\/a><\/h3>\n<div class=\"td-module-meta-info\"><span class=\"td-post-date\"><time class=\"entry-date updated td-module-date\" datetime=\"2026-08-24T14:39:44+03:00\">24\/08\/2026<\/time><\/span><\/div>\n<\/div>\n<\/div>\n<\/div>\n<div class=\"td-block-span12\">\n<div class=\"td_module_6 td_module_wrap td-animation-stack\">\n<div class=\"td-module-thumb\"><a href=\"https:\/\/r3media.ro\/aproape-15-milioane-britanici-utilizare-cash-avans-plati-electronice\/\" rel=\"bookmark\" class=\"td-image-wrap \" title=\"Aproape 1,5 milioane de britanici continu\u0103 s\u0103 foloseasc\u0103 doar cash, \u00een ciuda avansului pl\u0103\u021bilor electronice\"><img loading=\"lazy\" decoding=\"async\" class=\"entry-thumb\" src=\"https:\/\/r3media.ro\/wp-content\/uploads\/2026\/08\/lire-sterline-cash-100x70.jpg\" alt title=\"Aproape 1,5 milioane de britanici continu\u0103 s\u0103 foloseasc\u0103 doar cash, \u00een ciuda avansului pl\u0103\u021bilor electronice\" width=\"100\" height=\"70\"><\/a><\/div>\n<div class=\"item-details\">\n<h3 class=\"entry-title td-module-title\"><a href=\"https:\/\/r3media.ro\/aproape-15-milioane-britanici-utilizare-cash-avans-plati-electronice\/\" rel=\"bookmark\" title=\"Aproape 1,5 milioane de britanici continu\u0103 s\u0103 foloseasc\u0103 doar cash, \u00een ciuda avansului pl\u0103\u021bilor electronice\">Aproape 1,5 milioane de britanici continu\u0103 s\u0103 foloseasc\u0103 doar cash, \u00een&#8230;<\/a><\/h3>\n<div class=\"td-module-meta-info\"><span class=\"td-post-date\"><time class=\"entry-date updated td-module-date\" datetime=\"2026-08-24T12:55:19+03:00\">24\/08\/2026<\/time><\/span><\/div>\n<\/div>\n<\/div>\n<\/div>\n<div class=\"td-block-span12\">\n<div class=\"td_module_6 td_module_wrap td-animation-stack\">\n<div class=\"td-module-thumb\"><a href=\"https:\/\/r3media.ro\/asociatia-parakletos-ong-banci-franci-elvetieni\/\" rel=\"bookmark\" class=\"td-image-wrap \" title=\"Asocia\u021bia Parakletos a disp\u0103rut, oficial. ONG-ul a fost distrus de procesul contra b\u0103ncilor care oferiser\u0103 credite \u00een franci elve\u021bieni\"><img loading=\"lazy\" decoding=\"async\" class=\"entry-thumb\" src=\"https:\/\/r3media.ro\/wp-content\/uploads\/2026\/08\/asociatia-parakletos-100x70.jpg\" alt title=\"Asocia\u021bia Parakletos a disp\u0103rut, oficial. ONG-ul a fost distrus de procesul contra b\u0103ncilor care oferiser\u0103 credite \u00een franci elve\u021bieni\" width=\"100\" height=\"70\"><\/a><\/div>\n<div class=\"item-details\">\n<h3 class=\"entry-title td-module-title\"><a href=\"https:\/\/r3media.ro\/asociatia-parakletos-ong-banci-franci-elvetieni\/\" rel=\"bookmark\" title=\"Asocia\u021bia Parakletos a disp\u0103rut, oficial. ONG-ul a fost distrus de procesul contra b\u0103ncilor care oferiser\u0103 credite \u00een franci elve\u021bieni\">Asocia\u021bia Parakletos a disp\u0103rut, oficial. ONG-ul a fost distrus de procesul&#8230;<\/a><\/h3>\n<div class=\"td-module-meta-info\"><span class=\"td-post-date\"><time class=\"entry-date updated td-module-date\" datetime=\"2026-08-24T11:50:15+03:00\">24\/08\/2026<\/time><\/span><\/div>\n<\/div>\n<\/div>\n<\/div>\n<div class=\"td-block-span12\">\n<div class=\"td_module_6 td_module_wrap td-animation-stack\">\n<div class=\"td-module-thumb\"><a href=\"https:\/\/r3media.ro\/apel-umanitar-diana-ciceu-scolioza-apel-umanitar\/\" rel=\"bookmark\" class=\"td-image-wrap \" title=\"Apel umanitar: La 13 ani, Diana are o scolioz\u0103 de 108 grade. Dou\u0103 opera\u021bii o pot salva, dar cost\u0103 120.000 de euro\"><img loading=\"lazy\" decoding=\"async\" class=\"entry-thumb\" src=\"https:\/\/r3media.ro\/wp-content\/uploads\/2026\/08\/diana-ciceu-salveaza-o-inima-100x70.jpg\" alt title=\"Apel umanitar: La 13 ani, Diana are o scolioz\u0103 de 108 grade. Dou\u0103 opera\u021bii o pot salva, dar cost\u0103 120.000 de euro\" width=\"100\" height=\"70\"><\/a><\/div>\n<div class=\"item-details\">\n<h3 class=\"entry-title td-module-title\"><a href=\"https:\/\/r3media.ro\/apel-umanitar-diana-ciceu-scolioza-apel-umanitar\/\" rel=\"bookmark\" title=\"Apel umanitar: La 13 ani, Diana are o scolioz\u0103 de 108 grade. Dou\u0103 opera\u021bii o pot salva, dar cost\u0103 120.000 de euro\">Apel umanitar: La 13 ani, Diana are o scolioz\u0103 de 108&#8230;<\/a><\/h3>\n<div class=\"td-module-meta-info\"><span class=\"td-post-date\"><time class=\"entry-date updated td-module-date\" datetime=\"2026-08-24T11:07:31+03:00\">24\/08\/2026<\/time><\/span><\/div>\n<\/div>\n<\/div>\n<\/div>\n<div class=\"td-block-span12\">\n<div class=\"td_module_6 td_module_wrap td-animation-stack\">\n<div class=\"td-module-thumb\"><a href=\"https:\/\/r3media.ro\/cum-a-fost-la-marea-revolutie-din-octombrie-sorry-august\/\" rel=\"bookmark\" class=\"td-image-wrap \" title=\"Cum a fost la marea revolu\u021bie din octombrie. Sorry, august!\"><img loading=\"lazy\" decoding=\"async\" class=\"entry-thumb\" src=\"https:\/\/r3media.ro\/wp-content\/uploads\/2026\/08\/Protest-pro-Fritz-1-980x735-1-100x70.jpg\" alt title=\"Cum a fost la marea revolu\u021bie din octombrie. Sorry, august!\" width=\"100\" height=\"70\"><\/a><\/div>\n<div class=\"item-details\">\n<h3 class=\"entry-title td-module-title\"><a href=\"https:\/\/r3media.ro\/cum-a-fost-la-marea-revolutie-din-octombrie-sorry-august\/\" rel=\"bookmark\" title=\"Cum a fost la marea revolu\u021bie din octombrie. Sorry, august!\">Cum a fost la marea revolu\u021bie din octombrie. Sorry, august!<\/a><\/h3>\n<div class=\"td-module-meta-info\"><span class=\"td-post-date\"><time class=\"entry-date updated td-module-date\" datetime=\"2026-08-24T10:32:31+03:00\">24\/08\/2026<\/time><\/span><\/div>\n<\/div>\n<\/div>\n<\/div>\n<div class=\"td-block-span12\">\n<div class=\"td_module_6 td_module_wrap td-animation-stack\">\n<div class=\"td-module-thumb\"><a href=\"https:\/\/r3media.ro\/lebedele-urate-sf-ul-fratilor-strugatki-in-cinema\/\" rel=\"bookmark\" class=\"td-image-wrap \" title=\"Lebedele ur\u00e2te \u2014 SF-ul fra\u021bilor Struga\u021bki \u00een cinema\"><img loading=\"lazy\" decoding=\"async\" class=\"entry-thumb\" src=\"https:\/\/r3media.ro\/wp-content\/uploads\/2026\/08\/uglyw-swans-2006-100x70.jpg\" alt title=\"Lebedele ur\u00e2te \u2014 SF-ul fra\u021bilor Struga\u021bki \u00een cinema\" width=\"100\" height=\"70\"><\/a><\/div>\n<div class=\"item-details\">\n<h3 class=\"entry-title td-module-title\"><a href=\"https:\/\/r3media.ro\/lebedele-urate-sf-ul-fratilor-strugatki-in-cinema\/\" rel=\"bookmark\" title=\"Lebedele ur\u00e2te \u2014 SF-ul fra\u021bilor Struga\u021bki \u00een cinema\">Lebedele ur\u00e2te \u2014 SF-ul fra\u021bilor Struga\u021bki \u00een cinema<\/a><\/h3>\n<div class=\"td-module-meta-info\"><span class=\"td-post-date\"><time class=\"entry-date updated td-module-date\" datetime=\"2026-08-24T10:23:42+03:00\">24\/08\/2026<\/time><\/span><\/div>\n<\/div>\n<\/div>\n<\/div>\n<div class=\"td-block-span12\">\n<div class=\"td_module_6 td_module_wrap td-animation-stack\">\n<div class=\"td-module-thumb\"><a href=\"https:\/\/r3media.ro\/closca\/\" rel=\"bookmark\" class=\"td-image-wrap \" title=\"Clo\u0219ca\"><img loading=\"lazy\" decoding=\"async\" class=\"entry-thumb\" src=\"https:\/\/r3media.ro\/wp-content\/uploads\/2026\/08\/cei_12_apostoli-890x628-1-100x70.jpg\" alt title=\"Clo\u0219ca\" width=\"100\" height=\"70\"><\/a><\/div>\n<div class=\"item-details\">\n<h3 class=\"entry-title td-module-title\"><a href=\"https:\/\/r3media.ro\/closca\/\" rel=\"bookmark\" title=\"Clo\u0219ca\">Clo\u0219ca<\/a><\/h3>\n<div class=\"td-module-meta-info\"><span class=\"td-post-date\"><time class=\"entry-date updated td-module-date\" datetime=\"2026-08-24T09:35:33+03:00\">24\/08\/2026<\/time><\/span><\/div>\n<\/div>\n<\/div>\n<\/div>\n<\/div>\n<\/div>\n<aside class=\"td_block_template_1 widget widget_recent_comments\">\n<h4 class=\"block-title\"><span>INTR\u0102 \u00ceN DISCU\u021aIE!<\/span><\/h4>\n<ul id=\"recentcomments\">\n<li class=\"recentcomments\"><span class=\"comment-author-link\">Nicu<\/span> la <a href=\"https:\/\/r3media.ro\/asociatia-parakletos-ong-banci-franci-elvetieni\/#comment-40409\">Asocia\u021bia Parakletos a disp\u0103rut, oficial. ONG-ul a fost distrus de procesul contra b\u0103ncilor care oferiser\u0103 credite \u00een franci elve\u021bieni<\/a><\/li>\n<li class=\"recentcomments\"><span class=\"comment-author-link\">George<\/span> la <a href=\"https:\/\/r3media.ro\/cum-a-fost-la-marea-revolutie-din-octombrie-sorry-august\/#comment-40408\">Cum a fost la marea revolu\u021bie din octombrie. Sorry, august!<\/a><\/li>\n<li class=\"recentcomments\"><span class=\"comment-author-link\">Nicu<\/span> la <a href=\"https:\/\/r3media.ro\/panica-totala-supermarket-scotia-incendiu-provocat-masina-electrica\/#comment-40407\">VIDEO | \u201ePanic\u0103 total\u0103\u201d \u00eentr-un supermarket din Sco\u021bia din cauza unui incendiu provocat cel mai probabil de o ma\u0219in\u0103 electric\u0103<\/a><\/li>\n<li class=\"recentcomments\"><span class=\"comment-author-link\">Megdonia<\/span> la <a href=\"https:\/\/r3media.ro\/drona-aeriana-incarcata-explozibil-ajunsa-plaja-tuzla-ucraineana\/#comment-40406\">VIDEO | O dron\u0103 aerian\u0103 \u00eenc\u0103rcat\u0103 cu explozibil \u0219i ajuns\u0103 pe plaja Tuzla s-a dovedit a fi ucrainean\u0103<\/a><\/li>\n<li class=\"recentcomments\"><span class=\"comment-author-link\">Mihaela D\u00e2ru<\/span> la <a href=\"https:\/\/r3media.ro\/europenii-acumuleaza-numerar-bce-bani-fizici-cetateni-avans-plati-electronice\/#comment-40405\">Europenii acumuleaz\u0103 din ce \u00een ce mai mult numerar. BCE constat\u0103 c\u0103 banii fizici r\u0103m\u00e2n esen\u021biali pentru cet\u0103\u021beni, \u00een ciuda avansului pl\u0103\u021bilor electronice<\/a><\/li>\n<li class=\"recentcomments\"><span class=\"comment-author-link\">Nicu<\/span> la <a href=\"https:\/\/r3media.ro\/drona-aeriana-incarcata-explozibil-ajunsa-plaja-tuzla-ucraineana\/#comment-40404\">VIDEO | O dron\u0103 aerian\u0103 \u00eenc\u0103rcat\u0103 cu explozibil \u0219i ajuns\u0103 pe plaja Tuzla s-a dovedit a fi ucrainean\u0103<\/a><\/li>\n<li class=\"recentcomments\"><span class=\"comment-author-link\">B<\/span> la <a href=\"https:\/\/r3media.ro\/intre-furtuni-perfecte\/#comment-40403\">\u00centre furtuni perfecte<\/a><\/li>\n<\/ul>\n<\/aside>\n<aside class=\"td_block_template_1 widget widget_search\">\n<h4 class=\"block-title\"><span>CAUT\u0102 \u0218I VEI G\u0102SI<\/span><\/h4>\n<\/aside>\n<\/div>\n<\/div>\n<\/div>\n<\/div>\n<\/div>\n<\/div>\n<\/div>\n<p><span class=\"td-page-meta\"><\/span><span class=\"td-page-meta\"><span class=\"td-page-meta\"><\/span><\/span><span class=\"td-page-meta\"><\/span><\/article>\n<\/p>\n<div class=\"td_block_wrap tdb_single_content tdi_20 td-pb-border-top td_block_template_1 td-post-content tagdiv-type\" data-td-block-uid=\"tdi_20\">\n<div class=\"tdb-block-inner td-fix-index\">\n<p><strong>Orlando Nicoar\u0103, patronul Prima TV \u0219i unul dintre cei mai influen\u021bi oameni din Rom\u00e2nia, a scris c\u0103 \u201emargarin\u0103 vs unt\u201d a fost o \u201ecampanie executat\u0103 perfect\u201d, care ar fi trebuit s\u0103 \u021binteasc\u0103 spre suverani\u0219ti, dar a nimerit la hipsteri.<\/strong><\/p>\n<p>\u00centr-o postare de pe<a href=\"https:\/\/www.facebook.com\/orlando.nicoara\/posts\/pfbid0ny6c6gXGUvHCvssy6AZqKYkJp7hyehuijzqUwNwDwFyzqJAoLAHoGL5ytAAHoeNAl\" target=\"_blank\" rel=\"noopener\"> pagina sa de facebook<\/a>, Nicoar\u0103 a afirmat c\u0103 tot scandalul iscat pe tema afirma\u021biilor patronului de la \u201eMi\u021ba biciclista\u201d a fost \u201esupapa perfect\u0103\u201d.<\/p>\n<p>Doar c\u0103, \u00een loc s\u0103 ating\u0103 \u021binta suverani\u0219tilor, a ajuns la hipsteri.<\/p>\n<p><em>\u201eMargarina vs unt<\/em> e genul de campanie executat\u0103 perfect, dar pe un target diferit.<\/p>\n<p>Mi\u021bu biciclistul a fost lovit, \u0219i cu st\u00e2nga \u0219i cu dreapta, \u0219i de jos \u0219i de sus, \u0219i din fata \u0219i pe la spate, ironizat, scuipat, \u00eenjurat, cu creativitate sau brutal. Conform briefului.<\/p>\n<p>Supapa perfect\u0103, s-a eliberat mult\u0103 tensiune, creativitatea maxim\u0103, rezultatul excep\u021bional.<\/p>\n<p>Doar c\u0103 brieful cerea s\u0103 se elibereze din tensiunea acumulat\u0103 \u00een societate \u00een r\u00e2ndul suverani\u0219tilor, nu al hipsterilor.<\/p>\n<p>PS. Dac\u0103 jum\u0103tate din energia consumata pe subiect ieri \u0219i azi ar fi canalizata pe subiecte care conteaz\u0103, \u021bara asta ar fi departe\u201d, a scris Nicoar\u0103.<\/p>\n<h2><strong>Context<\/strong><\/h2>\n<p>Orlando Nicoar\u0103 se refer\u0103 la scandalul izbucnit s\u0103pt\u0103m\u00e2na trecut\u0103.<\/p>\n<p>Edmond Niculu\u0219c\u0103, co-fondator \u0219i administrator al localului \u201eLa Mi\u021ba Biciclista\u201d din Pia\u021ba Amzei.<\/p>\n<p>Pe 21 august a publicat un reel despre tipologiile de consumatori, pornind de la citatul atribuit lui Brillat-Savarin, \u201espune-mi ce m\u0103n\u00e2nci \u0219i \u00ee\u021bi spun cine e\u0219ti\u201d, filmat chiar \u00een fa\u021ba Patiseriei Amzei a lui \u201enea Mihai\u201d, aflat\u0103 la vreo 150 de metri de local.<\/p>\n<p>Acesta a ironizat clientul convins c\u0103 cea mai bun\u0103 patiserie e cea de la col\u021bul blocului, spun\u00e2nd c\u0103 omul acela pare s\u0103 fi m\u00e2ncat toat\u0103 via\u021ba doar \u201emargarin\u0103 \u0219i sp\u0103rtur\u0103 de br\u00e2nz\u0103\u201d.<\/p>\n<p>A ad\u0103ugat c\u0103 to\u021bi am crescut cu margarin\u0103, dar c\u0103 p\u00e2n\u0103 nu gu\u0219ti untul, margarina r\u0103m\u00e2ne adev\u0103rul absolut \u2014 \u0219i c\u0103 omul acesta nu e singur, \u201ee o specie\u201d.<\/p>\n<p>Reac\u021bia a fost invers dec\u00e2t se a\u0219tepta: acuza\u021bii de elitism, un eveniment pe Facebook (\u201eSavur\u0103m o merdenea \u00een fa\u021b\u0103 La Mi\u021ba Biciclista\u201d) \u0219i cozi uria\u0219e la nea Mihai.<\/p>\n<p>Orlando Nicoar\u0103 este directorul firmei care de\u021bine drepturile TV \u00een Liga 1 \u0219i membru al board-ului Clever Media.<\/p>\n<p>Clever Media este\u00a0unul dintre cei mai mari juc\u0103tori din pia\u021ba media rom\u00e2neasc\u0103, \u00een portofoliul complet al acestuia intr\u00e2nd 18 canale TV (Prima TV, Prima TV Moldova, Prima Sport 1, Prima Sport 2, Prima Sport 3, Prima Sport 4, Prima Sport 5, Prima 4K, Prima News, Prima Comedy, Profit News, Agro TV, Cinemaraton, Cinemaraton Moldova, Prima History, Medika TV, Prima World, Nostalgia TV), 4 canale PPV Prima Sport \u0219i 10 site-uri (servuscluj.ro, primasport.ro, medikatv.ro, agro-tv.ro. profit.ro, primatv.ro, primanews.ro, primaplay.ro, cinemaraton.ro, primaworld.ro).<\/p>\n<\/div>\n<\/div>\n<p>[analyse_source url=&#8221;https:\/\/r3media.ro\/orlando-nicoara-primatv-margarina-vs-unt-merdenea-vs-croissant\/&#8221;]<\/p>\n","protected":false},"excerpt":{"rendered":"<p>[analyse_image type=&#8221;featured&#8221; src=&#8221;https:\/\/r3media.ro\/wp-content\/uploads\/2026\/08\/Patiseria-Amzei-1-1200&#215;1200-1-e1787588170655.jpghttps:\/\/r3media.ro\/wp-content\/uploads\/2026\/08\/Patiseria-Amzei-1-1200&#215;1200-1-e1787588170655.jpg&#8221;] FEATUREDOrlando Nicoar\u0103, patronul Prima TV, spune c\u0103 \u201eMargarin\u0103 vs unt\u201d a fost&#8230; FEATURED\u0218TIRI Orlando Nicoar\u0103, patronul Prima TV, spune c\u0103 \u201eMargarin\u0103 vs unt\u201d a fost o \u201ecampanie executat\u0103 perfect\u201d, care a \u021bintit suverani\u0219tii, dar a atins hipsterii Radu Ursan 24\/08\/2026 Sursa foto: Instagram Ad\u0103uga\u021bi R3media la sursele preferate din Google Orlando Nicoar\u0103, [&hellip;]<\/p>\n","protected":false},"author":1,"featured_media":0,"comment_status":"open","ping_status":"","sticky":false,"template":"","format":"standard","meta":{"footnotes":""},"categories":[89],"tags":[226,93],"class_list":["post-2109300","post","type-post","status-publish","format-standard","hentry","category-romania","tag-crawlmanager","tag-r3media-ro"],"_links":{"self":[{"href":"https:\/\/analyse.optim.biz\/index.php?rest_route=\/wp\/v2\/posts\/2109300","targetHints":{"allow":["GET"]}}],"collection":[{"href":"https:\/\/analyse.optim.biz\/index.php?rest_route=\/wp\/v2\/posts"}],"about":[{"href":"https:\/\/analyse.optim.biz\/index.php?rest_route=\/wp\/v2\/types\/post"}],"author":[{"embeddable":true,"href":"https:\/\/analyse.optim.biz\/index.php?rest_route=\/wp\/v2\/users\/1"}],"replies":[{"embeddable":true,"href":"https:\/\/analyse.optim.biz\/index.php?rest_route=%2Fwp%2Fv2%2Fcomments&post=2109300"}],"version-history":[{"count":0,"href":"https:\/\/analyse.optim.biz\/index.php?rest_route=\/wp\/v2\/posts\/2109300\/revisions"}],"wp:attachment":[{"href":"https:\/\/analyse.optim.biz\/index.php?rest_route=%2Fwp%2Fv2%2Fmedia&parent=2109300"}],"wp:term":[{"taxonomy":"category","embeddable":true,"href":"https:\/\/analyse.optim.biz\/index.php?rest_route=%2Fwp%2Fv2%2Fcategories&post=2109300"},{"taxonomy":"post_tag","embeddable":true,"href":"https:\/\/analyse.optim.biz\/index.php?rest_route=%2Fwp%2Fv2%2Ftags&post=2109300"}],"curies":[{"name":"wp","href":"https:\/\/api.w.org\/{rel}","templated":true}]}}