{"id":210929,"date":"2014-02-27T09:12:38","date_gmt":"2014-02-27T06:12:38","guid":{"rendered":"https:\/\/analyse.optim.biz\/?p=210929"},"modified":"2014-02-27T09:12:38","modified_gmt":"2014-02-27T06:12:38","slug":"interactiv-credeti-ca-vor-mai-urma-demisii-in-pnl","status":"publish","type":"post","link":"https:\/\/analyse.optim.biz\/?p=210929","title":{"rendered":"INTERACTIV. Crede\u0163i c\u0103 vor mai urma demisii \u00een PNL?"},"content":{"rendered":"<div class=\"entry data-app-meta data-app-meta-article\" data-embed-base-url-canonical=\"https:\/\/www.digi24.ro\/embed\/stiri\/actualitate\/politica\/interactiv-credeti-ca-vor-mai-urma-demisii-in-pnl-206726\">\n<p data-index=\"1\">\u00a0<img decoding=\"async\" src=\"https:\/\/analyse.optim.biz\/wp-content\/uploads\/2024\/09\/jmhhc2g9yjhjmmizzmqwyzqzowuymzizmzqym2fmyzlimdrlmmm-thumb_.jpg\" data-skip-htmlfix=\"1\" title=\"jmhhc2g9yjhjmmizzmqwyzqzowuymzizmzqym2fmyzlimdrlmmm-thumb_\"><\/p>\n<p data-index=\"2\">Acesta este \u015fi subiectul pe care Adriana Nedelea \u00eel va dezbate \u00een direct cu dumneavoastr\u0103, telespectatorii Digi24, la ora 15.00.<\/p>\n<p data-index=\"3\"><strong>Crede\u0163i c\u0103 vor mai urma demisii \u00een PNL?<\/strong><\/p>\n<p data-index=\"4\">R\u0103spunde\u021bi la \u00eentrebare pe site-ul nostru, la sec\u021biunea DigiVOX, l\u0103sa\u021bi-v\u0103 num\u0103rul de telefon \u0219i pute\u021bi intra \u00een direct la ora 15.00, cu Adriana Nedelea. De asemenea, v\u0103 a\u0219teptam comentariile pe site \u0219i pe pagina noastr\u0103 de Facebook.<\/p>\n<\/div>\n<p> Source URL: https:\/\/www.digi24.ro\/stiri\/actualitate\/politica\/interactiv-credeti-ca-vor-mai-urma-demisii-in-pnl-206726<\/p>\n","protected":false},"excerpt":{"rendered":"<p>\u00a0 Acesta este \u015fi subiectul pe care Adriana Nedelea \u00eel va dezbate \u00een direct cu dumneavoastr\u0103, telespectatorii Digi24, la ora 15.00. Crede\u0163i c\u0103 vor mai urma demisii \u00een PNL? R\u0103spunde\u021bi la \u00eentrebare pe site-ul nostru, la sec\u021biunea DigiVOX, l\u0103sa\u021bi-v\u0103 num\u0103rul de telefon \u0219i pute\u021bi intra \u00een direct la ora 15.00, cu Adriana Nedelea. De asemenea, [&hellip;]<\/p>\n","protected":false},"author":1,"featured_media":210930,"comment_status":"open","ping_status":"","sticky":false,"template":"","format":"standard","meta":{"footnotes":""},"categories":[2],"tags":[11],"class_list":["post-210929","post","type-post","status-publish","format-standard","has-post-thumbnail","hentry","category-politics","tag-digi24"],"_links":{"self":[{"href":"https:\/\/analyse.optim.biz\/index.php?rest_route=\/wp\/v2\/posts\/210929","targetHints":{"allow":["GET"]}}],"collection":[{"href":"https:\/\/analyse.optim.biz\/index.php?rest_route=\/wp\/v2\/posts"}],"about":[{"href":"https:\/\/analyse.optim.biz\/index.php?rest_route=\/wp\/v2\/types\/post"}],"author":[{"embeddable":true,"href":"https:\/\/analyse.optim.biz\/index.php?rest_route=\/wp\/v2\/users\/1"}],"replies":[{"embeddable":true,"href":"https:\/\/analyse.optim.biz\/index.php?rest_route=%2Fwp%2Fv2%2Fcomments&post=210929"}],"version-history":[{"count":0,"href":"https:\/\/analyse.optim.biz\/index.php?rest_route=\/wp\/v2\/posts\/210929\/revisions"}],"wp:featuredmedia":[{"embeddable":true,"href":"https:\/\/analyse.optim.biz\/index.php?rest_route=\/wp\/v2\/media\/210930"}],"wp:attachment":[{"href":"https:\/\/analyse.optim.biz\/index.php?rest_route=%2Fwp%2Fv2%2Fmedia&parent=210929"}],"wp:term":[{"taxonomy":"category","embeddable":true,"href":"https:\/\/analyse.optim.biz\/index.php?rest_route=%2Fwp%2Fv2%2Fcategories&post=210929"},{"taxonomy":"post_tag","embeddable":true,"href":"https:\/\/analyse.optim.biz\/index.php?rest_route=%2Fwp%2Fv2%2Ftags&post=210929"}],"curies":[{"name":"wp","href":"https:\/\/api.w.org\/{rel}","templated":true}]}}