{"id":2109289,"date":"2026-08-23T16:02:12","date_gmt":"2026-08-23T13:02:12","guid":{"rendered":"https:\/\/analyse.optim.biz\/?p=2109289"},"modified":"2026-08-23T16:02:12","modified_gmt":"2026-08-23T13:02:12","slug":"investitie-cu-bucluc-in-industria-de-reciclare","status":"publish","type":"post","link":"https:\/\/analyse.optim.biz\/?p=2109289","title":{"rendered":"Investi\u021bie\u00a0 cu bucluc \u00een industria de reciclare"},"content":{"rendered":"<p>[analyse_image type=&#8221;featured&#8221; src=&#8221;https:\/\/revistaverde.ro\/wp-content\/uploads\/2026\/08\/ABS.jpg&#8221;]<\/p>\n<article id=\"post-15848\" class=\"post-15848 post type-post status-publish format-standard has-post-thumbnail hentry category-eco-tiri category-evnimente category-international\">\n<header class=\"entry-header mh-clearfix\">\n<h1 class=\"entry-title\">Investi\u021bie\u00a0 cu bucluc \u00een industria de reciclare<\/h1>\n<p class=\"mh-meta entry-meta\"><span class=\"entry-meta-date updated\"><a href=\"https:\/\/revistaverde.ro\/2026\/08\/\">august 23, 2026<\/a><\/span><span class=\"entry-meta-author author vcard\"><a class=\"fn\" href=\"https:\/\/revistaverde.ro\/author\/revistaverdefrumoasa2017\/\">M\u0103rg\u0103rit GROSU<\/a><\/span><span class=\"entry-meta-categories\"><a href=\"https:\/\/revistaverde.ro\/category\/local\/eco-tiri\/\" rel=\"category tag\">Eco \u015etiri<\/a>, <a href=\"https:\/\/revistaverde.ro\/category\/local\/evnimente\/\" rel=\"category tag\">Evenimente<\/a>, <a href=\"https:\/\/revistaverde.ro\/category\/international\/\" rel=\"category tag\">international<\/a><\/span><span class=\"entry-meta-comments\"><a class=\"mh-comment-scroll\" href=\"https:\/\/revistaverde.ro\/2026\/08\/23\/investitie-cu-bucluc-in-industria-de-reciclare\/#mh-comments\">0<\/a><\/span><\/p>\n<\/header>\n<div class=\"entry-content mh-clearfix\">\n<figure class=\"entry-thumbnail\"><img decoding=\"async\" src=\"https:\/\/revistaverde.ro\/wp-content\/uploads\/2026\/08\/ABS-678x381.jpg\" alt title=\"ABS\"><\/figure>\n<p>O fabric\u0103 de reciclare a sticlei a fost inaugurat\u0103 la Buz\u0103u, \u00een prezen\u021ba primarului Constantin Toma \u0219i a vicepre\u0219edintelui Consiliului Jude\u021bean Buz\u0103u, Adrian Petre. Investi\u021bia este de 7,4 milioane de euro \u0219i a fost sus\u021binut\u0103 din PNRR\u00a0 \u0219i Fondul de Mediu, dup\u0103 cum afirm\u0103 organizatorii evenimentului. Necesitatea acestei investi\u021bii pentru jude\u021bul Buz\u0103u \u0219i pentru Rom\u00e2nia este cov\u00e2r\u0219itoare, dup\u0103 cum afirm\u0103 conducerea societ\u0103\u021bii de reciclare, iar suma colosal\u0103 ce a fost primit\u0103 drept ajutor financiar de la stat \u0219i UE, justific\u0103 discursul. Pe teren lucrurile stau \u00eens\u0103 cu totul altfel. \u00cen primul r\u00e2nd poten\u021bialul de materie prim\u0103 pentru activitatea unei astfel de societ\u0103\u021bi nu prea justific\u0103 investi\u021bia. MSD, o firm\u0103 de renume, cu o mare capacitate de procesare a de\u0219eurilor din sticl\u0103, nu prea are materie prim\u0103. \u00cen al doilea r\u00e2nd, firma\u00a0 a intrat \u00eentr-un litigiu cu proprietarul terenului pe care este amplasat\u0103 investi\u021bia, ceea ce a creat o stare de tensiune \u00een societatea civil\u0103.<\/p>\n<p>Prin mesajul s\u0103u postat pe pagina sa de socializare, vicepre\u0219edintele Consiliului Jude\u021bean Buz\u0103u, Adrian Petre, spune:<\/p>\n<p>\u201dAm participat ast\u0103zi la inaugurarea ABS 2000 Glass Recycling Plant, o investi\u021bie de aproximativ 7,4 milioane de euro, dedicat\u0103 recicl\u0103rii sticlei \u0219i dezvolt\u0103rii economiei circulare.<\/p>\n<p>Inaugurarea a fost urmat\u0103 de PRIA Glass Recycling Forum, un bun prilej pentru reprezentan\u021bi ai industriei, autorit\u0103\u021bi \u0219i mediul de afaceri din Rom\u00e2nia, Republica Moldova \u0219i Bulgaria s\u0103 discute despre reciclare, investi\u021bii, tehnologii moderne \u0219i despre cum putem valorifica mai bine resursele pe care le avem.<\/p>\n<p>Pentru Buz\u0103u, astfel de investi\u021bii \u00eenseamn\u0103 activitate economic\u0103 \u0219i noi locuri de munc\u0103. \u00censeamn\u0103 \u0219i un ora\u0219 care se dezvolt\u0103 \u0219i se conecteaz\u0103 la direc\u021biile importante ale economiei europene.<\/p>\n<p>Felicit ABS 2000 \u0219i PRIAevents pentru organizarea evenimentului \u0219i pentru alegerea Buz\u0103ului ca loc pentru o investi\u021bie at\u00e2t de important\u0103 pentru viitor\u201d.<\/p>\n<p>Ca \u0219i primarul Constantin Toma, Adrian Petre consider\u0103 c\u0103 a fi ecologist \u0219i a sus\u021bine economia circular\u0103, \u00eenseamn\u0103 ca Buz\u0103ul s\u0103 fie transformat \u00eentr-un centru de reciclare a de\u0219eurilor din \u00eentreaga \u021bar\u0103 sau chiar din \u00eentreaga lume. \u0218i asta pentru c\u00e2teva locuri de munc\u0103.<\/p>\n<p>REVENIM!<\/p>\n<div class=\"col-md-2 col-sm-4 col-xs-4\"> .col-md-2 { float:left; width: 16.6667%; } <\/div>\n<div class=\"col-md-2 col-sm-4 col-xs-4\"> .col-md-2 { float:left; width: 16.6667%; } <\/p>\n<div class=\"fb-share-button\" data-href=\"https:\/\/revistaverde.ro\/2026\/08\/23\/investitie-cu-bucluc-in-industria-de-reciclare\/\" data-layout=\"button\" data-size=\"large\" data-mobile-iframe=\"true\"><a class=\"fb-xfbml-parse-ignore\" target=\"_blank\" href=\"https:\/\/www.facebook.com\/sharer\/sharer.php?u=https%3A%2F%2Frevistaverde.ro%2F2026%2F08%2F23%2Finvestitie-cu-bucluc-in-industria-de-reciclare%2F&amp;src=sdkpreparse\">Share<\/a><\/div>\n<\/div>\n<div class=\"col-md-2 col-sm-4 col-xs-4\"> .col-md-2 { float:left; width: 16.6667%; } <\/div>\n<\/div>\n<\/article>\n<div class=\"entry-content mh-clearfix\">\n<figure class=\"entry-thumbnail\"><img decoding=\"async\" src=\"https:\/\/revistaverde.ro\/wp-content\/uploads\/2026\/08\/ABS-678x381.jpg\" alt title=\"ABS\"><\/figure>\n<p>O fabric\u0103 de reciclare a sticlei a fost inaugurat\u0103 la Buz\u0103u, \u00een prezen\u021ba primarului Constantin Toma \u0219i a vicepre\u0219edintelui Consiliului Jude\u021bean Buz\u0103u, Adrian Petre. Investi\u021bia este de 7,4 milioane de euro \u0219i a fost sus\u021binut\u0103 din PNRR\u00a0 \u0219i Fondul de Mediu, dup\u0103 cum afirm\u0103 organizatorii evenimentului. Necesitatea acestei investi\u021bii pentru jude\u021bul Buz\u0103u \u0219i pentru Rom\u00e2nia este cov\u00e2r\u0219itoare, dup\u0103 cum afirm\u0103 conducerea societ\u0103\u021bii de reciclare, iar suma colosal\u0103 ce a fost primit\u0103 drept ajutor financiar de la stat \u0219i UE, justific\u0103 discursul. Pe teren lucrurile stau \u00eens\u0103 cu totul altfel. \u00cen primul r\u00e2nd poten\u021bialul de materie prim\u0103 pentru activitatea unei astfel de societ\u0103\u021bi nu prea justific\u0103 investi\u021bia. MSD, o firm\u0103 de renume, cu o mare capacitate de procesare a de\u0219eurilor din sticl\u0103, nu prea are materie prim\u0103. \u00cen al doilea r\u00e2nd, firma\u00a0 a intrat \u00eentr-un litigiu cu proprietarul terenului pe care este amplasat\u0103 investi\u021bia, ceea ce a creat o stare de tensiune \u00een societatea civil\u0103.<\/p>\n<p>Prin mesajul s\u0103u postat pe pagina sa de socializare, vicepre\u0219edintele Consiliului Jude\u021bean Buz\u0103u, Adrian Petre, spune:<\/p>\n<p>\u201dAm participat ast\u0103zi la inaugurarea ABS 2000 Glass Recycling Plant, o investi\u021bie de aproximativ 7,4 milioane de euro, dedicat\u0103 recicl\u0103rii sticlei \u0219i dezvolt\u0103rii economiei circulare.<\/p>\n<p>Inaugurarea a fost urmat\u0103 de PRIA Glass Recycling Forum, un bun prilej pentru reprezentan\u021bi ai industriei, autorit\u0103\u021bi \u0219i mediul de afaceri din Rom\u00e2nia, Republica Moldova \u0219i Bulgaria s\u0103 discute despre reciclare, investi\u021bii, tehnologii moderne \u0219i despre cum putem valorifica mai bine resursele pe care le avem.<\/p>\n<p>Pentru Buz\u0103u, astfel de investi\u021bii \u00eenseamn\u0103 activitate economic\u0103 \u0219i noi locuri de munc\u0103. \u00censeamn\u0103 \u0219i un ora\u0219 care se dezvolt\u0103 \u0219i se conecteaz\u0103 la direc\u021biile importante ale economiei europene.<\/p>\n<p>Felicit ABS 2000 \u0219i PRIAevents pentru organizarea evenimentului \u0219i pentru alegerea Buz\u0103ului ca loc pentru o investi\u021bie at\u00e2t de important\u0103 pentru viitor\u201d.<\/p>\n<p>Ca \u0219i primarul Constantin Toma, Adrian Petre consider\u0103 c\u0103 a fi ecologist \u0219i a sus\u021bine economia circular\u0103, \u00eenseamn\u0103 ca Buz\u0103ul s\u0103 fie transformat \u00eentr-un centru de reciclare a de\u0219eurilor din \u00eentreaga \u021bar\u0103 sau chiar din \u00eentreaga lume. \u0218i asta pentru c\u00e2teva locuri de munc\u0103.<\/p>\n<p>REVENIM!<\/p>\n<div class=\"col-md-2 col-sm-4 col-xs-4\"> .col-md-2 { float:left; width: 16.6667%; } <\/div>\n<div class=\"col-md-2 col-sm-4 col-xs-4\"> .col-md-2 { float:left; width: 16.6667%; } <\/p>\n<div class=\"fb-share-button\" data-href=\"https:\/\/revistaverde.ro\/2026\/08\/23\/investitie-cu-bucluc-in-industria-de-reciclare\/\" data-layout=\"button\" data-size=\"large\" data-mobile-iframe=\"true\"><a class=\"fb-xfbml-parse-ignore\" target=\"_blank\" href=\"https:\/\/www.facebook.com\/sharer\/sharer.php?u=https%3A%2F%2Frevistaverde.ro%2F2026%2F08%2F23%2Finvestitie-cu-bucluc-in-industria-de-reciclare%2F&amp;src=sdkpreparse\">Share<\/a><\/div>\n<\/div>\n<div class=\"col-md-2 col-sm-4 col-xs-4\"> .col-md-2 { float:left; width: 16.6667%; } <\/div>\n<\/div>\n<p>[analyse_source url=&#8221;https:\/\/revistaverde.ro\/2026\/08\/23\/investitie-cu-bucluc-in-industria-de-reciclare\/&#8221;]<\/p>\n","protected":false},"excerpt":{"rendered":"<p>[analyse_image type=&#8221;featured&#8221; src=&#8221;https:\/\/revistaverde.ro\/wp-content\/uploads\/2026\/08\/ABS.jpg&#8221;] Investi\u021bie\u00a0 cu bucluc \u00een industria de reciclare august 23, 2026M\u0103rg\u0103rit GROSUEco \u015etiri, Evenimente, international0 O fabric\u0103 de reciclare a sticlei a fost inaugurat\u0103 la Buz\u0103u, \u00een prezen\u021ba primarului Constantin Toma \u0219i a vicepre\u0219edintelui Consiliului Jude\u021bean Buz\u0103u, Adrian Petre. Investi\u021bia este de 7,4 milioane de euro \u0219i a fost sus\u021binut\u0103 din PNRR\u00a0 \u0219i [&hellip;]<\/p>\n","protected":false},"author":1,"featured_media":0,"comment_status":"open","ping_status":"","sticky":false,"template":"","format":"standard","meta":{"footnotes":""},"categories":[2],"tags":[226,57],"class_list":["post-2109289","post","type-post","status-publish","format-standard","hentry","category-politics","tag-crawlmanager","tag-revistaverde-ro"],"_links":{"self":[{"href":"https:\/\/analyse.optim.biz\/index.php?rest_route=\/wp\/v2\/posts\/2109289","targetHints":{"allow":["GET"]}}],"collection":[{"href":"https:\/\/analyse.optim.biz\/index.php?rest_route=\/wp\/v2\/posts"}],"about":[{"href":"https:\/\/analyse.optim.biz\/index.php?rest_route=\/wp\/v2\/types\/post"}],"author":[{"embeddable":true,"href":"https:\/\/analyse.optim.biz\/index.php?rest_route=\/wp\/v2\/users\/1"}],"replies":[{"embeddable":true,"href":"https:\/\/analyse.optim.biz\/index.php?rest_route=%2Fwp%2Fv2%2Fcomments&post=2109289"}],"version-history":[{"count":0,"href":"https:\/\/analyse.optim.biz\/index.php?rest_route=\/wp\/v2\/posts\/2109289\/revisions"}],"wp:attachment":[{"href":"https:\/\/analyse.optim.biz\/index.php?rest_route=%2Fwp%2Fv2%2Fmedia&parent=2109289"}],"wp:term":[{"taxonomy":"category","embeddable":true,"href":"https:\/\/analyse.optim.biz\/index.php?rest_route=%2Fwp%2Fv2%2Fcategories&post=2109289"},{"taxonomy":"post_tag","embeddable":true,"href":"https:\/\/analyse.optim.biz\/index.php?rest_route=%2Fwp%2Fv2%2Ftags&post=2109289"}],"curies":[{"name":"wp","href":"https:\/\/api.w.org\/{rel}","templated":true}]}}