{"id":210918,"date":"2014-02-27T12:16:14","date_gmt":"2014-02-27T09:16:14","guid":{"rendered":"https:\/\/analyse.optim.biz\/?p=210918"},"modified":"2014-02-27T12:16:14","modified_gmt":"2014-02-27T09:16:14","slug":"crin-antonescu-intrebat-daca-va-demisiona-de-la-sefia-senatului-nu-am-niciun-motiv-sa-fac-spectacole-de-genul-celor-ale-domnului-geoana","status":"publish","type":"post","link":"https:\/\/analyse.optim.biz\/?p=210918","title":{"rendered":"Crin Antonescu, \u00eentrebat dac\u0103 va demisiona de la \u015fefia Senatului: Nu am niciun motiv s\u0103 fac spectacole de genul celor ale domnului Geoan\u0103"},"content":{"rendered":"<div class=\"entry data-app-meta data-app-meta-article\" data-embed-base-url-canonical=\"https:\/\/www.digi24.ro\/embed\/stiri\/actualitate\/politica\/crin-antonescu-intrebat-daca-va-demisiona-de-la-sefia-senatului-nu-am-niciun-motiv-sa-fac-spectacole-de-genul-celor-ale-domnului-geoana-206831\">\n<p data-index=\"1\"><strong>Crin Antonescu<\/strong> a declarat ast\u0103zi c\u0103 nu se cramponeaz\u0103 de func\u0163ia de \u015fef al Senatului, dar nici nu are motive s\u0103 demisioneze.<\/p>\n<p data-index=\"2\">\u201eNu am niciun motiv s\u0103 demisonez, nu am niciun motiv s\u0103 m\u0103 cramponez, s\u0103 fac ni\u015fte spectacole de genul celor ale domnului Geoan\u0103. \u00cen momentul \u00een care o forma\u0163iune, un grup parlamentar, cineva va pune oficial aceast\u0103 problem\u0103 v\u0103 voi comunica decizia mea. Nu m\u0103 crampoznez, dar nu am niciun motiv s\u0103 demisionez, nu am \u00eenc\u0103lcat cu nimic nici regulamentul, nici condi\u0163ia de \u015fef al Senatului\u201d, a declarat Crin Antonescu.<\/p>\n<p data-index=\"3\">\u015ei pre\u015fedintele Camerei Deputa\u0163ilor, <strong>Valeriu Zgonea<\/strong>, a fost<a href=\"https:\/\/www.digi24.ro\/Stiri\/Digi24\/Actualitate\/Politica\/Ar+trebui+sa+demisioneze+Crin+Antonescu+de+la+sefia+Senatului+Ra\" target=\"_blank\" data-skip-linkfix=\"1\" rel=\"noopener\"><strong> \u00eentrebat<\/strong>,<\/a> miercuri, dac\u0103 liderul PNL Crin Antonescu ar trebui s\u0103 demisioneze din func\u0163ia de pre\u015fedinte al Senatului, ca urmare a ie\u015firii PNL de la guvernare.<\/p>\n<p data-index=\"4\">\u201ePre\u015fedin\u0163ii Camerelor sunt ale\u015fi pe patru ani. \u00centotdeauna, atunci c\u00e2nd s-au f\u0103cut schimb\u0103ri majore \u00een ultimii zece ani \u015fi a ap\u0103rut acest joc politic cre\u00e2nd instabilitate la nivelul institu\u0163iei, el a fost \u00een limita Regulamentului \u015fi a deciziei Cur\u0163ii Constitu\u0163ionale\u201d, a spus Zgonea.<\/p>\n<h5>Victor Ponta: PSD nu va cere revocarea lui Crin Antonescu de la Senat<\/h5>\n<p data-index=\"5\">PSD nu va cere \u015fi nici nu va ini\u0163ia revocarea liderului PNL, Crin Antonescu, din func\u0163ia de pre\u015fedinte al Senatului, a declarat liderul PSD, premierul<strong> Victor Ponta<\/strong>.<\/p>\n<p data-index=\"6\">\u201eNoi nu vom cere revocarea domniei sale, a fost ales ca pre\u015fedinte al Senatului ca reprezentant al USL \u015fi noi nu vom cere \u015fi nu vom ini\u0163ia revocarea domniei sale\u201d, a spus Ponta.<\/p>\n<\/div>\n<p> Source URL: https:\/\/www.digi24.ro\/stiri\/actualitate\/politica\/crin-antonescu-intrebat-daca-va-demisiona-de-la-sefia-senatului-nu-am-niciun-motiv-sa-fac-spectacole-de-genul-celor-ale-domnului-geoana-206831<\/p>\n","protected":false},"excerpt":{"rendered":"<p>Crin Antonescu a declarat ast\u0103zi c\u0103 nu se cramponeaz\u0103 de func\u0163ia de \u015fef al Senatului, dar nici nu are motive s\u0103 demisioneze. \u201eNu am niciun motiv s\u0103 demisonez, nu am niciun motiv s\u0103 m\u0103 cramponez, s\u0103 fac ni\u015fte spectacole de genul celor ale domnului Geoan\u0103. \u00cen momentul \u00een care o forma\u0163iune, un grup parlamentar, cineva [&hellip;]<\/p>\n","protected":false},"author":1,"featured_media":210919,"comment_status":"open","ping_status":"","sticky":false,"template":"","format":"standard","meta":{"footnotes":""},"categories":[2],"tags":[11],"class_list":["post-210918","post","type-post","status-publish","format-standard","has-post-thumbnail","hentry","category-politics","tag-digi24"],"_links":{"self":[{"href":"https:\/\/analyse.optim.biz\/index.php?rest_route=\/wp\/v2\/posts\/210918","targetHints":{"allow":["GET"]}}],"collection":[{"href":"https:\/\/analyse.optim.biz\/index.php?rest_route=\/wp\/v2\/posts"}],"about":[{"href":"https:\/\/analyse.optim.biz\/index.php?rest_route=\/wp\/v2\/types\/post"}],"author":[{"embeddable":true,"href":"https:\/\/analyse.optim.biz\/index.php?rest_route=\/wp\/v2\/users\/1"}],"replies":[{"embeddable":true,"href":"https:\/\/analyse.optim.biz\/index.php?rest_route=%2Fwp%2Fv2%2Fcomments&post=210918"}],"version-history":[{"count":0,"href":"https:\/\/analyse.optim.biz\/index.php?rest_route=\/wp\/v2\/posts\/210918\/revisions"}],"wp:featuredmedia":[{"embeddable":true,"href":"https:\/\/analyse.optim.biz\/index.php?rest_route=\/wp\/v2\/media\/210919"}],"wp:attachment":[{"href":"https:\/\/analyse.optim.biz\/index.php?rest_route=%2Fwp%2Fv2%2Fmedia&parent=210918"}],"wp:term":[{"taxonomy":"category","embeddable":true,"href":"https:\/\/analyse.optim.biz\/index.php?rest_route=%2Fwp%2Fv2%2Fcategories&post=210918"},{"taxonomy":"post_tag","embeddable":true,"href":"https:\/\/analyse.optim.biz\/index.php?rest_route=%2Fwp%2Fv2%2Ftags&post=210918"}],"curies":[{"name":"wp","href":"https:\/\/api.w.org\/{rel}","templated":true}]}}